{"id":43210,"date":"2026-09-01T12:07:51","date_gmt":"2026-09-01T15:07:51","guid":{"rendered":"https:\/\/www.sportchaco.com.ar\/?p=43210"},"modified":"2026-09-01T12:07:51","modified_gmt":"2026-09-01T15:07:51","slug":"juan-mattana-representara-al-pais-en-un-intercambio-internacional-en-brasil","status":"publish","type":"post","link":"https:\/\/www.sportchaco.com.ar\/?p=43210","title":{"rendered":"Juan Mattana representar\u00e1 al pa\u00eds en un intercambio internacional en Brasil"},"content":{"rendered":"<p><strong>01-09-2026<\/strong><\/p>\n<p><img loading=\"lazy\" decoding=\"async\" class=\"aligncenter size-full wp-image-34124\" src=\"https:\/\/www.sportchaco.com.ar\/wp-content\/uploads\/2026\/03\/Agua-Segura_728x90-29.gif\" alt=\"\" width=\"726\" height=\"90\" \/><\/p>\n<p>El deporte adaptado de la provincia suma un nuevo motivo de celebraci\u00f3n. El deportista oriundo de Pampa del Indio, Juan Mattana, dio un paso clave en su carrera tras confirmarse su convocatoria oficial por parte de la Asociaci\u00f3n Paravoleibol Argentina para participar de una importante experiencia formativa y competitiva en el exterior.<\/p>\n<p>El jugador, cuya formaci\u00f3n deportiva dio sus primeros pasos y se fortaleci\u00f3 en la Fundaci\u00f3n Desocha, viajar\u00e1 a tierras brasile\u00f1as para formar parte del Intercambio Internacional con la Selecci\u00f3n Brasile\u00f1a Masculina Sub-23.<br \/>\nLa cita tendr\u00e1 lugar entre el 24 de septiembre y el 1 de octubre en la ciudad de Suzano, estado de S\u00e3o Paulo, Brasil.<\/p>\n<p><img loading=\"lazy\" decoding=\"async\" class=\"aligncenter size-large wp-image-43213\" src=\"https:\/\/www.sportchaco.com.ar\/wp-content\/uploads\/2026\/09\/IMG-20260901-WA0003-1024x889.jpg\" alt=\"\" width=\"1024\" height=\"889\" srcset=\"https:\/\/www.sportchaco.com.ar\/wp-content\/uploads\/2026\/09\/IMG-20260901-WA0003-1024x889.jpg 1024w, https:\/\/www.sportchaco.com.ar\/wp-content\/uploads\/2026\/09\/IMG-20260901-WA0003-300x260.jpg 300w, https:\/\/www.sportchaco.com.ar\/wp-content\/uploads\/2026\/09\/IMG-20260901-WA0003-768x666.jpg 768w, https:\/\/www.sportchaco.com.ar\/wp-content\/uploads\/2026\/09\/IMG-20260901-WA0003.jpg 1081w\" sizes=\"auto, (max-width: 1024px) 100vw, 1024px\" \/><\/p>\n<p><strong>Detalles del encuentro internacional<\/strong><br \/>\nLa convocatoria busca fortalecer el rendimiento y la preparaci\u00f3n de las j\u00f3venes promesas de esta disciplina. Durante la estad\u00eda en suelo paulista, la delegaci\u00f3n nacional participar\u00e1 de:<\/p>\n<p>Jornadas de entrenamiento conjunto junto a los planteles juveniles locales.<br \/>\nPartidos amistosos orientados a sumar roce competitivo internacional.<br \/>\nIntercambio t\u00e9cnico y de vivencias entre los planteles y cuerpos t\u00e9cnicos de ambos pa\u00edses.<\/p>\n<p><img loading=\"lazy\" decoding=\"async\" class=\"aligncenter size-large wp-image-43212\" src=\"https:\/\/www.sportchaco.com.ar\/wp-content\/uploads\/2026\/09\/IMG-20260901-WA0004-1024x682.jpg\" alt=\"\" width=\"1024\" height=\"682\" srcset=\"https:\/\/www.sportchaco.com.ar\/wp-content\/uploads\/2026\/09\/IMG-20260901-WA0004-1024x682.jpg 1024w, https:\/\/www.sportchaco.com.ar\/wp-content\/uploads\/2026\/09\/IMG-20260901-WA0004-300x200.jpg 300w, https:\/\/www.sportchaco.com.ar\/wp-content\/uploads\/2026\/09\/IMG-20260901-WA0004-768x512.jpg 768w, https:\/\/www.sportchaco.com.ar\/wp-content\/uploads\/2026\/09\/IMG-20260901-WA0004-1536x1023.jpg 1536w, https:\/\/www.sportchaco.com.ar\/wp-content\/uploads\/2026\/09\/IMG-20260901-WA0004.jpg 1600w\" sizes=\"auto, (max-width: 1024px) 100vw, 1024px\" \/><\/p>\n<p><strong>Un trayecto con sello local<\/strong><br \/>\nEl crecimiento de Juan Mattana refleja el impacto del trabajo de base de la Fundaci\u00f3n Desocha, instituci\u00f3n que promueve el desarrollo, entrenamiento e inclusi\u00f3n a trav\u00e9s del deporte adaptado en la regi\u00f3n. Su llamado a vestir la camiseta celeste y blanca ratifica el valor del esfuerzo continuo, representando con altura no solo a Pampa del Indio y a la provincia del Chaco, sino a toda la Argentina en la escena continental.<\/p>\n<p><img loading=\"lazy\" decoding=\"async\" class=\"aligncenter size-full wp-image-34127\" src=\"https:\/\/www.sportchaco.com.ar\/wp-content\/uploads\/2026\/03\/MERCADO-LIBRE_300x250-13.gif\" alt=\"\" width=\"625\" height=\"521\" \/><\/p>\n","protected":false},"excerpt":{"rendered":"<p>01-09-2026 El deporte adaptado de la provincia suma un nuevo motivo de celebraci\u00f3n. El deportista oriundo de Pampa del Indio, Juan Mattana, dio un paso clave en su carrera tras confirmarse su convocatoria oficial por parte de la Asociaci\u00f3n Paravoleibol Argentina para participar de una importante experiencia formativa y competitiva en el exterior. El jugador, &hellip;<\/p>\n","protected":false},"author":3,"featured_media":43214,"comment_status":"open","ping_status":"open","sticky":false,"template":"","format":"standard","meta":{"footnotes":""},"categories":[50],"tags":[],"class_list":["post-43210","post","type-post","status-publish","format-standard","has-post-thumbnail","hentry","category-voleibol"],"_links":{"self":[{"href":"https:\/\/www.sportchaco.com.ar\/index.php?rest_route=\/wp\/v2\/posts\/43210","targetHints":{"allow":["GET"]}}],"collection":[{"href":"https:\/\/www.sportchaco.com.ar\/index.php?rest_route=\/wp\/v2\/posts"}],"about":[{"href":"https:\/\/www.sportchaco.com.ar\/index.php?rest_route=\/wp\/v2\/types\/post"}],"author":[{"embeddable":true,"href":"https:\/\/www.sportchaco.com.ar\/index.php?rest_route=\/wp\/v2\/users\/3"}],"replies":[{"embeddable":true,"href":"https:\/\/www.sportchaco.com.ar\/index.php?rest_route=%2Fwp%2Fv2%2Fcomments&post=43210"}],"version-history":[{"count":2,"href":"https:\/\/www.sportchaco.com.ar\/index.php?rest_route=\/wp\/v2\/posts\/43210\/revisions"}],"predecessor-version":[{"id":43216,"href":"https:\/\/www.sportchaco.com.ar\/index.php?rest_route=\/wp\/v2\/posts\/43210\/revisions\/43216"}],"wp:featuredmedia":[{"embeddable":true,"href":"https:\/\/www.sportchaco.com.ar\/index.php?rest_route=\/wp\/v2\/media\/43214"}],"wp:attachment":[{"href":"https:\/\/www.sportchaco.com.ar\/index.php?rest_route=%2Fwp%2Fv2%2Fmedia&parent=43210"}],"wp:term":[{"taxonomy":"category","embeddable":true,"href":"https:\/\/www.sportchaco.com.ar\/index.php?rest_route=%2Fwp%2Fv2%2Fcategories&post=43210"},{"taxonomy":"post_tag","embeddable":true,"href":"https:\/\/www.sportchaco.com.ar\/index.php?rest_route=%2Fwp%2Fv2%2Ftags&post=43210"}],"curies":[{"name":"wp","href":"https:\/\/api.w.org\/{rel}","templated":true}]}}