{"id":43230,"date":"2026-09-01T16:14:34","date_gmt":"2026-09-01T19:14:34","guid":{"rendered":"https:\/\/www.sportchaco.com.ar\/?p=43230"},"modified":"2026-09-01T22:24:26","modified_gmt":"2026-09-02T01:24:26","slug":"el-clausura-entre-semana","status":"publish","type":"post","link":"https:\/\/www.sportchaco.com.ar\/?p=43230","title":{"rendered":"El Clausura entre semana"},"content":{"rendered":"<p><strong>01-09-2026<\/strong><\/p>\n<p><img loading=\"lazy\" decoding=\"async\" class=\"aligncenter size-full wp-image-42579\" src=\"https:\/\/www.sportchaco.com.ar\/wp-content\/uploads\/2026\/08\/Banners-ago-26.gif\" alt=\"\" width=\"720\" height=\"90\" \/><\/p>\n<p>Este mi\u00e9rcoles se dar\u00e1 inicio a la 9\u00aa fecha del torneo Clausura \u00abHugo Saucedo\u00bb de la Liga Chaque\u00f1a de F\u00fatbol con un abanico importante de partidos.<\/p>\n<p>La zona \u00abA\u00bb se jugar\u00e1 de manera \u00edntegra y casi en el mismo horario todos los partidos. El puntero, Estudiantes, visita a Regional que lo tiene apenas unos puntos por debajo. Adem\u00e1s, el escolta, Resistencia Central visita a Sarmiento en cancha de V\u00e9lez. Tambi\u00e9n jugar\u00e1n Deportivo Itat\u00ed con Deportivo Luj\u00e1n, For Ever ante Defensores y Fontana se mide ante Central Ben\u00edtez. Queda libre esta jornada CUNE.<\/p>\n<p>La zona \u00abB\u00bb arrancar\u00e1 tambi\u00e9n ese mi\u00e9rcoles con tres cotejos en diferentes horarios. El primer turno ser\u00e1 para el duelo entre Empleados de Comercio y el l\u00edder, Central Norte. Luego comenzar\u00e1 el encuentro entre San Mart\u00edn y Policiales en Margarita Bel\u00e9n y por \u00faltimo, en Chaco Hebr\u00f3n, se presentar\u00e1n por la noche Parque Patricios y Villa Alvear.<\/p>\n<p>El d\u00eda jueves ser\u00e1 el turno para otro encuentro nocturno, el de Don Orione con Deportivo G\u00fciraldes en el \u00abPedro Biolchi\u00bb de Barranqueras. Mientras que el cl\u00e1sico de Puerto Tirol fue programado reci\u00e9n para el domingo 13 de septiembre con horario a definir.<\/p>\n<p>Cabe recordar que este adelantamiento de la fecha se debe a que el fin de semana, donde no habr\u00e1 f\u00fatbol liguista, es porque se realizar\u00e1 l<span data-subtree=\"aimfl,mfl\" data-copy-service-computed-style=\"font-family: &quot;Google Sans&quot;, Arial, sans-serif, &quot;Noto Color Emoji&quot;; font-size: 16px; font-weight: 400; margin: 0px; text-decoration: none; border-bottom: 0px rgb(230, 232, 240);\">a 22\u00aa edici\u00f3n del torneo Internacional de Pesca del Dorado con Devoluci\u00f3n en la Isla del Cerrito y la polic\u00eda estar\u00e1 abocada a dicho evento.<\/span><\/p>\n<p><strong>TORNEO CLAUSURA \u00abHUGO SAUCEDO\u00bb<br \/>\n<\/strong><strong>TODA LA 9\u00aa FECHA<br \/>\n<\/strong><strong>ZONA \u201cA\u201d<br \/>\n<\/strong><strong>Mi\u00e9rcoles 02-09<br \/>\n<\/strong>A las 15:30, Regional \u2013 Estudiantes<br \/>\nA las 15:30, Dep. Itat\u00ed \u2013 Dep. Luj\u00e1n, en Estudiantes<br \/>\nA las 15:30, Sarmiento \u2013 Rcia. Central, en V\u00e9lez<br \/>\nA las 15:30,\u00a0For Ever \u2013 Defensores, en Bancarios<br \/>\nA las 16, Fontana \u2013 Central Ben\u00edtez<\/p>\n<p><strong>Libre:<\/strong>\u00a0CUNE<\/p>\n<p><strong>ZONA \u00abB\u00bb<\/strong><br \/>\n<strong>Mi\u00e9rcoles 02-09<br \/>\n<\/strong>A las 16, Empleados de Comercio \u2013 Central Norte<br \/>\nA las 17:30, San Mart\u00edn (MB) \u2013 Policiales<br \/>\nA las 21, Parque Patricios \u2013 Villa Alvear, en Chaco Hebr\u00f3n<\/p>\n<p><strong>Jueves 03-09<\/strong><br \/>\nA las 21, Don Orione \u2013 Dep. G\u00fciraldes<\/p>\n<p><strong>Domingo 13-09<\/strong><br \/>\nIndep. Tirol \u2013 Juventud <em>(horario a definir)<\/em><\/p>\n<p><strong>Libre:<\/strong>\u00a0Bancarios<\/p>\n<p><strong>POSICIONES<\/strong><br \/>\n<strong>ZONA \u00abA\u00bb<\/strong><br \/>\nEstudiantes 17<br \/>\nRcia. Central 16<br \/>\nRegional 14<br \/>\nDefensores 12*<br \/>\nFontana 10<br \/>\nSarmiento 7<br \/>\nCentral Ben\u00edtez 7<br \/>\nDep. Luj\u00e1n 7<br \/>\nFor Ever 7<br \/>\nDep. Itat\u00ed 6<br \/>\nCUNE 5*<br \/>\n<em>*Deben su partido de la 6\u00aa fecha<\/em><\/p>\n<p><strong>ZONA \u00abB\u00bb<\/strong><br \/>\nCentral Norte 17<br \/>\nSan Mart\u00edn (MB) 16<br \/>\nDon Orione 14<br \/>\nJuventud 10<br \/>\nBancarios 10<br \/>\nPoliciales 9<br \/>\nEmpleados de Comercio 9<br \/>\nDep. G\u00fciraldes 8<br \/>\nVilla Alvear 7<br \/>\nIndep. Tirol 4<br \/>\nParque Patricios 2<\/p>\n<p><img loading=\"lazy\" decoding=\"async\" class=\"aligncenter size-large wp-image-17160\" src=\"https:\/\/www.sportchaco.com.ar\/wp-content\/uploads\/2025\/03\/gob-makalle-821x1024.jpg\" sizes=\"auto, (max-width: 821px) 100vw, 821px\" srcset=\"https:\/\/www.sportchaco.com.ar\/wp-content\/uploads\/2025\/03\/gob-makalle-821x1024.jpg 821w, https:\/\/www.sportchaco.com.ar\/wp-content\/uploads\/2025\/03\/gob-makalle-240x300.jpg 240w, https:\/\/www.sportchaco.com.ar\/wp-content\/uploads\/2025\/03\/gob-makalle-768x958.jpg 768w, https:\/\/www.sportchaco.com.ar\/wp-content\/uploads\/2025\/03\/gob-makalle-1231x1536.jpg 1231w, https:\/\/www.sportchaco.com.ar\/wp-content\/uploads\/2025\/03\/gob-makalle.jpg 1440w\" alt=\"\" width=\"821\" height=\"1024\" \/><\/p>\n","protected":false},"excerpt":{"rendered":"<p>01-09-2026 Este mi\u00e9rcoles se dar\u00e1 inicio a la 9\u00aa fecha del torneo Clausura \u00abHugo Saucedo\u00bb de la Liga Chaque\u00f1a de F\u00fatbol con un abanico importante de partidos. La zona \u00abA\u00bb se jugar\u00e1 de manera \u00edntegra y casi en el mismo horario todos los partidos. El puntero, Estudiantes, visita a Regional que lo tiene apenas unos &hellip;<\/p>\n","protected":false},"author":3,"featured_media":43231,"comment_status":"open","ping_status":"open","sticky":false,"template":"","format":"standard","meta":{"footnotes":""},"categories":[5],"tags":[],"class_list":["post-43230","post","type-post","status-publish","format-standard","has-post-thumbnail","hentry","category-futbol"],"_links":{"self":[{"href":"https:\/\/www.sportchaco.com.ar\/index.php?rest_route=\/wp\/v2\/posts\/43230","targetHints":{"allow":["GET"]}}],"collection":[{"href":"https:\/\/www.sportchaco.com.ar\/index.php?rest_route=\/wp\/v2\/posts"}],"about":[{"href":"https:\/\/www.sportchaco.com.ar\/index.php?rest_route=\/wp\/v2\/types\/post"}],"author":[{"embeddable":true,"href":"https:\/\/www.sportchaco.com.ar\/index.php?rest_route=\/wp\/v2\/users\/3"}],"replies":[{"embeddable":true,"href":"https:\/\/www.sportchaco.com.ar\/index.php?rest_route=%2Fwp%2Fv2%2Fcomments&post=43230"}],"version-history":[{"count":2,"href":"https:\/\/www.sportchaco.com.ar\/index.php?rest_route=\/wp\/v2\/posts\/43230\/revisions"}],"predecessor-version":[{"id":43239,"href":"https:\/\/www.sportchaco.com.ar\/index.php?rest_route=\/wp\/v2\/posts\/43230\/revisions\/43239"}],"wp:featuredmedia":[{"embeddable":true,"href":"https:\/\/www.sportchaco.com.ar\/index.php?rest_route=\/wp\/v2\/media\/43231"}],"wp:attachment":[{"href":"https:\/\/www.sportchaco.com.ar\/index.php?rest_route=%2Fwp%2Fv2%2Fmedia&parent=43230"}],"wp:term":[{"taxonomy":"category","embeddable":true,"href":"https:\/\/www.sportchaco.com.ar\/index.php?rest_route=%2Fwp%2Fv2%2Fcategories&post=43230"},{"taxonomy":"post_tag","embeddable":true,"href":"https:\/\/www.sportchaco.com.ar\/index.php?rest_route=%2Fwp%2Fv2%2Ftags&post=43230"}],"curies":[{"name":"wp","href":"https:\/\/api.w.org\/{rel}","templated":true}]}}