{"id":43236,"date":"2026-09-02T00:04:01","date_gmt":"2026-09-02T03:04:01","guid":{"rendered":"https:\/\/www.sportchaco.com.ar\/?p=43236"},"modified":"2026-09-01T22:28:48","modified_gmt":"2026-09-02T01:28:48","slug":"efemerides-del-2-de-septiembre-2","status":"publish","type":"post","link":"https:\/\/www.sportchaco.com.ar\/?p=43236","title":{"rendered":"Efem\u00e9rides del 2 de septiembre"},"content":{"rendered":"<div class=\"container fullwidth-entry-title-wrapper\">\n<div class=\"container-wrapper fullwidth-entry-title\">\n<header class=\"entry-header-outer\">\n<div class=\"entry-header\">\n<div class=\"single-post-meta post-meta clearfix\">\n<div class=\"tie-alignright\"><\/div>\n<\/div>\n<\/div>\n<\/header>\n<\/div>\n<\/div>\n<div id=\"content\" class=\"site-content container\">\n<div id=\"main-content-row\" class=\"tie-row main-content-row\">\n<div class=\"main-content tie-col-md-8 tie-col-xs-12\" role=\"main\">\n<article id=\"the-post\" class=\"container-wrapper post-content tie-standard\">\n<div class=\"featured-area\">\n<div class=\"featured-area-inner\">\n<figure class=\"single-featured-image\"><\/figure>\n<\/div>\n<\/div>\n<div class=\"entry-content entry clearfix\">\n<div class=\"container fullwidth-entry-title-wrapper\">\n<div class=\"container-wrapper fullwidth-entry-title\">\n<header class=\"entry-header-outer\">\n<div class=\"entry-header\">\n<div class=\"single-post-meta post-meta clearfix\">\n<div class=\"tie-alignright\"><\/div>\n<\/div>\n<\/div>\n<\/header>\n<\/div>\n<\/div>\n<div id=\"content\" class=\"site-content container\">\n<div id=\"main-content-row\" class=\"tie-row main-content-row\">\n<div class=\"main-content tie-col-md-8 tie-col-xs-12\" role=\"main\">\n<article id=\"the-post\" class=\"container-wrapper post-content tie-standard\">\n<div class=\"featured-area\">\n<div class=\"featured-area-inner\"><\/div>\n<\/div>\n<div class=\"entry-content entry clearfix\">\n<h5><strong>Esta es la Efem\u00e9rides del Deporte en el Chaco de un 2 de septiembre del periodista Luis Dar\u00edo Molodezky.<\/strong><\/h5>\n<p><img loading=\"lazy\" decoding=\"async\" class=\"size-medium wp-image-24494 aligncenter\" src=\"https:\/\/www.sportchaco.com.ar\/wp-content\/uploads\/2025\/08\/Luis-Dario-11-08-2025-3-1-226x300.jpeg\" sizes=\"auto, (max-width: 226px) 100vw, 226px\" srcset=\"https:\/\/www.sportchaco.com.ar\/wp-content\/uploads\/2025\/08\/Luis-Dario-11-08-2025-3-1-226x300.jpeg 226w, https:\/\/www.sportchaco.com.ar\/wp-content\/uploads\/2025\/08\/Luis-Dario-11-08-2025-3-1-771x1024.jpeg 771w, https:\/\/www.sportchaco.com.ar\/wp-content\/uploads\/2025\/08\/Luis-Dario-11-08-2025-3-1-768x1021.jpeg 768w, https:\/\/www.sportchaco.com.ar\/wp-content\/uploads\/2025\/08\/Luis-Dario-11-08-2025-3-1-1156x1536.jpeg 1156w, https:\/\/www.sportchaco.com.ar\/wp-content\/uploads\/2025\/08\/Luis-Dario-11-08-2025-3-1.jpeg 1204w\" alt=\"\" width=\"226\" height=\"300\" \/><\/p>\n<p><strong>1979\u00a0<\/strong>\/ Municipales pierde la categor\u00eda dos fechas antes de finalizar el torneo a la primera B de la Liga Chaque\u00f1a, al perder frente a Los Andes por 4 a 3.<\/p>\n<p>&nbsp;<\/p>\n<p><strong>1985\u00a0<\/strong>\/ El joven chaque\u00f1o de 14 a\u00f1os, Juan Jos\u00e9 Pedroza obtiene la medalla de bronce en el Torneo Panamericano de Judo disputado en M\u00e9xico.<\/p>\n<p>&nbsp;<\/p>\n<p><strong>2003\u00a0<\/strong>\/ Nace el Club Uni\u00f3n Campo La Aurora en la ciudad de General San Mart\u00edn.<\/p>\n<\/div>\n<div class=\"otQkpb\" role=\"heading\" aria-level=\"3\" data-animation-nesting=\"\" data-sfc-cp=\"\" data-wiz-attrbind=\"aria-level=fNG2xb_y\/fLk2Md\" data-sfc-root=\"ep\" data-complete=\"true\" data-copy-service-computed-style=\"font-family: &quot;Google Sans&quot;, Arial, sans-serif; font-size: 24px; font-weight: 500; margin: 24px 0px 12px; text-decoration: none; border-bottom: 0px rgb(0, 29, 53);\">Hechos Destacados<!--TgQPHd|||[]--><\/div>\n<div role=\"heading\" aria-level=\"3\" data-animation-nesting=\"\" data-sfc-cp=\"\" data-wiz-attrbind=\"aria-level=fNG2xb_y\/fLk2Md\" data-sfc-root=\"ep\" data-complete=\"true\" data-copy-service-computed-style=\"font-family: &quot;Google Sans&quot;, Arial, sans-serif; font-size: 24px; font-weight: 500; margin: 24px 0px 12px; text-decoration: none; border-bottom: 0px rgb(0, 29, 53);\">02<\/div>\n<div class=\"\" data-bfc=\"\" data-ved=\"2ahUKEwj_t4vZtM6WAxUVGbkGHaXnDpYQi4wTegoIAggACAAIDhAB\" data-hveid=\"CAIIAAgACA4QAQ\" data-copy-service-computed-style=\"font-family: &quot;Google Sans&quot;, Arial, sans-serif; font-size: 16px; font-weight: 400; margin: 0px; text-decoration: none; border-bottom: 0px rgb(10, 10, 10);\">\n<ul>\n<li class=\"Z1qcYe\" data-sfc-cp=\"\" data-sfc-root=\"ep\" data-hveid=\"CAIIAAgACA4QAg\" data-complete=\"true\" data-copy-service-computed-style=\"font-family: &quot;Google Sans&quot;, Arial, sans-serif; font-size: 16px; font-weight: 400; margin: 0px 0px 12px; text-decoration: none; border-bottom: 0px rgb(10, 10, 10);\"><span class=\"iNqyIf\" data-sfc-cp=\"\" data-sfc-root=\"ep\" data-complete=\"true\" data-copy-service-computed-style=\"font-family: &quot;Google Sans&quot;, Arial, sans-serif; font-size: 16px; font-weight: 400; margin: 0px; text-decoration: none; border-bottom: 0px rgb(10, 10, 10);\"><strong class=\"rQesXe MPyX\" data-sfc-cp=\"\" data-sfc-root=\"ep\" data-complete=\"true\" data-copy-service-computed-style=\"font-family: &quot;Google Sans&quot;, Arial, sans-serif; font-size: 16px; font-weight: 700; margin: 0px; text-decoration: none; border-bottom: 0px rgb(10, 10, 10);\">2011 &#8211; Debut de Alejandro Sabella:<!--TgQPHd|||[]--><\/strong> \u00abPachorra\u00bb dirigi\u00f3 por primera vez a la <span class=\"\" data-sfc-cp=\"\" data-sfc-root=\"ep\" data-complete=\"true\" data-sfc-inited=\"2\" data-copy-service-computed-style=\"font-family: &quot;Google Sans&quot;, Arial, sans-serif; font-size: 16px; font-weight: 400; margin: 0px; text-decoration: none; border-bottom: 0px rgb(10, 10, 10);\"><a class=\"H23r4e\" href=\"https:\/\/www.efemeridesfutboleras.com.ar\/2013\/09\/efemerides-2-septiembre-debuto-sabella.html\" target=\"_blank\" rel=\"noopener\" data-ved=\"2ahUKEwj_t4vZtM6WAxUVGbkGHaXnDpYQy_kOegoIAggACAAIDhAD\" data-hveid=\"CAIIAAgACA4QAw\" aria-label=\"Selecci\u00f3n Argentina. Vista previa del v\u00ednculo. Sitio: Efem\u00e9rides del F\u00fatbol Argentino. T\u00edtulo: EFEM\u00c9RIDES 2 septiembre: Alejandro SABELLA debut\u00f3 .... URL: https:\/\/www.efemeridesfutboleras.com.ar\/2013\/09\/efemerides-2-septiembre-debuto-sabella.html.\" data-copy-service-computed-style=\"font-family: &quot;Google Sans&quot;, Arial, sans-serif; font-size: 16px; font-weight: 500; margin: 0px; text-decoration: underline 1px rgb(26, 13, 171); border-bottom: 0px rgb(26, 13, 171);\">Selecci\u00f3n Argentina<\/a><!--TgQPHd|||[[&quot;https:\/\/www.efemeridesfutboleras.com.ar\/2013\/09\/efemerides-2-septiembre-debuto-sabella.html&quot;,null,null,[null,null,null,null,null,null,null,null,null,null,null,null,null,null,null,[{&quot;1218&quot;:[16]}]],16,null,&quot;EFEM\u00c9RIDES 2 septiembre: Alejandro SABELLA debut\u00f3 ...&quot;,&quot;FOTO. La tapa de Ol\u00e9 de la victoria de Boca en el legendario Maracan\u00e1. - En 2006, en el empate 2 a 2 entre Rosario Central e Independiente en el Gigante de Arroyito, el delantero costarricense Paulo WANCHOPE marc\u00f3 sus dos primeros goles en la Argentina. El goleador tico ven\u00eda de jugar el Mundial de Alemania con su Selecci\u00f3n. MIR\u00c1 EL RESUMEN DEL EMPATE ENTRE CENTRAL Y EL \\&quot;ROJO\\&quot;. - El 2\/9 de 2011, Alejandro SABELLA debut\u00f3 como director t\u00e9cnico de la Selecci\u00f3n Argentina. Fue en Calcuta, en un amistoso internacional ante Venezuela, con victoria albiceleste por 1 a 0 con un tanto de Nicol\u00e1s Otamendi. \\&quot;Pachorra\\&quot; nombr\u00f3 como capit\u00e1n a su figura, Lionel MESSI, en reemplazo de Javier Mascherano, que hab\u00eda llevado la ...&quot;,&quot;https:\/\/encrypted-tbn2.gstatic.com\/images?q\\u003dtbn:ANd9GcQNOcsZbTWffQy2Tf5lIf6MnEy_4GvttYoyjvN6OlavfowVfX6HJIT30KG6WqFclKaIbLocBHsfAP2yHvA&quot;,&quot;Efem\u00e9rides del F\u00fatbol Argentino&quot;,&quot;https:\/\/encrypted-tbn1.gstatic.com\/faviconV2?url\\u003dhttps:\/\/www.efemeridesfutboleras.com.ar\\u0026client\\u003dAIM\\u0026size\\u003d128\\u0026type\\u003dFAVICON\\u0026fallback_opts\\u003dTYPE,SIZE,URL&quot;,[[1788301088578559,112793877,2517559205],null,null,null,null,[[2,0,0,13]]],null,&quot;da25d2ee-8827-4460-9e80-4b94efb48db0&quot;]]--><\/span> en un amistoso contra Venezuela en Calcuta, India (victoria por 1-0 con gol de Nicol\u00e1s Otamendi). En ese mismo partido, nombr\u00f3 a Lionel Messi como capit\u00e1n del equipo.<!--TgQPHd|||[]--><\/span><!--TgQPHd|||[]--><\/li>\n<\/ul>\n<\/div>\n<div class=\"\" data-bfc=\"\" data-ved=\"2ahUKEwj_t4vZtM6WAxUVGbkGHaXnDpYQi4wTegoIAggACAAIDhAE\" data-hveid=\"CAIIAAgACA4QBA\" data-copy-service-computed-style=\"font-family: &quot;Google Sans&quot;, Arial, sans-serif; font-size: 16px; font-weight: 400; margin: 0px; text-decoration: none; border-bottom: 0px rgb(10, 10, 10);\">\n<ul>\n<li class=\"Z1qcYe\" data-sfc-cp=\"\" data-sfc-root=\"ep\" data-hveid=\"CAIIAAgACA4QBQ\" data-complete=\"true\" data-copy-service-computed-style=\"font-family: &quot;Google Sans&quot;, Arial, sans-serif; font-size: 16px; font-weight: 400; margin: 0px 0px 12px; text-decoration: none; border-bottom: 0px rgb(10, 10, 10);\"><span class=\"iNqyIf\" data-sfc-cp=\"\" data-sfc-root=\"ep\" data-complete=\"true\" data-copy-service-computed-style=\"font-family: &quot;Google Sans&quot;, Arial, sans-serif; font-size: 16px; font-weight: 400; margin: 0px; text-decoration: none; border-bottom: 0px rgb(10, 10, 10);\"><strong class=\"rQesXe MPyX\" data-sfc-cp=\"\" data-sfc-root=\"ep\" data-complete=\"true\" data-copy-service-computed-style=\"font-family: &quot;Google Sans&quot;, Arial, sans-serif; font-size: 16px; font-weight: 700; margin: 0px; text-decoration: none; border-bottom: 0px rgb(10, 10, 10);\">1962 &#8211; El gol 500 de Pel\u00e9:<!--TgQPHd|||[]--><\/strong> El astro brasile\u00f1o anot\u00f3 una cifra hist\u00f3rica en su carrera profesional con el Santos.<!--TgQPHd|||[]--><\/span> [<a href=\"https:\/\/www.tycsports.com\/interes-general\/efemerides\/efemerides-del-2-de-septiembre-que-se-conmemora-hoy-id461771.html\">1<\/a>, <a href=\"https:\/\/elindependiente.com.ar\/pagina.php?id=322102\">2<\/a>, <a href=\"https:\/\/www.youtube.com\/watch?v=5rRtLZ9kVDI\">3<\/a>, <a href=\"https:\/\/www.efemeridesfutboleras.com.ar\/2013\/09\/efemerides-2-septiembre-debuto-sabella.html\">4<\/a>]<!--TgQPHd|||[]--><\/li>\n<\/ul>\n<\/div>\n<ul class=\"KsbFXc U6u95\" data-sfc-cp=\"\" data-sfc-root=\"ep\" data-ved=\"2ahUKEwj_t4vZtM6WAxUVGbkGHaXnDpYQ-7AUegoIAggACAAIDhAA\" data-hveid=\"CAIIAAgACA4QAA\" data-complete=\"true\" data-copy-service-computed-style=\"font-family: &quot;Google Sans&quot;, Arial, sans-serif; font-size: 16px; font-weight: 400; margin: 12px 0px 16px; text-decoration: none; border-bottom: 0px rgb(10, 10, 10);\"><!--TgQPHd|||[]--><\/ul>\n<div class=\"yhAwj\" data-sfc-cp=\"\" data-sfc-root=\"ep\" data-complete=\"true\" data-sfc-inited=\"2\" data-copy-service-computed-style=\"font-family: &quot;Google Sans&quot;, Arial, sans-serif; font-size: 16px; font-weight: 400; margin: 0px; text-decoration: none; border-bottom: 0px rgb(10, 10, 10);\"><!--TgQPHd|||[]--><\/div>\n<div class=\"\" data-bfc=\"\" data-ved=\"2ahUKEwj_t4vZtM6WAxUVGbkGHaXnDpYQi4wTegoIAggACAAIERAA\" data-hveid=\"CAIIAAgACBEQAA\" data-copy-service-computed-style=\"font-family: &quot;Google Sans&quot;, Arial, sans-serif; font-size: 16px; font-weight: 400; margin: 0px; text-decoration: none; border-bottom: 0px rgb(10, 10, 10);\">\n<div class=\"otQkpb\" role=\"heading\" aria-level=\"3\" data-animation-nesting=\"\" data-sfc-cp=\"\" data-wiz-attrbind=\"aria-level=fNG2xb_1h\/fLk2Md\" data-sfc-root=\"ep\" data-complete=\"true\" data-copy-service-computed-style=\"font-family: &quot;Google Sans&quot;, Arial, sans-serif; font-size: 24px; font-weight: 500; margin: 24px 0px 12px; text-decoration: none; border-bottom: 0px rgb(0, 29, 53);\">Nacimientos<!--TgQPHd|||[]--><\/div>\n<\/div>\n<div class=\"\" data-bfc=\"\" data-ved=\"2ahUKEwj_t4vZtM6WAxUVGbkGHaXnDpYQi4wTegoIAggACAAIFBAB\" data-hveid=\"CAIIAAgACBQQAQ\" data-copy-service-computed-style=\"font-family: &quot;Google Sans&quot;, Arial, sans-serif; font-size: 16px; font-weight: 400; margin: 0px; text-decoration: none; border-bottom: 0px rgb(10, 10, 10);\">\n<ul>\n<li class=\"Z1qcYe\" data-sfc-cp=\"\" data-sfc-root=\"ep\" data-hveid=\"CAIIAAgACBQQAg\" data-complete=\"true\" data-copy-service-computed-style=\"font-family: &quot;Google Sans&quot;, Arial, sans-serif; font-size: 16px; font-weight: 400; margin: 0px 0px 12px; text-decoration: none; border-bottom: 0px rgb(10, 10, 10);\"><span class=\"iNqyIf\" data-sfc-cp=\"\" data-sfc-root=\"ep\" data-complete=\"true\" data-copy-service-computed-style=\"font-family: &quot;Google Sans&quot;, Arial, sans-serif; font-size: 16px; font-weight: 400; margin: 0px; text-decoration: none; border-bottom: 0px rgb(10, 10, 10);\"><strong class=\"rQesXe MPyX\" data-sfc-cp=\"\" data-sfc-root=\"ep\" data-complete=\"true\" data-copy-service-computed-style=\"font-family: &quot;Google Sans&quot;, Arial, sans-serif; font-size: 16px; font-weight: 700; margin: 0px; text-decoration: none; border-bottom: 0px rgb(10, 10, 10);\">1939 &#8211; Nicolino Locche:<!--TgQPHd|||[]--><\/strong> Naci\u00f3 en Tunuy\u00e1n, Mendoza. Fue el legendario boxeador argentino campe\u00f3n mundial de la categor\u00eda superligero, apodado \u00abEl Intocable\u00bb por su magistral defensa.<!--TgQPHd|||[]--><\/span> [<a href=\"https:\/\/www.enteratenoticias.com.ar\/en-tendencia\/efemerides-que-paso-un-2-de-septiembre-en-la-argentina-y-el-mundo\/\">1<\/a>, <a href=\"https:\/\/elindependiente.com.ar\/pagina.php?id=322102\">2<\/a>]<!--TgQPHd|||[]--><\/li>\n<\/ul>\n<\/div>\n<div class=\"\" data-bfc=\"\" data-ved=\"2ahUKEwj_t4vZtM6WAxUVGbkGHaXnDpYQi4wTegoIAggACAAIFBAH\" data-hveid=\"CAIIAAgACBQQBw\" data-copy-service-computed-style=\"font-family: &quot;Google Sans&quot;, Arial, sans-serif; font-size: 16px; font-weight: 400; margin: 0px; text-decoration: none; border-bottom: 0px rgb(10, 10, 10);\">\n<ul>\n<li class=\"Z1qcYe\" data-sfc-cp=\"\" data-sfc-root=\"ep\" data-hveid=\"CAIIAAgACBQQCA\" data-complete=\"true\" data-copy-service-computed-style=\"font-family: &quot;Google Sans&quot;, Arial, sans-serif; font-size: 16px; font-weight: 400; margin: 0px 0px 12px; text-decoration: none; border-bottom: 0px rgb(10, 10, 10);\"><span class=\"iNqyIf\" data-sfc-cp=\"\" data-sfc-root=\"ep\" data-complete=\"true\" data-copy-service-computed-style=\"font-family: &quot;Google Sans&quot;, Arial, sans-serif; font-size: 16px; font-weight: 400; margin: 0px; text-decoration: none; border-bottom: 0px rgb(10, 10, 10);\"><strong class=\"rQesXe MPyX\" data-sfc-cp=\"\" data-sfc-root=\"ep\" data-complete=\"true\" data-copy-service-computed-style=\"font-family: &quot;Google Sans&quot;, Arial, sans-serif; font-size: 16px; font-weight: 700; margin: 0px; text-decoration: none; border-bottom: 0px rgb(10, 10, 10);\">1992 &#8211; Emiliano \u00abDibu\u00bb Mart\u00ednez:<!--TgQPHd|||[]--><\/strong> Naci\u00f3 en Mar del Plata, Argentina. Arquero campe\u00f3n de la Copa Am\u00e9rica, la Finalissima y la Copa del Mundo con la selecci\u00f3n nacional.<!--TgQPHd|||[]--><\/span> [<a href=\"https:\/\/es.wikipedia.org\/wiki\/2_de_septiembre\">1<\/a>]<!--TgQPHd|||[]--><\/li>\n<\/ul>\n<\/div>\n<div class=\"\" data-bfc=\"\" data-ved=\"2ahUKEwj_t4vZtM6WAxUVGbkGHaXnDpYQi4wTegoIAggACAAIFBAN\" data-hveid=\"CAIIAAgACBQQDQ\" data-copy-service-computed-style=\"font-family: &quot;Google Sans&quot;, Arial, sans-serif; font-size: 16px; font-weight: 400; margin: 0px; text-decoration: none; border-bottom: 0px rgb(10, 10, 10);\">\n<ul>\n<li class=\"Z1qcYe\" data-sfc-cp=\"\" data-sfc-root=\"ep\" data-hveid=\"CAIIAAgACBQQDg\" data-complete=\"true\" data-copy-service-computed-style=\"font-family: &quot;Google Sans&quot;, Arial, sans-serif; font-size: 16px; font-weight: 400; margin: 0px 0px 12px; text-decoration: none; border-bottom: 0px rgb(10, 10, 10);\"><span class=\"iNqyIf\" data-sfc-cp=\"\" data-sfc-root=\"ep\" data-complete=\"true\" data-copy-service-computed-style=\"font-family: &quot;Google Sans&quot;, Arial, sans-serif; font-size: 16px; font-weight: 400; margin: 0px; text-decoration: none; border-bottom: 0px rgb(10, 10, 10);\"><strong class=\"rQesXe MPyX\" data-sfc-cp=\"\" data-sfc-root=\"ep\" data-complete=\"true\" data-copy-service-computed-style=\"font-family: &quot;Google Sans&quot;, Arial, sans-serif; font-size: 16px; font-weight: 700; margin: 0px; text-decoration: none; border-bottom: 0px rgb(10, 10, 10);\">1961 &#8211; Carlos \u00abEl Pibe\u00bb Valderrama:<!--TgQPHd|||[]--><\/strong> Naci\u00f3 en Santa Marta, Colombia. Considerado uno de los mejores mediocampistas y m\u00e1s grandes referentes de la historia del f\u00fatbol sudamericano.<!--TgQPHd|||[]--><\/span> [<a href=\"https:\/\/www.enteratenoticias.com.ar\/en-tendencia\/efemerides-que-paso-un-2-de-septiembre-en-la-argentina-y-el-mundo\/\">1<\/a>]<!--TgQPHd|||[]--><\/li>\n<\/ul>\n<\/div>\n<div class=\"\" data-bfc=\"\" data-ved=\"2ahUKEwj_t4vZtM6WAxUVGbkGHaXnDpYQi4wTegoIAggACAAIFBAT\" data-hveid=\"CAIIAAgACBQQEw\" data-copy-service-computed-style=\"font-family: &quot;Google Sans&quot;, Arial, sans-serif; font-size: 16px; font-weight: 400; margin: 0px; text-decoration: none; border-bottom: 0px rgb(10, 10, 10);\">\n<ul>\n<li class=\"Z1qcYe\" data-sfc-cp=\"\" data-sfc-root=\"ep\" data-hveid=\"CAIIAAgACBQQFA\" data-complete=\"true\" data-copy-service-computed-style=\"font-family: &quot;Google Sans&quot;, Arial, sans-serif; font-size: 16px; font-weight: 400; margin: 0px 0px 12px; text-decoration: none; border-bottom: 0px rgb(10, 10, 10);\"><span class=\"iNqyIf\" data-sfc-cp=\"\" data-sfc-root=\"ep\" data-complete=\"true\" data-copy-service-computed-style=\"font-family: &quot;Google Sans&quot;, Arial, sans-serif; font-size: 16px; font-weight: 400; margin: 0px; text-decoration: none; border-bottom: 0px rgb(10, 10, 10);\"><strong class=\"rQesXe MPyX\" data-sfc-cp=\"\" data-sfc-root=\"ep\" data-complete=\"true\" data-copy-service-computed-style=\"font-family: &quot;Google Sans&quot;, Arial, sans-serif; font-size: 16px; font-weight: 700; margin: 0px; text-decoration: none; border-bottom: 0px rgb(10, 10, 10);\">1932 &#8211; Rub\u00e9n Peucelle:<!--TgQPHd|||[]--><\/strong> Naci\u00f3 en Arribe\u00f1os, Buenos Aires. Famoso luchador profesional conocido como \u00abEl Ancho\u00bb, figura clave del cl\u00e1sico programa televisivo <em class=\"zhvwWe\" data-sfc-cp=\"\" data-sfc-root=\"ep\" data-complete=\"true\" data-copy-service-computed-style=\"font-family: &quot;Google Sans&quot;, Arial, sans-serif; font-size: 16px; font-weight: 400; margin: 0px; text-decoration: none; border-bottom: 0px rgb(10, 10, 10);\">Titanes en el Ring<!--TgQPHd|||[]--><\/em>.<!--TgQPHd|||[]--><\/span> [<a href=\"https:\/\/elindependiente.com.ar\/pagina.php?id=322102\">1<\/a>]<!--TgQPHd|||[]--><\/li>\n<\/ul>\n<\/div>\n<ul class=\"KsbFXc U6u95\" data-sfc-cp=\"\" data-sfc-root=\"ep\" data-ved=\"2ahUKEwj_t4vZtM6WAxUVGbkGHaXnDpYQ-7AUegoIAggACAAIFBAA\" data-hveid=\"CAIIAAgACBQQAA\" data-complete=\"true\" data-copy-service-computed-style=\"font-family: &quot;Google Sans&quot;, Arial, sans-serif; font-size: 16px; font-weight: 400; margin: 12px 0px 16px; text-decoration: none; border-bottom: 0px rgb(10, 10, 10);\"><!--TgQPHd|||[]--><\/ul>\n<div class=\"yhAwj\" data-sfc-cp=\"\" data-sfc-root=\"ep\" data-complete=\"true\" data-sfc-inited=\"2\" data-copy-service-computed-style=\"font-family: &quot;Google Sans&quot;, Arial, sans-serif; font-size: 16px; font-weight: 400; margin: 0px; text-decoration: none; border-bottom: 0px rgb(10, 10, 10);\"><!--TgQPHd|||[]--><\/div>\n<div class=\"\" data-bfc=\"\" data-ved=\"2ahUKEwj_t4vZtM6WAxUVGbkGHaXnDpYQi4wTegoIAggACAAIFhAA\" data-hveid=\"CAIIAAgACBYQAA\" data-copy-service-computed-style=\"font-family: &quot;Google Sans&quot;, Arial, sans-serif; font-size: 16px; font-weight: 400; margin: 0px; text-decoration: none; border-bottom: 0px rgb(10, 10, 10);\">\n<div class=\"AHmQrc\" data-sfc-cp=\"\" data-sfc-root=\"ep\" data-hveid=\"CAIIAAgACBYQAQ\" data-complete=\"true\" data-copy-service-computed-style=\"font-family: &quot;Google Sans&quot;, Arial, sans-serif; font-size: 16px; font-weight: 400; margin: 0px; text-decoration: none; border-bottom: 0px rgb(10, 10, 10);\">\n<div class=\"n6owBd awi2gc\" data-sfc-cp=\"\" data-sfc-root=\"ep\" data-hveid=\"CAIIAAgACBYQAg\" data-complete=\"true\" data-copy-service-computed-style=\"font-family: &quot;Google Sans&quot;, Arial, sans-serif; font-size: 16px; font-weight: 400; margin: 12px 0px 16px; text-decoration: none; border-bottom: 0px rgb(10, 10, 10);\"><\/div>\n<\/div>\n<\/div>\n<\/article>\n<\/div>\n<\/div>\n<\/div>\n<\/div>\n<\/article>\n<\/div>\n<\/div>\n<\/div>\n","protected":false},"excerpt":{"rendered":"<p>Esta es la Efem\u00e9rides del Deporte en el Chaco de un 2 de septiembre del periodista Luis Dar\u00edo Molodezky. 1979\u00a0\/ Municipales pierde la categor\u00eda dos fechas antes de finalizar el torneo a la primera B de la Liga Chaque\u00f1a, al perder frente a Los Andes por 4 a 3. &nbsp; 1985\u00a0\/ El joven chaque\u00f1o de &hellip;<\/p>\n","protected":false},"author":2,"featured_media":43241,"comment_status":"open","ping_status":"open","sticky":false,"template":"","format":"standard","meta":{"footnotes":""},"categories":[45],"tags":[],"class_list":["post-43236","post","type-post","status-publish","format-standard","has-post-thumbnail","hentry","category-efemerides-dia-por-dia"],"_links":{"self":[{"href":"https:\/\/www.sportchaco.com.ar\/index.php?rest_route=\/wp\/v2\/posts\/43236","targetHints":{"allow":["GET"]}}],"collection":[{"href":"https:\/\/www.sportchaco.com.ar\/index.php?rest_route=\/wp\/v2\/posts"}],"about":[{"href":"https:\/\/www.sportchaco.com.ar\/index.php?rest_route=\/wp\/v2\/types\/post"}],"author":[{"embeddable":true,"href":"https:\/\/www.sportchaco.com.ar\/index.php?rest_route=\/wp\/v2\/users\/2"}],"replies":[{"embeddable":true,"href":"https:\/\/www.sportchaco.com.ar\/index.php?rest_route=%2Fwp%2Fv2%2Fcomments&post=43236"}],"version-history":[{"count":3,"href":"https:\/\/www.sportchaco.com.ar\/index.php?rest_route=\/wp\/v2\/posts\/43236\/revisions"}],"predecessor-version":[{"id":43242,"href":"https:\/\/www.sportchaco.com.ar\/index.php?rest_route=\/wp\/v2\/posts\/43236\/revisions\/43242"}],"wp:featuredmedia":[{"embeddable":true,"href":"https:\/\/www.sportchaco.com.ar\/index.php?rest_route=\/wp\/v2\/media\/43241"}],"wp:attachment":[{"href":"https:\/\/www.sportchaco.com.ar\/index.php?rest_route=%2Fwp%2Fv2%2Fmedia&parent=43236"}],"wp:term":[{"taxonomy":"category","embeddable":true,"href":"https:\/\/www.sportchaco.com.ar\/index.php?rest_route=%2Fwp%2Fv2%2Fcategories&post=43236"},{"taxonomy":"post_tag","embeddable":true,"href":"https:\/\/www.sportchaco.com.ar\/index.php?rest_route=%2Fwp%2Fv2%2Ftags&post=43236"}],"curies":[{"name":"wp","href":"https:\/\/api.w.org\/{rel}","templated":true}]}}