{"id":43280,"date":"2026-09-03T00:08:40","date_gmt":"2026-09-03T03:08:40","guid":{"rendered":"https:\/\/www.sportchaco.com.ar\/?p=43280"},"modified":"2026-09-03T00:08:29","modified_gmt":"2026-09-03T03:08:29","slug":"1992-el-penal-que-cayo-del-cielo","status":"publish","type":"post","link":"https:\/\/www.sportchaco.com.ar\/?p=43280","title":{"rendered":"1992: El penal que cay\u00f3 del cielo"},"content":{"rendered":"<h4 class=\"n6owBd awi2gc\" data-sfc-root=\"ep\" data-hveid=\"CAIIAAgBCAcQAA\" data-complete=\"true\" data-copy-service-computed-style=\"font-family: &quot;Google Sans&quot;, Arial, sans-serif; font-size: 16px; font-weight: 400; margin: 0px 0px 16px; text-decoration: none solid rgb(10, 10, 10); border-bottom: 0px none rgb(10, 10, 10);\"><strong class=\"rQesXe MPyX\" data-sfc-cp=\"\" data-sfc-root=\"ep\" data-complete=\"true\" data-copy-service-computed-style=\"font-family: &quot;Google Sans&quot;, Arial, sans-serif; font-size: 16px; font-weight: 700; margin: 0px; text-decoration: none solid rgb(10, 10, 10); border-bottom: 0px none rgb(10, 10, 10);\">\u201cEl penal que cay\u00f3 del cielo\u201d<!--TgQPHd|||[]--><\/strong> es el nombre con el que se conoce a una de las an\u00e9cdotas m\u00e1s ins\u00f3litas del f\u00fatbol argentino, ocurrida en la <strong class=\"rQesXe MPyX\" data-sfc-cp=\"\" data-sfc-root=\"ep\" data-complete=\"true\" data-copy-service-computed-style=\"font-family: &quot;Google Sans&quot;, Arial, sans-serif; font-size: 16px; font-weight: 700; margin: 0px; text-decoration: none solid rgb(10, 10, 10); border-bottom: 0px none rgb(10, 10, 10);\">Liga Chaque\u00f1a de F\u00fatbol<!--TgQPHd|||[]--><\/strong>. El ins\u00f3lito penal se cobr\u00f3 el <strong class=\"rQesXe MPyX\" data-sfc-cp=\"\" data-sfc-root=\"ep\" data-complete=\"true\" data-copy-service-computed-style=\"font-family: &quot;Google Sans&quot;, Arial, sans-serif; font-size: 16px; font-weight: 700; margin: 0px; text-decoration: none solid rgb(10, 10, 10); border-bottom: 0px none rgb(10, 10, 10);\">13 de septiembre de 1992<!--TgQPHd|||[]--><\/strong> en la cancha del club <strong class=\"rQesXe MPyX\" data-sfc-cp=\"\" data-sfc-root=\"ep\" data-complete=\"true\" data-copy-service-computed-style=\"font-family: &quot;Google Sans&quot;, Arial, sans-serif; font-size: 16px; font-weight: 700; margin: 0px; text-decoration: none solid rgb(10, 10, 10); border-bottom: 0px none rgb(10, 10, 10);\">Regional<!--TgQPHd|||[]--><\/strong>, ubicada en Villa Libertad, Resistencia. El protagonista absoluto de esta historia fue el \u00e1rbitro <strong class=\"rQesXe MPyX\" data-sfc-cp=\"\" data-sfc-root=\"ep\" data-complete=\"true\" data-copy-service-computed-style=\"font-family: &quot;Google Sans&quot;, Arial, sans-serif; font-size: 16px; font-weight: 700; margin: 0px; text-decoration: none solid rgb(10, 10, 10); border-bottom: 0px none rgb(10, 10, 10);\">Daniel\u00a0 Gim\u00e9nez<!--TgQPHd|||[]--><\/strong>, quien luego fuera juez internacional.<\/h4>\n<div class=\"n6owBd awi2gc\" data-sfc-cp=\"\" data-sfc-root=\"ep\" data-hveid=\"CAIIAAgBCAcQAA\" data-complete=\"true\" data-copy-service-computed-style=\"font-family: &quot;Google Sans&quot;, Arial, sans-serif; font-size: 16px; font-weight: 400; margin: 0px 0px 16px; text-decoration: none solid rgb(10, 10, 10); border-bottom: 0px none rgb(10, 10, 10);\"><\/div>\n<p>&nbsp;<\/p>\n<p>Vaya uno a saber cu\u00e1ntos penales \u2014oficiales y de potrero\u2014 se habr\u00e1n cobrado en el f\u00fatbol argentino a lo largo del siglo XX. Miles, seguramente. Pero pocos tan ins\u00f3litos como el que sancion\u00f3 el sargento <strong>Daniel Gim\u00e9nez<\/strong> en la Liga Chaque\u00f1a de F\u00fatbol. Un penal que, como dir\u00edan los viejos cronistas, \u201cpega en el palo\u201d de lo incre\u00edble.<\/p>\n<p>La historia ocurri\u00f3 una tarde de primavera, el 1<strong>3 de septiembre de 1992<\/strong>, en la cancha de <strong>Regional<\/strong>, en Villa Libertad, Resistencia. Aquel d\u00eda, Regional y Estudiantes disputaban el partido decisivo del campeonato. El empate consagraba campe\u00f3n al conjunto local.<\/p>\n<p>Hab\u00eda, sin embargo, un tercer protagonista en la historia: <strong>Sarmiento<\/strong>, que tambi\u00e9n peleaba el t\u00edtulo. Por eso sus dirigentes pidieron en la Liga que los partidos decisivos comenzaran exactamente a la misma hora.<\/p>\n<p>Pero en Regional ten\u00edan preparada una sorpresa. Como parte de la fiesta previa, hab\u00edan organizado el aterrizaje de <strong>paracaidistas<\/strong> en el campo de juego. La idea, seg\u00fan se contaba en los pasillos del f\u00fatbol chaque\u00f1o, era retrasar el inicio del partido para conocer antes el resultado de Sarmiento.<\/p>\n<p>El \u00e1rbitro <strong>Daniel Gim\u00e9nez<\/strong>, que a\u00f1os despu\u00e9s ser\u00eda internacional, record\u00f3 as\u00ed aquel momento:<\/p>\n<p>\u2014Como los paracaidistas no hab\u00edan aterrizado a la hora fijada, les avis\u00e9 a los capitanes que el partido empezaba igual. Y que, apenas tocaran el c\u00e9sped, lo deten\u00edamos.<\/p>\n<p>El encuentro se puso en marcha. Apenas hab\u00eda transcurrido poco m\u00e1s de un minuto cuando ocurri\u00f3 lo inesperado. Cuatro paracaidistas aparecieron en el cielo y comenzaron a descender directamente hacia el campo de juego. El p\u00fablico levant\u00f3 la vista, los jugadores tambi\u00e9n. Todos segu\u00edan con asombro el espect\u00e1culo.<\/p>\n<p>Pero la pelota segu\u00eda en juego. En medio de la distracci\u00f3n general, un defensor de <strong>Estudiantes<\/strong> recibi\u00f3 un pase dentro del \u00e1rea. Mirando hacia arriba, fascinado por la escena, tom\u00f3 la pelota con la mano y se\u00f1al\u00f3 al cielo para mostrar lo que todos estaban observando.<\/p>\n<p>El problema era que, en ese instante, <strong>ning\u00fan paracaidista hab\u00eda tocado todav\u00eda el c\u00e9sped<\/strong>.<\/p>\n<p>Gim\u00e9nez lo explic\u00f3 a\u00f1os despu\u00e9s:<\/p>\n<p><strong>\u2014Como todav\u00eda no hab\u00eda ning\u00fan elemento extra\u00f1o en la cancha y la pelota segu\u00eda en juego\u2026 tuve que cobrar penal<\/strong>. El estadio qued\u00f3 en silencio primero y en protesta despu\u00e9s. Nadie entend\u00eda demasiado qu\u00e9 estaba pasando.<\/p>\n<p>El partido se detuvo durante varios minutos. Los paracaidistas, curiosos, quer\u00edan quedarse a ver la ejecuci\u00f3n del penal. El \u00e1rbitro tuvo que retirarlos pr\u00e1cticamente a los empujones.<\/p>\n<p>Y todav\u00eda quedaba otra escena inesperada.<\/p>\n<p>En esos casos, por caballerosidad deportiva, se suele esperar que el ejecutante tire la pelota afuera. Pero <strong>Ram\u00f3n Acu\u00f1a<\/strong>, encargado del remate, no tuvo esas contemplaciones. Tom\u00f3 carrera\u2026 y <strong>la clav\u00f3 en el \u00e1ngulo<\/strong>.<\/p>\n<p>Los diarios de la \u00e9poca titularon con iron\u00eda:<br \/>\n<strong>\u201cUn regalo del cielo\u201d. 03<\/strong>El partido terminar\u00eda finalmente <strong>2 a 2<\/strong>, resultado que le dio a <strong>Regional<\/strong> el campeonato de la Liga Chaque\u00f1a de F\u00fatbol. Y as\u00ed qued\u00f3 en la memoria del f\u00fatbol local una de esas historias que parecen inventadas: un penal nacido del cielo, cobrado mientras <strong>cuatro paracaidistas descend\u00edan sobre la cancha<\/strong>.<\/p>\n<p><em><strong>TESTIMONIO: DIARIO NORTE Y LUIS DARIO MOLODEZKY<\/strong><\/em><\/p>\n<p>Seg\u00fan las cr\u00f3nicas de\u00a0Diario <strong>Norte<\/strong>, cuando iba un minuto y 15 segundos de partido, todos los presentes elevaron la vista. No pod\u00edan creer que cuatro paracaidistas le apuntaran al campo de juego. Sigue Gim\u00e9nez: \u00abSe ve que los capitanes no les avisaron a sus compa\u00f1eros porque, cuando estaban a unos diez metros del piso, un defensor de Estudiantes le dio un pase a un compa\u00f1ero, que estaba dentro del \u00e1rea. El muchacho, inocentemente,\u00a0<strong>tom\u00f3 la pelota con la mano y se\u00f1al\u00f3 al cielo<\/strong>. Y yo, como todav\u00eda no hab\u00eda ning\u00fan elemento extra\u00f1o sobre el c\u00e9sped y la pelota continuaba en juego,\u00a0<strong>le tuve que cobrar penal<\/strong>\u00ab.<\/p>\n<p>Luis Molodezky, de\u00a0<strong>Norte<\/strong>, repasa que <strong>\u00abnadie entend\u00eda nada. Enseguida empez\u00f3 la pol\u00e9mica sobre si estaba bien o mal cobrado el penal\u00bb.<\/strong> Un tal Jorge Maldonado fue el \u00abmuchacho\u00bb que, sin querer, cometi\u00f3 el infantil penal. El partido estuvo detenido tres minutos. El \u00e1rbitro cuenta que se arm\u00f3 un l\u00edo de aquellos: <em>\u00abLos paracaidistas no quer\u00edan irse sin antes ver el penal: los tuve que sacar a los empujones. <\/em>Adem\u00e1s, alguno supon\u00eda que -por caballerosidad deportiva- el que lo pateara la iba a tirar afuera. No:\u00a0<strong>la clav\u00f3 al \u00e1ngulo<\/strong>. \u00edPara qu\u00e9&#8230;!\u00bb.<\/p>\n<p>&nbsp;<\/p>\n<p><strong>Producci\u00f3n: Luis Dar\u00edo Molodezky<\/strong><\/p>\n<p>&nbsp;<\/p>\n<p><img decoding=\"async\" src=\"https:\/\/www.sportchaco.com.ar\/wp-content\/uploads\/2026\/09\/Regional-1992-IA.png\" \/><\/p>\n","protected":false},"excerpt":{"rendered":"<p>\u201cEl penal que cay\u00f3 del cielo\u201d es el nombre con el que se conoce a una de las an\u00e9cdotas m\u00e1s ins\u00f3litas del f\u00fatbol argentino, ocurrida en la Liga Chaque\u00f1a de F\u00fatbol. El ins\u00f3lito penal se cobr\u00f3 el 13 de septiembre de 1992 en la cancha del club Regional, ubicada en Villa Libertad, Resistencia. El protagonista &hellip;<\/p>\n","protected":false},"author":2,"featured_media":43282,"comment_status":"open","ping_status":"open","sticky":false,"template":"","format":"standard","meta":{"footnotes":""},"categories":[72,78],"tags":[],"class_list":["post-43280","post","type-post","status-publish","format-standard","has-post-thumbnail","hentry","category-futbol-puro","category-historias"],"_links":{"self":[{"href":"https:\/\/www.sportchaco.com.ar\/index.php?rest_route=\/wp\/v2\/posts\/43280","targetHints":{"allow":["GET"]}}],"collection":[{"href":"https:\/\/www.sportchaco.com.ar\/index.php?rest_route=\/wp\/v2\/posts"}],"about":[{"href":"https:\/\/www.sportchaco.com.ar\/index.php?rest_route=\/wp\/v2\/types\/post"}],"author":[{"embeddable":true,"href":"https:\/\/www.sportchaco.com.ar\/index.php?rest_route=\/wp\/v2\/users\/2"}],"replies":[{"embeddable":true,"href":"https:\/\/www.sportchaco.com.ar\/index.php?rest_route=%2Fwp%2Fv2%2Fcomments&post=43280"}],"version-history":[{"count":2,"href":"https:\/\/www.sportchaco.com.ar\/index.php?rest_route=\/wp\/v2\/posts\/43280\/revisions"}],"predecessor-version":[{"id":43283,"href":"https:\/\/www.sportchaco.com.ar\/index.php?rest_route=\/wp\/v2\/posts\/43280\/revisions\/43283"}],"wp:featuredmedia":[{"embeddable":true,"href":"https:\/\/www.sportchaco.com.ar\/index.php?rest_route=\/wp\/v2\/media\/43282"}],"wp:attachment":[{"href":"https:\/\/www.sportchaco.com.ar\/index.php?rest_route=%2Fwp%2Fv2%2Fmedia&parent=43280"}],"wp:term":[{"taxonomy":"category","embeddable":true,"href":"https:\/\/www.sportchaco.com.ar\/index.php?rest_route=%2Fwp%2Fv2%2Fcategories&post=43280"},{"taxonomy":"post_tag","embeddable":true,"href":"https:\/\/www.sportchaco.com.ar\/index.php?rest_route=%2Fwp%2Fv2%2Ftags&post=43280"}],"curies":[{"name":"wp","href":"https:\/\/api.w.org\/{rel}","templated":true}]}}