{"id":43296,"date":"2026-09-02T20:24:17","date_gmt":"2026-09-02T23:24:17","guid":{"rendered":"https:\/\/www.sportchaco.com.ar\/?p=43296"},"modified":"2026-09-02T21:17:44","modified_gmt":"2026-09-03T00:17:44","slug":"el-diablito-echeverri-fue-presentado-en-benfica","status":"publish","type":"post","link":"https:\/\/www.sportchaco.com.ar\/?p=43296","title":{"rendered":"El diablito Echeverri fue presentado en Benfica"},"content":{"rendered":"<header class=\"header-wrapper-new\">\n<div class=\"article-header with-follow-button-ctn article-header-new\">\n<h1 id=\"la-presentacion-del-diablito-echeverri-en-el-benfica-tras-ser-cedido-por-el-manchester-city:-&quot;vamos-a-cumplir-todos-los-objetivos&quot;\" class=\"display-block article-headline text-align-left\">La presentaci\u00f3n del Diablito Echeverri en el Benfica tras ser cedido por el Manchester City: \u201cVamos a cumplir todos los objetivos\u201d. El atacante de 20 a\u00f1os jugar\u00e1 en el elenco portugu\u00e9s tras su \u00faltimo paso por el Girona de Espa\u00f1a<\/h1>\n<\/div>\n<\/header>\n<article>\n<div class=\"body-article \">\n<div class=\"sharebar-container display_flex sharebar-new\">\n<div class=\"share-bar-article-date-container \"><\/div>\n<div class=\"sharebar-buttons-container display_flex\">\n<div class=\"sharebar-buttons button-save\" tabindex=\"0\" role=\"button\" aria-label=\"Guardar\"><\/div>\n<div class=\"sharebar-buttons-separator\"><\/div>\n<\/div>\n<\/div>\n<p class=\"paragraph\" data-paragraph-number=\"1\"><b>Claudio Echeverri<\/b>\u00a0cambi\u00f3 de aire en las horas finales del mercado de pases europeo. El\u00a0<b>Manchester City<\/b>\u00a0cedi\u00f3 a pr\u00e9stamo al mediapunta argentino y ya fue presentado en el\u00a0<b>Benfica<\/b>\u00a0de Portugal. El acuerdo se pact\u00f3 por una temporada e incluye una opci\u00f3n de compra al t\u00e9rmino del ciclo.<\/p>\n<p class=\"paragraph\" data-paragraph-number=\"2\">En sus primeras palabras oficiales, el Diablito le envi\u00f3 un mensaje a la gente del elenco portugu\u00e9s. \u201c<b>Muchas gracias por el apoyo que me dieron desde que sali\u00f3 que iba a venir para ac\u00e1. Vamos a cumplir todos los objetivos que tengamos en este a\u00f1o, que se los merecen. Sigan apoyando como lo hacen siempre\u201d.<\/b><\/p>\n<p class=\"paragraph\" data-paragraph-number=\"3\">Echeverri complet\u00f3 la pretemporada con el plantel ingl\u00e9s bajo las \u00f3rdenes de\u00a0<b>Enzo Maresca<\/b>, quien asumi\u00f3 la conducci\u00f3n t\u00e9cnica tras la salida de\u00a0<b>Josep Guardiola<\/b>. El equipo viaj\u00f3 a Asia y el volante disput\u00f3 tres amistosos, entre ellos el que enfrent\u00f3 al City con el\u00a0<b>Inter<\/b>\u00a0de Italia en Hong Kong. En esa ocasi\u00f3n, tras un empate 1 a 1, el chaque\u00f1o ingres\u00f3 en el segundo tiempo y fue el \u00fanico jugador del City que convirti\u00f3 en la definici\u00f3n por penales, con una ejecuci\u00f3n en la que pic\u00f3 el bal\u00f3n para superar al arquero rival.<\/p>\n<div class=\"visual__image\">El Diablito Echeverri usar\u00e1 la camiseta con el n\u00famero 30<\/div>\n<p class=\"paragraph\" data-paragraph-number=\"4\">Pese a esa actuaci\u00f3n, la competencia interna en el plantel y su escasa regularidad en cesiones anteriores llevaron al club a resolver una nueva salida temporal.\u00a0<b>Benfica<\/b>\u00a0gan\u00f3 terreno en las \u00faltimas horas del libro de pases y se impuso como destino frente a otros clubes que tambi\u00e9n segu\u00edan la situaci\u00f3n del jugador, entre ellos el\u00a0<b>Betis<\/b>, el\u00a0<b>Sheffield United<\/b>\u00a0de la Segunda Divisi\u00f3n inglesa y River Plate, que intent\u00f3 repatriarlo sin \u00e9xito.<\/p>\n<p class=\"paragraph\" data-paragraph-number=\"5\">La temporada pasada, Echeverri pas\u00f3 por el\u00a0<b>Bayer Leverkusen<\/b>\u00a0de Alemania y el\u00a0<b>Girona<\/b>\u00a0de Espa\u00f1a, ambos tambi\u00e9n a pr\u00e9stamo desde el club ingl\u00e9s. Disput\u00f3 11 encuentros con el equipo alem\u00e1n y 17 con el espa\u00f1ol, para un total de 28 partidos entre ambas cesiones, aunque solo fue titular en ocho oportunidades. En el elenco espa\u00f1ol, adem\u00e1s, integr\u00f3 un plantel que perdi\u00f3 la categor\u00eda en LaLiga y descendi\u00f3 a Segunda Divisi\u00f3n.<\/p>\n<p class=\"paragraph\" data-paragraph-number=\"6\">El futbolista, de 20 a\u00f1os, lleg\u00f3 procedente de la cantera de\u00a0<b>River<\/b>, club en el que disput\u00f3 48 partidos, marc\u00f3 cuatro goles y aport\u00f3 ocho asistencias antes de su salto a Europa. Con la banda roja en el pecho conquist\u00f3 un torneo de Primera Divisi\u00f3n, el Trofeo de Campeones y la Supercopa Argentina.<\/p>\n<p><iframe loading=\"lazy\" title=\"Claudio Echeverri \u25cf Welcome to Benfica 2026 \ud83d\udd34\u26aa\ufe0f\ud83c\udde6\ud83c\uddf7 Best Goals, Skills &amp; Assists\" width=\"500\" height=\"281\" src=\"https:\/\/www.youtube.com\/embed\/BG-L5XVEesY?feature=oembed\" frameborder=\"0\" allow=\"accelerometer; autoplay; clipboard-write; encrypted-media; gyroscope; picture-in-picture; web-share\" referrerpolicy=\"strict-origin-when-cross-origin\" allowfullscreen><\/iframe><\/p>\n<p class=\"paragraph\" data-paragraph-number=\"7\">La llegada a Benfica se plantea como una oportunidad para recuperar continuidad en un club que compite de manera habitual en los principales torneos de Portugal y en instancias internacionales. El conjunto lisboeta funciona adem\u00e1s como vidriera frecuente para futbolistas sudamericanos que buscan dar el salto hacia las grandes ligas europeas, un camino que recorrieron antes jugadores como\u00a0<b>\u00c1ngel Di Mar\u00eda<\/b>\u00a0y\u00a0<b>Enzo Fern\u00e1ndez<\/b>.<\/p>\n<p class=\"paragraph\" data-paragraph-number=\"8\">Seg\u00fan reconstruy\u00f3\u00a0<i>R\u00e9cord<\/i>,\u00a0<a title=\"https:\/\/www.infobae.com\/deportes\/2026\/09\/01\/diablito-echeverri-dejara-el-manchester-city-y-tiene-cerrado-su-nuevo-destino-a-horas-del-cierre-del-mercado-de-pases\/\" href=\"https:\/\/www.infobae.com\/deportes\/2026\/09\/01\/diablito-echeverri-dejara-el-manchester-city-y-tiene-cerrado-su-nuevo-destino-a-horas-del-cierre-del-mercado-de-pases\/\" target=\"_blank\" rel=\"noopener noreferrer\"><b>Benfica pagar\u00e1 el salario \u00edntegro del mediapunta argentino<\/b><\/a>\u00a0y el acuerdo incluye una opci\u00f3n de compra al final de la temporada. Aunque el monto de esa opci\u00f3n no fue precisado, el medio portugu\u00e9s estim\u00f3 que el costo total de la operaci\u00f3n podr\u00eda rondar los 15 millones de euros. Por su parte,\u00a0<i>A Bola<\/i>\u00a0record\u00f3 que el City hab\u00eda adquirido su ficha a River por una cifra cercana a los 18,5 millones de euros.<\/p>\n<p class=\"paragraph\" data-paragraph-number=\"9\">En el club portugu\u00e9s, dirigido por\u00a0<b>Marco Silva<\/b>, Echeverri usar\u00e1 la camiseta n\u00famero 30 y compartir\u00e1 plantel con otros futbolistas argentinos, entre ellos el mediocampista\u00a0<b>Enzo Barrenechea<\/b>\u00a0y el delantero\u00a0<b>Gianluca Prestianni<\/b>, con quien coincidi\u00f3 en las divisiones juveniles de la selecci\u00f3n argentina.<\/p>\n<\/div>\n<\/article>\n","protected":false},"excerpt":{"rendered":"<p>La presentaci\u00f3n del Diablito Echeverri en el Benfica tras ser cedido por el Manchester City: \u201cVamos a cumplir todos los objetivos\u201d. El atacante de 20 a\u00f1os jugar\u00e1 en el elenco portugu\u00e9s tras su \u00faltimo paso por el Girona de Espa\u00f1a Claudio Echeverri\u00a0cambi\u00f3 de aire en las horas finales del mercado de pases europeo. El\u00a0Manchester City\u00a0cedi\u00f3 &hellip;<\/p>\n","protected":false},"author":2,"featured_media":43297,"comment_status":"open","ping_status":"open","sticky":false,"template":"","format":"standard","meta":{"footnotes":""},"categories":[6],"tags":[],"class_list":["post-43296","post","type-post","status-publish","format-standard","has-post-thumbnail","hentry","category-internacionales"],"_links":{"self":[{"href":"https:\/\/www.sportchaco.com.ar\/index.php?rest_route=\/wp\/v2\/posts\/43296","targetHints":{"allow":["GET"]}}],"collection":[{"href":"https:\/\/www.sportchaco.com.ar\/index.php?rest_route=\/wp\/v2\/posts"}],"about":[{"href":"https:\/\/www.sportchaco.com.ar\/index.php?rest_route=\/wp\/v2\/types\/post"}],"author":[{"embeddable":true,"href":"https:\/\/www.sportchaco.com.ar\/index.php?rest_route=\/wp\/v2\/users\/2"}],"replies":[{"embeddable":true,"href":"https:\/\/www.sportchaco.com.ar\/index.php?rest_route=%2Fwp%2Fv2%2Fcomments&post=43296"}],"version-history":[{"count":2,"href":"https:\/\/www.sportchaco.com.ar\/index.php?rest_route=\/wp\/v2\/posts\/43296\/revisions"}],"predecessor-version":[{"id":43299,"href":"https:\/\/www.sportchaco.com.ar\/index.php?rest_route=\/wp\/v2\/posts\/43296\/revisions\/43299"}],"wp:featuredmedia":[{"embeddable":true,"href":"https:\/\/www.sportchaco.com.ar\/index.php?rest_route=\/wp\/v2\/media\/43297"}],"wp:attachment":[{"href":"https:\/\/www.sportchaco.com.ar\/index.php?rest_route=%2Fwp%2Fv2%2Fmedia&parent=43296"}],"wp:term":[{"taxonomy":"category","embeddable":true,"href":"https:\/\/www.sportchaco.com.ar\/index.php?rest_route=%2Fwp%2Fv2%2Fcategories&post=43296"},{"taxonomy":"post_tag","embeddable":true,"href":"https:\/\/www.sportchaco.com.ar\/index.php?rest_route=%2Fwp%2Fv2%2Ftags&post=43296"}],"curies":[{"name":"wp","href":"https:\/\/api.w.org\/{rel}","templated":true}]}}