{"id":43301,"date":"2026-09-02T21:12:50","date_gmt":"2026-09-03T00:12:50","guid":{"rendered":"https:\/\/www.sportchaco.com.ar\/?p=43301"},"modified":"2026-09-02T21:12:50","modified_gmt":"2026-09-03T00:12:50","slug":"programacion-del-regional-amateur","status":"publish","type":"post","link":"https:\/\/www.sportchaco.com.ar\/?p=43301","title":{"rendered":"Programaci\u00f3n del Regional Amateur"},"content":{"rendered":"<p><strong>02-09-2026<\/strong><\/p>\n<p><img loading=\"lazy\" decoding=\"async\" class=\"aligncenter size-full wp-image-35874\" src=\"https:\/\/www.sportchaco.com.ar\/wp-content\/uploads\/2026\/04\/Ahorros-de-Verano-BANNERS-WEB_320x50.gif\" alt=\"\" width=\"667\" height=\"104\" \/><\/p>\n<p>El Consejo Federal de AFA dio a conocer d\u00edas, horarios y \u00e1rbitros para el desarrollo de la 2\u00aa fecha de la Regi\u00f3n Litoral Norte del torneo Regional Amateur.<\/p>\n<p>Por la zona 2, Municipal de La Leonesa se presentar\u00e1 en Piran\u00e9 el domingo para jugar ante Estudiantes, que estar\u00e1 debutando en el certamen. Queda libre en esta ocasi\u00f3n el conjunto de Estrellas de Formosa.<\/p>\n<p>Por la zona 3, el d\u00eda s\u00e1bado en Villa Mar\u00edn jugar\u00e1n Resistencia Central, que har\u00e1 su estreno en el certamen, con Deportivo Luj\u00e1n que viene de perder con Central Norte, que ahora tendr\u00e1 la fecha libre.<\/p>\n<p>Ya en la zona 4, a jugarse todo el domingo, el primer turno ser\u00e1 para el cruce entre el l\u00edder, Uni\u00f3n y Fuerza de Corzuela y Comercio de Santa Sylvina; y luego se medir\u00e1n Avenida FC de Villa \u00c1ngela y Sportivo Cultural de Castelli.<\/p>\n<p><strong>REGI\u00d3N LITORAL NORTE<br \/>\nTODA LA 2\u00aa FECHA<br \/>\nZONA 2<br \/>\nDomingo 06-09<\/strong><br \/>\nA las 16, Estudiantes de Piran\u00e9 \u2013 Municipal de La Leonesa.<br \/>\n<strong>\u00c1rbitro:<\/strong> Venancio Rol\u00f3n. <strong>Asistentes:<\/strong> Andr\u00e9s Mart\u00edn y Gabriel Ibarra <em>(todos de Formosa)<\/em><\/p>\n<p><strong>Libre:<\/strong> Estrellas de Formosa<\/p>\n<p><strong>ZONA 3<\/strong><br \/>\n<strong>S\u00e1bado 05-09<\/strong><br \/>\nA las 15:30, Rcia. Central &#8211; Dep. Luj\u00e1n<br \/>\n<strong>\u00c1rbitro:<\/strong> Sebasti\u00e1n Ver\u00f3n. <strong>Asistentes:<\/strong> Bautista Gonz\u00e1lez y Mauricio Rea <em>(todos de Resistencia)<\/em><\/p>\n<p><strong>Libre:<\/strong> Central Norte<\/p>\n<p><strong>ZONA 4<\/strong><br \/>\n<strong>Domingo 06-09<\/strong><br \/>\nA las 16:30, Uni\u00f3n y Fuerza de Corzuela &#8211; Comercio de Santa Sylvina<br \/>\n<strong>\u00c1rbitro:<\/strong> Enrique M\u00e9ndez. <strong>Asistentes:<\/strong> \u00c1ngel D\u00edaz y V\u00edctor Ibarra <em>(todos de Gral. San Mart\u00edn)<\/em><\/p>\n<p>A las 17:30, Avenida FC de Villa \u00c1ngela &#8211; Sp. Cultural de Castelli<br \/>\n<strong>\u00c1rbitro:<\/strong> Leandro D\u00edaz Doro\u00f1uk. <strong>Asistentes:<\/strong> Juan Gamarra Gonz\u00e1lez y Walter Dom\u00ednguez <em>(todos de Las Bre\u00f1as)<\/em><\/p>\n<p><strong>POSICIONES<\/strong><br \/>\n<strong>ZONA 2<\/strong><br \/>\nEstrellas de Formosa 1<br \/>\nMunicipal de La Leonesa 1<br \/>\nEstudiantes de Piran\u00e9 \u2013<\/p>\n<p><strong>ZONA 3<\/strong><br \/>\nCentral Norte 3<br \/>\nDep. Luj\u00e1n 0<br \/>\nRcia. Central \u2013<\/p>\n<p><strong>ZONA 4<\/strong><br \/>\nUni\u00f3n y Fuerza de Corzuela 3<br \/>\nAvenida FC de Villa \u00c1ngela 1<br \/>\nComercio de Santa Sylvina 1<br \/>\nSp. Cultural de Castelli 0<\/p>\n<p><em><strong>Foto: Marcos Ben\u00edtez<\/strong><\/em><\/p>\n<p><img loading=\"lazy\" decoding=\"async\" class=\"aligncenter size-large wp-image-42078\" src=\"https:\/\/www.sportchaco.com.ar\/wp-content\/uploads\/2026\/08\/Banner-testimonio-RES_250x250-03-1024x1024.gif\" sizes=\"auto, (max-width: 1024px) 100vw, 1024px\" srcset=\"https:\/\/www.sportchaco.com.ar\/wp-content\/uploads\/2026\/08\/Banner-testimonio-RES_250x250-03-1024x1024.gif 1024w, https:\/\/www.sportchaco.com.ar\/wp-content\/uploads\/2026\/08\/Banner-testimonio-RES_250x250-03-300x300.gif 300w, https:\/\/www.sportchaco.com.ar\/wp-content\/uploads\/2026\/08\/Banner-testimonio-RES_250x250-03-150x150.gif 150w, https:\/\/www.sportchaco.com.ar\/wp-content\/uploads\/2026\/08\/Banner-testimonio-RES_250x250-03-768x768.gif 768w\" alt=\"\" width=\"1024\" height=\"1024\" \/><\/p>\n","protected":false},"excerpt":{"rendered":"<p>02-09-2026 El Consejo Federal de AFA dio a conocer d\u00edas, horarios y \u00e1rbitros para el desarrollo de la 2\u00aa fecha de la Regi\u00f3n Litoral Norte del torneo Regional Amateur. Por la zona 2, Municipal de La Leonesa se presentar\u00e1 en Piran\u00e9 el domingo para jugar ante Estudiantes, que estar\u00e1 debutando en el certamen. Queda libre &hellip;<\/p>\n","protected":false},"author":3,"featured_media":43302,"comment_status":"open","ping_status":"open","sticky":false,"template":"","format":"standard","meta":{"footnotes":""},"categories":[5],"tags":[],"class_list":["post-43301","post","type-post","status-publish","format-standard","has-post-thumbnail","hentry","category-futbol"],"_links":{"self":[{"href":"https:\/\/www.sportchaco.com.ar\/index.php?rest_route=\/wp\/v2\/posts\/43301","targetHints":{"allow":["GET"]}}],"collection":[{"href":"https:\/\/www.sportchaco.com.ar\/index.php?rest_route=\/wp\/v2\/posts"}],"about":[{"href":"https:\/\/www.sportchaco.com.ar\/index.php?rest_route=\/wp\/v2\/types\/post"}],"author":[{"embeddable":true,"href":"https:\/\/www.sportchaco.com.ar\/index.php?rest_route=\/wp\/v2\/users\/3"}],"replies":[{"embeddable":true,"href":"https:\/\/www.sportchaco.com.ar\/index.php?rest_route=%2Fwp%2Fv2%2Fcomments&post=43301"}],"version-history":[{"count":1,"href":"https:\/\/www.sportchaco.com.ar\/index.php?rest_route=\/wp\/v2\/posts\/43301\/revisions"}],"predecessor-version":[{"id":43304,"href":"https:\/\/www.sportchaco.com.ar\/index.php?rest_route=\/wp\/v2\/posts\/43301\/revisions\/43304"}],"wp:featuredmedia":[{"embeddable":true,"href":"https:\/\/www.sportchaco.com.ar\/index.php?rest_route=\/wp\/v2\/media\/43302"}],"wp:attachment":[{"href":"https:\/\/www.sportchaco.com.ar\/index.php?rest_route=%2Fwp%2Fv2%2Fmedia&parent=43301"}],"wp:term":[{"taxonomy":"category","embeddable":true,"href":"https:\/\/www.sportchaco.com.ar\/index.php?rest_route=%2Fwp%2Fv2%2Fcategories&post=43301"},{"taxonomy":"post_tag","embeddable":true,"href":"https:\/\/www.sportchaco.com.ar\/index.php?rest_route=%2Fwp%2Fv2%2Ftags&post=43301"}],"curies":[{"name":"wp","href":"https:\/\/api.w.org\/{rel}","templated":true}]}}