{"id":43336,"date":"2026-09-03T12:41:28","date_gmt":"2026-09-03T15:41:28","guid":{"rendered":"https:\/\/www.sportchaco.com.ar\/?p=43336"},"modified":"2026-09-03T12:51:16","modified_gmt":"2026-09-03T15:51:16","slug":"la-unne-ratifico-que-recuperara-el-predio-del-cune-para-la-comunidad-universitaria","status":"publish","type":"post","link":"https:\/\/www.sportchaco.com.ar\/?p=43336","title":{"rendered":"La UNNE ratific\u00f3 que recuperar\u00e1 el predio del CUNE para la comunidad universitaria"},"content":{"rendered":"<div id=\"tdi_3\" class=\"tdc-row stretch_row_1200 td-stretch-content\">\n<div class=\"vc_row tdi_4 wpb_row td-pb-row\">\n<div class=\"vc_column tdi_6 wpb_column vc_column_container tdc-column td-pb-span12\">\n<div class=\"wpb_wrapper\">\n<div class=\"td_block_wrap tdb_title tdi_7 tdb-single-title td-pb-border-top td_block_template_10\" data-td-block-uid=\"tdi_7\">\n<div class=\"tdb-block-inner td-fix-index\">\n<h1 class=\"tdb-title-text\"><\/h1>\n<div><\/div>\n<\/div>\n<\/div>\n<\/div>\n<\/div>\n<\/div>\n<\/div>\n<div id=\"tdi_8\" class=\"tdc-row stretch_row_1200 td-stretch-content\">\n<div class=\"vc_row tdi_9 wpb_row td-pb-row\">\n<div class=\"vc_column tdi_11 wpb_column vc_column_container tdc-column td-pb-span8\">\n<div class=\"wpb_wrapper\">\n<div class=\"wpb_wrapper td_block_wrap td_block_wrap tdb_single_current_post tdi_12 td-pb-border-top td_block_template_10\">\n<div class=\"td-fix-index\">\n<div class=\"diaHoraEscuchar\">\n<div class=\"diaHora\">3 de septiembre 2026<\/div>\n<\/div>\n<\/div>\n<\/div>\n<div class=\"wpb_wrapper td_block_wrap td_block_wrap tdb_single_current_post tdi_13 postBajadaTitulo td-pb-border-top td_block_template_10\">\n<div class=\"td-fix-index\">\n<div class=\"td-post-featured-image\">\n<div class=\"img-back\">\n<div class=\"td-post-featured-image\"><\/div>\n<\/div>\n<div class=\"img-front\">\n<div class=\"td-post-featured-image\"><\/div>\n<div><\/div>\n<\/div>\n<\/div>\n<\/div>\n<\/div>\n<div class=\"td_block_wrap tdb_single_content tdi_14 td-pb-border-top td_block_template_10 td-post-content tagdiv-type\" data-td-block-uid=\"tdi_14\">\n<div class=\"tdb-block-inner td-fix-index\">\n<p><strong>El rector de la UNNE, Omar Larroza,<\/strong>\u00a0confirm\u00f3 en\u00a0<strong>7AM<\/strong>\u00a0que la decisi\u00f3n de recuperar el predio que actualmente ocupa el CUNE responde a un proceso de an\u00e1lisis desarrollado durante un largo per\u00edodo y descart\u00f3 que se trate de una medida intempestiva.<\/p>\n<p>Explic\u00f3 que la Universidad revis\u00f3 documentaci\u00f3n, antecedentes jur\u00eddicos y los prop\u00f3sitos fundacionales vinculados al uso del espacio, a partir de reclamos planteados por distintos sectores de la comunidad universitaria.\u00a0<em>\u201c<strong>No fue una decisi\u00f3n intempestiva; esto se estuvo trabajando con el equipo jur\u00eddico, revisando toda la documentaci\u00f3n\u201d,<\/strong><\/em><strong>\u00a0<\/strong>sostuvo.<\/p>\n<p>Larroza se\u00f1al\u00f3 que el objetivo central es reducir la diferencia existente entre los servicios e infraestructura de bienestar disponibles para la comunidad universitaria en Corrientes y en Chaco. En ese sentido, remarc\u00f3 que la UNNE cuenta con instalaciones deportivas administradas directamente por la instituci\u00f3n en la capital correntina y asegur\u00f3 que existe la decisi\u00f3n pol\u00edtica y presupuestaria de brindar prestaciones similares en Resistencia.\u00a0<strong><em>\u201cTenemos la firme decisi\u00f3n de poder brindar exactamente las mismas capacidades que tenemos en Corrientes aqu\u00ed en el Chaco\u201d,\u00a0<\/em><\/strong>afirm\u00f3.<\/p>\n<p>!<img decoding=\"async\" src=\"https:\/\/scontent.fcnq2-2.fna.fbcdn.net\/v\/t51.82787-15\/790505386_18111060548046918_5909221791224753937_n.webp?stp=dst-jpg_tt6&amp;cstp=mx1440x1017&amp;ctp=s1440x1017&amp;_nc_cat=111&amp;ccb=1-7&amp;_nc_sid=127cfc&amp;_nc_eui2=AeGrheDYfmHtJg7TjBNCFVd4Rs-331OhNd9Gz7ffU6E13_Wisaotofe2hLDaSnKK6VQ&amp;_nc_ohc=Bz_DwxGFHOoQ7kNvwG668uu&amp;_nc_oc=Adqbzovk1g536UzOL45g_6UsS4QDLTtYu20ZP771LYUCx4pjiuc3GDFPWLqlIWNvx30&amp;_nc_zt=23&amp;_nc_ht=scontent.fcnq2-2.fna&amp;_nc_gid=iuc6y-ggR0OWEenWaJeZtA&amp;_nc_ss=7b2a8&amp;oh=00_AQLKBrhyM4FWvcQDrj22pgCpewLYwnsXBmKAyirSHES6uQ&amp;oe=6A9F5FC2\" alt=\"Puede ser una imagen de hockey y f\u00fatbol\" \/><\/p>\n<p><em><strong>La comunidad integrada al Cune. Aqu\u00ed las Mamis en Hockey, finalistas del torneo de la Federaci\u00f3n Chaque\u00f1a<\/strong><\/em><\/p>\n<p>Sobre la situaci\u00f3n del CUNE y las inversiones realizadas en el predio, el rector adelant\u00f3 que comenzar\u00e1n reuniones para alcanzar un entendimiento y evaluar las cuestiones estructurales que deban contemplarse en la transici\u00f3n.<\/p>\n<p>Inform\u00f3 adem\u00e1s que el vicerrector, el presidente del club y representantes jur\u00eddicos iniciar\u00edan conversaciones para delinear un plan de trabajo.\u00a0<em>\u201c<strong>Voy a intentar por todos los medios acordar; eso va a ser una matriz en este proceso\u201d<\/strong>,<\/em>\u00a0expres\u00f3, aunque reiter\u00f3 que la Universidad mantiene la decisi\u00f3n de recuperar el espacio para su comunidad.<\/p>\n<p>El proyecto, seg\u00fan explic\u00f3 Larroza, apunta a fortalecer las pol\u00edticas de bienestar, recreaci\u00f3n y deporte para estudiantes, docentes, no docentes y graduados, con la posibilidad de impulsar tambi\u00e9n actividades deportivas federadas y nuevas alianzas estrat\u00e9gicas.<\/p>\n<p>En cuanto a las colonias de vacaciones y otras prestaciones, indic\u00f3 que la gesti\u00f3n revisar\u00e1 su continuidad bajo una nueva matriz, con prioridad en la comunidad universitaria.\u00a0<strong>\u201cLa matriz de gesti\u00f3n ahora se va a centrar exclusivamente en atender\u00a0a los integrantes de la UNNE\u201d<\/strong>, sostuvo, al definir la recuperaci\u00f3n del predio como parte de una pol\u00edtica integral de bienestar y desarrollo deportivo.<\/p>\n<p>&nbsp;<\/p>\n<p><img loading=\"lazy\" decoding=\"async\" class=\"attachment-850x0 size-850x0 wp-post-image\" src=\"https:\/\/i0.wp.com\/radionatagala.com\/wp-content\/uploads\/2026\/09\/larroza.jpg?fit=800%2C500&amp;quality=95&amp;ssl=1\" sizes=\"auto, (max-width: 800px) 100vw, 800px\" srcset=\"https:\/\/i0.wp.com\/radionatagala.com\/wp-content\/uploads\/2026\/09\/larroza.jpg?w=800&amp;quality=95&amp;ssl=1 800w, https:\/\/i0.wp.com\/radionatagala.com\/wp-content\/uploads\/2026\/09\/larroza.jpg?resize=768%2C480&amp;quality=95&amp;ssl=1 768w, https:\/\/i0.wp.com\/radionatagala.com\/wp-content\/uploads\/2026\/09\/larroza.jpg?resize=696%2C435&amp;quality=95&amp;ssl=1 696w\" alt=\"\" width=\"800\" height=\"500\" \/><\/p>\n<div class=\"featured-audio\">\n<div class=\"title-player-wrapper\">\n<div class=\"audio-note__controls\" data-audio=\"audio-player-2\"><\/div>\n<\/div>\n<\/div>\n<\/div>\n<\/div>\n<\/div>\n<\/div>\n<\/div>\n<\/div>\n","protected":false},"excerpt":{"rendered":"<p>3 de septiembre 2026 El rector de la UNNE, Omar Larroza,\u00a0confirm\u00f3 en\u00a07AM\u00a0que la decisi\u00f3n de recuperar el predio que actualmente ocupa el CUNE responde a un proceso de an\u00e1lisis desarrollado durante un largo per\u00edodo y descart\u00f3 que se trate de una medida intempestiva. Explic\u00f3 que la Universidad revis\u00f3 documentaci\u00f3n, antecedentes jur\u00eddicos y los prop\u00f3sitos fundacionales &hellip;<\/p>\n","protected":false},"author":2,"featured_media":43337,"comment_status":"open","ping_status":"open","sticky":false,"template":"","format":"standard","meta":{"footnotes":""},"categories":[44],"tags":[],"class_list":["post-43336","post","type-post","status-publish","format-standard","has-post-thumbnail","hentry","category-varios"],"_links":{"self":[{"href":"https:\/\/www.sportchaco.com.ar\/index.php?rest_route=\/wp\/v2\/posts\/43336","targetHints":{"allow":["GET"]}}],"collection":[{"href":"https:\/\/www.sportchaco.com.ar\/index.php?rest_route=\/wp\/v2\/posts"}],"about":[{"href":"https:\/\/www.sportchaco.com.ar\/index.php?rest_route=\/wp\/v2\/types\/post"}],"author":[{"embeddable":true,"href":"https:\/\/www.sportchaco.com.ar\/index.php?rest_route=\/wp\/v2\/users\/2"}],"replies":[{"embeddable":true,"href":"https:\/\/www.sportchaco.com.ar\/index.php?rest_route=%2Fwp%2Fv2%2Fcomments&post=43336"}],"version-history":[{"count":3,"href":"https:\/\/www.sportchaco.com.ar\/index.php?rest_route=\/wp\/v2\/posts\/43336\/revisions"}],"predecessor-version":[{"id":43341,"href":"https:\/\/www.sportchaco.com.ar\/index.php?rest_route=\/wp\/v2\/posts\/43336\/revisions\/43341"}],"wp:featuredmedia":[{"embeddable":true,"href":"https:\/\/www.sportchaco.com.ar\/index.php?rest_route=\/wp\/v2\/media\/43337"}],"wp:attachment":[{"href":"https:\/\/www.sportchaco.com.ar\/index.php?rest_route=%2Fwp%2Fv2%2Fmedia&parent=43336"}],"wp:term":[{"taxonomy":"category","embeddable":true,"href":"https:\/\/www.sportchaco.com.ar\/index.php?rest_route=%2Fwp%2Fv2%2Fcategories&post=43336"},{"taxonomy":"post_tag","embeddable":true,"href":"https:\/\/www.sportchaco.com.ar\/index.php?rest_route=%2Fwp%2Fv2%2Ftags&post=43336"}],"curies":[{"name":"wp","href":"https:\/\/api.w.org\/{rel}","templated":true}]}}