{"id":43349,"date":"2026-09-04T01:45:11","date_gmt":"2026-09-04T04:45:11","guid":{"rendered":"https:\/\/www.sportchaco.com.ar\/?p=43349"},"modified":"2026-09-04T01:45:11","modified_gmt":"2026-09-04T04:45:11","slug":"la-fecha-se-cerro-con-un-empate","status":"publish","type":"post","link":"https:\/\/www.sportchaco.com.ar\/?p=43349","title":{"rendered":"La fecha se cerr\u00f3 con un empate"},"content":{"rendered":"<p><strong>04-09-2026<\/strong><\/p>\n<p><img loading=\"lazy\" decoding=\"async\" class=\"aligncenter size-full wp-image-42579\" src=\"https:\/\/www.sportchaco.com.ar\/wp-content\/uploads\/2026\/08\/Banners-ago-26.gif\" alt=\"\" width=\"720\" height=\"90\" \/><\/p>\n<p>Este jueves han finalizado todos los partidos programados de la 9\u00aa fecha del torneo Clausura \u00abHugo Saucedo\u00bb de la Liga Chaque\u00f1a de F\u00fatbol.<\/p>\n<p>Por la zona \u00abB\u00bb, Don Orione y Deportivo G\u00fciraldes en el \u00abPedro Biolchi\u00bb de Barranqueras empataron 1 a 1 por los goles de Nahuel Acevedo para el \u00abportuario\u00bb y Cristian Silva para el \u00abG\u00fcira\u00bb.<\/p>\n<p>Lo que restar\u00e1 jugar ser\u00e1 el cl\u00e1sico de Puerto Tirol que fue programado reci\u00e9n para el domingo 13 de septiembre con horario a definir.<\/p>\n<p>Cabe recordar que este fin de semana no habr\u00e1 f\u00fatbol liguista porque se realizar\u00e1 l<span data-subtree=\"aimfl,mfl\" data-copy-service-computed-style=\"font-family: &quot;Google Sans&quot;, Arial, sans-serif, &quot;Noto Color Emoji&quot;; font-size: 16px; font-weight: 400; margin: 0px; text-decoration: none; border-bottom: 0px rgb(230, 232, 240);\">a 22\u00aa edici\u00f3n del torneo Internacional de Pesca del Dorado con Devoluci\u00f3n en la Isla del Cerrito y la polic\u00eda estar\u00e1 abocada a dicho evento.<\/span><\/p>\n<p><strong>TORNEO CLAUSURA \u00abHUGO SAUCEDO\u00bb<br \/>\n<\/strong><strong>TODA LA 9\u00aa FECHA<br \/>\n<\/strong><strong>ZONA \u201cA\u201d<br \/>\n<\/strong><strong>Mi\u00e9rcoles 02-09<br \/>\n<\/strong>Regional 1 \u2013 Estudiantes 2<br \/>\n<em>*suspendido por incidentes a los 44ST<\/em><br \/>\nDep. Itat\u00ed 2 \u2013 Dep. Luj\u00e1n 2, en Estudiantes<br \/>\nSarmiento 1 \u2013 Rcia. Central 2, en V\u00e9lez<br \/>\nFor Ever 0 \u2013 Defensores 3, en Bancarios<br \/>\nFontana 3 \u2013 Central Ben\u00edtez 1<\/p>\n<p><strong>Libre:<\/strong>\u00a0CUNE<\/p>\n<p><strong>ZONA \u00abB\u00bb<\/strong><br \/>\n<strong>Mi\u00e9rcoles 02-09<br \/>\n<\/strong>Empleados de Comercio 1 \u2013 Central Norte 3<br \/>\nSan Mart\u00edn (MB) 6 \u2013 Policiales 0<br \/>\nParque Patricios 0 \u2013 Villa Alvear 1, en Chaco Hebr\u00f3n<\/p>\n<p><strong>Jueves 03-09<\/strong><br \/>\nDon Orione 1 \u2013 Dep. G\u00fciraldes 1<\/p>\n<p><strong>Domingo 13-09<\/strong><br \/>\nIndep. Tirol \u2013 Juventud\u00a0<em>(horario a definir)<\/em><\/p>\n<p><strong>Libre:<\/strong>\u00a0Bancarios<\/p>\n<p><strong>POSICIONES<\/strong><br \/>\n<strong>ZONA \u00abA\u00bb<\/strong><br \/>\nRcia. Central 19<br \/>\nEstudiantes 17**<br \/>\nDefensores 15*<br \/>\nRegional 14**<br \/>\nFontana 13<br \/>\nDep. Luj\u00e1n 8<br \/>\nSarmiento 7<br \/>\nCentral Ben\u00edtez 7<br \/>\nFor Ever 7<br \/>\nDep. Itat\u00ed 7<br \/>\nCUNE 5*<br \/>\n<em>*Deben su partido de la 6\u00aa fecha<br \/>\n**Suspendido a los 44ST cuando Estudiantes le ganaba a Regional 2-1. Define el Tribunal de Disciplina.\u00a0<\/em><\/p>\n<p><strong>ZONA \u00abB\u00bb<\/strong><br \/>\nCentral Norte 20<br \/>\nSan Mart\u00edn (MB) 19<br \/>\nDon Orione 15<br \/>\nJuventud 10<br \/>\nBancarios 10<br \/>\nVilla Alvear 10<br \/>\nPoliciales 9<br \/>\nEmpleados de Comercio 9<br \/>\nDep. G\u00fciraldes 9<br \/>\nIndep. Tirol 4<br \/>\nParque Patricios 2<\/p>\n<p><strong>PR\u00d3XIMA FECHA (10\u00aa)<\/strong><br \/>\n<strong>ZONA \u00abA\u00bb<br \/>\n<\/strong>Regional \u2013 Defensores<br \/>\nCUNE \u2013 Fontana<br \/>\nSarmiento \u2013 Central Ben\u00edtez<br \/>\nDep. Luj\u00e1n \u2013 For Ever<br \/>\nRcia. Central \u2013 Dep. Itat\u00ed<br \/>\n<strong>Libre:<\/strong>\u00a0Estudiantes<\/p>\n<p><strong>ZONA \u00abB\u00bb<\/strong><br \/>\nPoliciales \u2013 Indep. Tirol<br \/>\nJuventud \u2013 Empleados de Comercio<br \/>\nDep. G\u00fciraldes \u2013 Central Norte<br \/>\nVilla Alvear \u2013 Don Orione<br \/>\nBancarios \u2013 Parque Patricios<br \/>\n<strong>Libre:<\/strong>\u00a0San Mart\u00edn (MB)<\/p>\n<p><img loading=\"lazy\" decoding=\"async\" class=\"aligncenter size-large wp-image-17160\" src=\"https:\/\/www.sportchaco.com.ar\/wp-content\/uploads\/2025\/03\/gob-makalle-821x1024.jpg\" sizes=\"auto, (max-width: 821px) 100vw, 821px\" srcset=\"https:\/\/www.sportchaco.com.ar\/wp-content\/uploads\/2025\/03\/gob-makalle-821x1024.jpg 821w, https:\/\/www.sportchaco.com.ar\/wp-content\/uploads\/2025\/03\/gob-makalle-240x300.jpg 240w, https:\/\/www.sportchaco.com.ar\/wp-content\/uploads\/2025\/03\/gob-makalle-768x958.jpg 768w, https:\/\/www.sportchaco.com.ar\/wp-content\/uploads\/2025\/03\/gob-makalle-1231x1536.jpg 1231w, https:\/\/www.sportchaco.com.ar\/wp-content\/uploads\/2025\/03\/gob-makalle.jpg 1440w\" alt=\"\" width=\"821\" height=\"1024\" \/><\/p>\n","protected":false},"excerpt":{"rendered":"<p>04-09-2026 Este jueves han finalizado todos los partidos programados de la 9\u00aa fecha del torneo Clausura \u00abHugo Saucedo\u00bb de la Liga Chaque\u00f1a de F\u00fatbol. Por la zona \u00abB\u00bb, Don Orione y Deportivo G\u00fciraldes en el \u00abPedro Biolchi\u00bb de Barranqueras empataron 1 a 1 por los goles de Nahuel Acevedo para el \u00abportuario\u00bb y Cristian Silva &hellip;<\/p>\n","protected":false},"author":3,"featured_media":43367,"comment_status":"open","ping_status":"open","sticky":false,"template":"","format":"standard","meta":{"footnotes":""},"categories":[5],"tags":[],"class_list":["post-43349","post","type-post","status-publish","format-standard","has-post-thumbnail","hentry","category-futbol"],"_links":{"self":[{"href":"https:\/\/www.sportchaco.com.ar\/index.php?rest_route=\/wp\/v2\/posts\/43349","targetHints":{"allow":["GET"]}}],"collection":[{"href":"https:\/\/www.sportchaco.com.ar\/index.php?rest_route=\/wp\/v2\/posts"}],"about":[{"href":"https:\/\/www.sportchaco.com.ar\/index.php?rest_route=\/wp\/v2\/types\/post"}],"author":[{"embeddable":true,"href":"https:\/\/www.sportchaco.com.ar\/index.php?rest_route=\/wp\/v2\/users\/3"}],"replies":[{"embeddable":true,"href":"https:\/\/www.sportchaco.com.ar\/index.php?rest_route=%2Fwp%2Fv2%2Fcomments&post=43349"}],"version-history":[{"count":2,"href":"https:\/\/www.sportchaco.com.ar\/index.php?rest_route=\/wp\/v2\/posts\/43349\/revisions"}],"predecessor-version":[{"id":43368,"href":"https:\/\/www.sportchaco.com.ar\/index.php?rest_route=\/wp\/v2\/posts\/43349\/revisions\/43368"}],"wp:featuredmedia":[{"embeddable":true,"href":"https:\/\/www.sportchaco.com.ar\/index.php?rest_route=\/wp\/v2\/media\/43367"}],"wp:attachment":[{"href":"https:\/\/www.sportchaco.com.ar\/index.php?rest_route=%2Fwp%2Fv2%2Fmedia&parent=43349"}],"wp:term":[{"taxonomy":"category","embeddable":true,"href":"https:\/\/www.sportchaco.com.ar\/index.php?rest_route=%2Fwp%2Fv2%2Fcategories&post=43349"},{"taxonomy":"post_tag","embeddable":true,"href":"https:\/\/www.sportchaco.com.ar\/index.php?rest_route=%2Fwp%2Fv2%2Ftags&post=43349"}],"curies":[{"name":"wp","href":"https:\/\/api.w.org\/{rel}","templated":true}]}}