{"id":43363,"date":"2026-09-03T20:04:47","date_gmt":"2026-09-03T23:04:47","guid":{"rendered":"https:\/\/www.sportchaco.com.ar\/?p=43363"},"modified":"2026-09-03T20:04:56","modified_gmt":"2026-09-03T23:04:56","slug":"noche-de-basquetbol-en-toda-la-provincia-con-el-prefederal","status":"publish","type":"post","link":"https:\/\/www.sportchaco.com.ar\/?p=43363","title":{"rendered":"Noche de b\u00e1squetbol en toda la provincia con el Prefederal"},"content":{"rendered":"<header class=\"qc-article__header\">\n<div class=\"qc-article__volanta\">Prefederal provincial 2026: Autoridades confirmadas: los \u00e1rbitros que impartir\u00e1n justicia en la cuarta fecha. <i>La programaci\u00f3n tendr\u00e1 actividad en las zonas A y B, con dos partidos desde las 21.30 y otros dos a partir de las 22.<\/i><\/div>\n<p>&nbsp;<\/p>\n<p>&nbsp;<\/p>\n<\/header>\n<div class=\"qc-article__media\">\n<div class=\"qc-article__media-frame\">\n<figure class=\"qc-article__photo-wrap\"><\/figure>\n<div class=\"qc-article__actions\">\n<div class=\"qc-share-inline\" aria-label=\"Compartir noticia\"><\/div>\n<\/div>\n<\/div>\n<\/div>\n<div class=\"qc-article__body\">\n<p><strong>La Federaci\u00f3n Chaque\u00f1a de B\u00e1squet confirm\u00f3 las autoridades que tendr\u00e1n a su cargo el control de los partidos correspondientes a la cuarta jornada del Torneo Prefederal Provincial 2026.<\/strong><\/p>\n<p>Ocho \u00e1rbitros y cuatro comisionados t\u00e9cnicos fueron designados para los encuentros que se desarrollar\u00e1n este viernes 4 de septiembre en Resistencia, Villa \u00c1ngela, Charata y Presidencia Roque S\u00e1enz Pe\u00f1a. La programaci\u00f3n comenzar\u00e1 a las 21.30 con Don Bosco-Social Las Bre\u00f1as y H\u00e9rcules-Hind\u00fa. Desde las 22 se disputar\u00e1n los compromisos Uni\u00f3n Progresista-Cooperativa y Acci\u00f3n-Urquiza.<\/p>\n<p>&nbsp;<\/p>\n<p><img loading=\"lazy\" decoding=\"async\" class=\"qc-article__photo\" src=\"https:\/\/quintocuartonea.com\/media\/articles\/photos\/pitos.webp\" alt=\"Autoridades confirmadas: los \u00e1rbitros que impartir\u00e1n justicia en la cuarta fecha\" width=\"1280\" height=\"720\" \/>Acu\u00f1a, Chavez y Zamprogno<\/p>\n<h2>Todas las designaciones<\/h2>\n<p><strong>Zona A<\/strong><\/p>\n<ul>\n<li data-list-item-id=\"ed004850d8b4fd77ad9979aca9d07827e\"><strong>21.30: Don Bosco vs. Social Las Bre\u00f1as.<\/strong>\u00a0\u00c1rbitros: Julio V\u00e1squez y Juan Gonzales. Comisionada t\u00e9cnica: Nancy Filipoff.<\/li>\n<li data-list-item-id=\"e41d1cdce99a53b2b9d89f99298638abe\"><strong>22: Uni\u00f3n Progresista vs. Cooperativa.<\/strong>\u00a0\u00c1rbitros: Gonzalo Castro y Franco Terjes. Comisionado t\u00e9cnico: Gonzalo Durand.<\/li>\n<\/ul>\n<p><strong>Zona B<\/strong><\/p>\n<ul>\n<li data-list-item-id=\"e0944134f719430cecaed8d2402cc4219\"><strong>21.30: H\u00e9rcules vs. Hind\u00fa.<\/strong>\u00a0\u00c1rbitros: Lucas T\u00e9vez y Fabricio Ranea. Comisionada t\u00e9cnica: Alejandra Moreno.<\/li>\n<li data-list-item-id=\"ec80474eb4da02674da56866c902d6918\"><strong>22: Acci\u00f3n vs. Urquiza.<\/strong>\u00a0\u00c1rbitros: Juli\u00e1n Ch\u00e1vez y Fernando Godoy. Comisionada t\u00e9cnica: Daniela Vel\u00e1squez.<\/li>\n<li data-list-item-id=\"ec80474eb4da02674da56866c902d6918\">\n<header class=\"qc-article__header\">\n<h1 class=\"qc-article__title\">Progre refuerza sus alas: Tom\u00e1s Vico aterriz\u00f3 en Villa \u00c1ngela<\/h1>\n<p><i>El perimetral santafesino se incorpor\u00f3 a Uni\u00f3n Progresista y ya cumpli\u00f3 su primer entrenamiento en el estadio Carlos \u201cMona\u201d Lobera. Puede desempe\u00f1arse como base, escolta y alero, y estar\u00e1 a disposici\u00f3n para el compromiso del viernes ante Cooperativa de Charata.<\/i><\/p>\n<p>&nbsp;<\/p>\n<\/header>\n<div class=\"qc-article__media\">\n<div class=\"qc-article__media-frame\">\n<figure class=\"qc-article__photo-wrap\"><img loading=\"lazy\" decoding=\"async\" class=\"qc-article__photo\" src=\"https:\/\/quintocuartonea.com\/media\/articles\/photos\/whatsapp-image-2026-09-01-at-122451.webp\" alt=\"Progre refuerza sus alas: Tom\u00e1s Vico aterriz\u00f3 en Villa \u00c1ngela\" width=\"1280\" height=\"720\" \/><\/figure>\n<p><em><strong>Tomas Vico se suma a Uni\u00f3n Progresista de Villa Angela y debuta frente a Cooperativa.<\/strong><\/em><\/p>\n<div class=\"qc-article__actions\">\n<div class=\"qc-share-inline\" aria-label=\"Compartir noticia\"><\/div>\n<\/div>\n<\/div>\n<\/div>\n<div class=\"qc-article__body\">\n<p><strong>Uni\u00f3n Progresista sum\u00f3 oficialmente a Tom\u00e1s Vico para afrontar la continuidad del torneo Prefederal Provincial.<\/strong>\u00a0El jugador oriundo de Santo Tom\u00e9, Santa Fe, llega a Villa \u00c1ngela para ocupar un rol importante dentro de la estructura del equipo durante el per\u00edodo en el que Stefano Zarco permanecer\u00e1 fuera de las canchas.<\/p>\n<p>Vico ya se puso la camiseta de \u201cLas \u00c1guilas\u201d y durante la noche del martes complet\u00f3 su primer entrenamiento junto al plantel profesional en el estadio Carlos \u201cMona\u201d Lobera. Fue su primer contacto con sus nuevos compa\u00f1eros y el cuerpo t\u00e9cnico, iniciando de inmediato el proceso de adaptaci\u00f3n al sistema de juego.<\/p>\n<figure class=\"image image-style-side\"><img loading=\"lazy\" decoding=\"async\" src=\"https:\/\/quintocuartonea.com\/media\/WhatsApp%20Image%202026-09-01%20at%2012.24.51%20(1).jpeg\" width=\"718\" height=\"1017\" \/><\/figure>\n<p>La nueva incorporaci\u00f3n es un jugador perimetral vers\u00e1til, con capacidad para desempe\u00f1arse como base, escolta y alero. Entre sus principales caracter\u00edsticas aparecen la capacidad ofensiva, el juego uno contra uno, la generaci\u00f3n de su propio lanzamiento y la habilidad para romper defensas y asistir a sus compa\u00f1eros. Adem\u00e1s, cuenta con experiencia en la Liga Argentina y la Liga Federal. A lo largo de su carrera pas\u00f3 por Sportivo Suardi, Almagro de Esperanza y Santa Paula de G\u00e1lvez, antecedentes que le permitir\u00e1n aportar variantes, experiencia y soluciones en distintos sectores del per\u00edmetro.<\/p>\n<p>Su incorporaci\u00f3n tiene como objetivo mantener la estructura y competitividad del plantel ante la ausencia temporal de Zarco. De esta manera, el entrenador tendr\u00e1 una nueva alternativa tanto para la conducci\u00f3n como para la generaci\u00f3n ofensiva en una etapa importante de la competencia provincial.<\/p>\n<p>Vico deber\u00e1 acelerar su puesta a punto debido a que Uni\u00f3n Progresista volver\u00e1 a presentarse este viernes. \u201cLas \u00c1guilas\u201d jugar\u00e1n nuevamente como locales y recibir\u00e1n en Villa \u00c1ngela a Cooperativa de Charata, en un compromiso para el cual el flamante refuerzo buscar\u00e1 estar disponible.\u00a0<i><strong>\u201cBienvenido a Progre, Tom\u00e1s. Las \u00c1guilas siguen trabajando. El viernes, nuevamente en casa\u201d,\u00a0<\/strong><\/i>expres\u00f3 la instituci\u00f3n villangelense al oficializar su llegada.<\/p>\n<p><span class=\"text-small\"><i>Fuente: Diego Gonz\u00e1lez<\/i><\/span><\/p>\n<\/div>\n<div class=\"qc-article__author\">Firma: Guillermo Koster<\/div>\n<\/li>\n<\/ul>\n<\/div>\n<div class=\"qc-article__author\">Firma: Guillermo Koster<\/div>\n","protected":false},"excerpt":{"rendered":"<p>Prefederal provincial 2026: Autoridades confirmadas: los \u00e1rbitros que impartir\u00e1n justicia en la cuarta fecha. La programaci\u00f3n tendr\u00e1 actividad en las zonas A y B, con dos partidos desde las 21.30 y otros dos a partir de las 22. &nbsp; &nbsp; La Federaci\u00f3n Chaque\u00f1a de B\u00e1squet confirm\u00f3 las autoridades que tendr\u00e1n a su cargo el control &hellip;<\/p>\n","protected":false},"author":2,"featured_media":43364,"comment_status":"open","ping_status":"open","sticky":false,"template":"","format":"standard","meta":{"footnotes":""},"categories":[3],"tags":[],"class_list":["post-43363","post","type-post","status-publish","format-standard","has-post-thumbnail","hentry","category-basquetbol"],"_links":{"self":[{"href":"https:\/\/www.sportchaco.com.ar\/index.php?rest_route=\/wp\/v2\/posts\/43363","targetHints":{"allow":["GET"]}}],"collection":[{"href":"https:\/\/www.sportchaco.com.ar\/index.php?rest_route=\/wp\/v2\/posts"}],"about":[{"href":"https:\/\/www.sportchaco.com.ar\/index.php?rest_route=\/wp\/v2\/types\/post"}],"author":[{"embeddable":true,"href":"https:\/\/www.sportchaco.com.ar\/index.php?rest_route=\/wp\/v2\/users\/2"}],"replies":[{"embeddable":true,"href":"https:\/\/www.sportchaco.com.ar\/index.php?rest_route=%2Fwp%2Fv2%2Fcomments&post=43363"}],"version-history":[{"count":2,"href":"https:\/\/www.sportchaco.com.ar\/index.php?rest_route=\/wp\/v2\/posts\/43363\/revisions"}],"predecessor-version":[{"id":43366,"href":"https:\/\/www.sportchaco.com.ar\/index.php?rest_route=\/wp\/v2\/posts\/43363\/revisions\/43366"}],"wp:featuredmedia":[{"embeddable":true,"href":"https:\/\/www.sportchaco.com.ar\/index.php?rest_route=\/wp\/v2\/media\/43364"}],"wp:attachment":[{"href":"https:\/\/www.sportchaco.com.ar\/index.php?rest_route=%2Fwp%2Fv2%2Fmedia&parent=43363"}],"wp:term":[{"taxonomy":"category","embeddable":true,"href":"https:\/\/www.sportchaco.com.ar\/index.php?rest_route=%2Fwp%2Fv2%2Fcategories&post=43363"},{"taxonomy":"post_tag","embeddable":true,"href":"https:\/\/www.sportchaco.com.ar\/index.php?rest_route=%2Fwp%2Fv2%2Ftags&post=43363"}],"curies":[{"name":"wp","href":"https:\/\/api.w.org\/{rel}","templated":true}]}}