{"id":43369,"date":"2026-09-04T10:55:40","date_gmt":"2026-09-04T13:55:40","guid":{"rendered":"https:\/\/www.sportchaco.com.ar\/?p=43369"},"modified":"2026-09-04T10:55:40","modified_gmt":"2026-09-04T13:55:40","slug":"boca-va-sin-paredes-y-con-suplentes-a-mendoza","status":"publish","type":"post","link":"https:\/\/www.sportchaco.com.ar\/?p=43369","title":{"rendered":"Boca va sin Paredes y con suplentes a Mendoza"},"content":{"rendered":"<div class=\"c-stack b-single-chain\" data-style-direction=\"vertical\" data-style-justification=\"start\" data-style-alignment=\"unset\" data-style-inline=\"false\" data-style-wrap=\"nowrap\">\n<div class=\"c-stack b-single-chain__children-stack\" data-style-direction=\"vertical\" data-style-justification=\"start\" data-style-alignment=\"unset\" data-style-inline=\"false\" data-style-wrap=\"nowrap\">\n<h1 class=\"p12Heading h1 p12Header \"><\/h1>\n<h5 class=\"p12Heading h3 p12Header \">Rodolfo Arruabarrena plantear\u00e1 un equipo alternativo, en relaci\u00f3n a los 11 que jugaron por la Copa Argentina. El martes Boca juega por Sudamericana. El\u00a0<b>11 de Boca<\/b> para enfrentar a Gimnasia de Mendoza: Montero; Gorosito, Figal, ellegrino, Satas; Rey Domenech, Alarc\u00f3n, Kevin Zen\u00f3n; Palacios; Flores y\u00a0 Valencia.<\/h5>\n<div class=\"p12-article-info\">\n<hr class=\"p12-divider p12-divider--horizontal  \" aria-hidden=\"true\" \/>\n<div class=\"article-info-content\">\n<div class=\"right-content\">\n<div class=\"p12SocialIcons\">\n<ul class=\"social-list   p12SocialShare\">\n<li class=\"social-whatsapp social-list-item\"><\/li>\n<li class=\"social-mail social-list-item\"><\/li>\n<\/ul>\n<\/div>\n<\/div>\n<\/div>\n<hr class=\"p12-divider p12-divider--horizontal  \" aria-hidden=\"true\" \/>\n<\/div>\n<div class=\"p12-lead-art\">\n<figure class=\"c-media-item\">\n<div class=\"p12-lead-art__image-wrapper\"><picture class=\"c-picture\"><source srcset=\"https:\/\/www.pagina12.com.ar\/resizer\/v2\/RASF2C6ZHFF2XDQXATZCPNFN4Y.JPG?quality=75&amp;auth=a32e0189abd6e3d8fdf1236db54020a80a9c87368d63936ec77cbc9a4c9c2bd3&amp;width=380\" media=\"(max-width: 767px)\" \/><img decoding=\"async\" class=\"c-image\" src=\"https:\/\/www.pagina12.com.ar\/resizer\/v2\/RASF2C6ZHFF2XDQXATZCPNFN4Y.JPG?quality=75&amp;auth=a32e0189abd6e3d8fdf1236db54020a80a9c87368d63936ec77cbc9a4c9c2bd3&amp;width=3779\" srcset=\"https:\/\/www.pagina12.com.ar\/resizer\/v2\/RASF2C6ZHFF2XDQXATZCPNFN4Y.JPG?quality=75&amp;auth=a32e0189abd6e3d8fdf1236db54020a80a9c87368d63936ec77cbc9a4c9c2bd3&amp;width=980 980w\" alt=\"\" width=\"3779\" height=\"NaN\" data-chromatic=\"ignore\" \/><\/picture><\/div><figcaption class=\"c-media-item__fig-caption\"><span class=\"c-media-item__credit\">Juan Jose Garcia<\/span><\/figcaption><\/figure>\n<\/div>\n<\/div>\n<\/div>\n<div class=\"article-content\">\n<article class=\"p12-article-body  \">\n<p class=\"c-paragraph\"><b>En seis d\u00edas Boca jugar\u00e1 tres partidos<\/b>: el s\u00e1bado visitar\u00e1 Mendoza, el martes recibir\u00e1 al Sao Paulo y el viernes volver\u00e1 a jugar en la Bombonera.<\/p>\n<p class=\"c-paragraph\">A esa agenda se le suman varias bajas por lesi\u00f3n, adem\u00e1s del cansancio despu\u00e9s de la acumulaci\u00f3n de\u00a0<b>13 partidos<\/b>\u00a0en menos de un mes y medio.<\/p>\n<p class=\"c-paragraph\"><b>Leandro Paredes<\/b>\u00a0fue la principal preocupaci\u00f3n luego del duelo contra V\u00e9lez: dej\u00f3 el campo de juego por una molestia y se encendieron, nuevamente, las alarmas en un plantel que ya perdi\u00f3 a\u00a0<b>Tom\u00e1s Aranda<\/b>\u00a0y a\u00a0<b>Milton Delgado<\/b>, futbolistas base del buen recambio en Boca.<\/p>\n<p class=\"c-paragraph\">El capit\u00e1n arrastra una\u00a0<b>contractura\u00a0<\/b>y no formar\u00e1 parte del equipo titular. En relaci\u00f3n a los 11 que jugaron contra V\u00e9lez, el\u00a0<i>Vasco<\/i>\u00a0solo repetir\u00eda\u00a0<b>arquero<\/b>.<\/p>\n<figure class=\"c-media-item p12-article-body__image\"><picture class=\"c-picture\"><source srcset=\"https:\/\/www.pagina12.com.ar\/resizer\/v2\/ZB735YICOFFWZI727SSD752M4Y.jpg?quality=75&amp;auth=42423f920ec30cdd693a804a6b889105db0f07489112016d524a86da0a9717d7&amp;width=380\" media=\"(max-width: 767px)\" \/><img decoding=\"async\" class=\"c-image\" src=\"https:\/\/www.pagina12.com.ar\/resizer\/v2\/ZB735YICOFFWZI727SSD752M4Y.jpg?quality=75&amp;auth=42423f920ec30cdd693a804a6b889105db0f07489112016d524a86da0a9717d7&amp;width=1276\" srcset=\"https:\/\/www.pagina12.com.ar\/resizer\/v2\/ZB735YICOFFWZI727SSD752M4Y.jpg?quality=75&amp;auth=42423f920ec30cdd693a804a6b889105db0f07489112016d524a86da0a9717d7&amp;width=980 980w\" alt=\"PRENSA BOCA \n    boca   paredes\" width=\"1276\" height=\"NaN\" data-chromatic=\"ignore\" \/><\/picture><figcaption class=\"c-media-item__fig-caption\"><span class=\"c-media-item__title\">boca paredes\u00a0<\/span><span class=\"c-media-item__caption\">PRENSA BOCA boca paredes\u00a0<\/span><span class=\"c-media-item__credit\">PRENSA BOCA<\/span><\/figcaption><\/figure>\n<h3 class=\"p12-article-body__h3\">El posible 11 de Boca<\/h3>\n<p class=\"c-paragraph\">Boca jugar\u00e1 el\u00a0<b>s\u00e1bado<\/b>\u00a0desde las\u00a0<b>16.30<\/b>\u00a0en Mendoza contra Gimnasia, por la 8\u00b0 fecha del Torneo Clausura.<\/p>\n<p class=\"c-paragraph\">Entre los titulares estar\u00e1, por primera vez, el ecuatoriano\u00a0<b>Enner Valencia<\/b>. Adem\u00e1s, volver\u00e1\u00a0<b>Carlos Palacios<\/b>\u00a0y aparece\u00a0<b>Mat\u00edas Satas<\/b>, el defensor de 18 a\u00f1os formado en Boca Predio.<\/p>\n<figure class=\"c-media-item p12-article-body__image\"><picture class=\"c-picture\"><source srcset=\"https:\/\/www.pagina12.com.ar\/resizer\/v2\/CZL34JUTAJCN3G7TTOTBRFDEEI.jpeg?quality=75&amp;auth=a6a3c388e2d7d23f2fc435f90e7d67ced1b1ae3937e45e3a1629a6019e36e918&amp;width=380\" media=\"(max-width: 767px)\" \/><img decoding=\"async\" class=\"c-image\" src=\"https:\/\/www.pagina12.com.ar\/resizer\/v2\/CZL34JUTAJCN3G7TTOTBRFDEEI.jpeg?quality=75&amp;auth=a6a3c388e2d7d23f2fc435f90e7d67ced1b1ae3937e45e3a1629a6019e36e918&amp;width=1284\" srcset=\"https:\/\/www.pagina12.com.ar\/resizer\/v2\/CZL34JUTAJCN3G7TTOTBRFDEEI.jpeg?quality=75&amp;auth=a6a3c388e2d7d23f2fc435f90e7d67ced1b1ae3937e45e3a1629a6019e36e918&amp;width=980 980w\" alt=\"\" width=\"1284\" height=\"NaN\" data-chromatic=\"ignore\" \/><\/picture><figcaption class=\"c-media-item__fig-caption\"><span class=\"c-media-item__title\">Mat\u00edas Satas\u00a0<\/span><span class=\"c-media-item__credit\">Redes Boca Predio<\/span><\/figcaption><\/figure>\n<p class=\"c-paragraph\">El\u00a0<b>11 de Boca<\/b>\u00a0para enfrentar a Gimnasia de Mendoza:<\/p>\n<p class=\"c-paragraph\">\u00c1lvaro Montero; Dylan Gorosito, Nicol\u00e1s Figal, Marco Pellegrino, Mat\u00edas Satas; Camilo Rey Domenech, Williams Alarc\u00f3n, Kevin Zen\u00f3n; Carlos Palacios; Leonel Flores y Enner Valencia.<\/p>\n<h3 class=\"p12-article-body__h3\">La agenda de Boca<\/h3>\n<p class=\"c-paragraph\">El cierre de la temporada avanza y Boca tiene la agenda completa:<\/p>\n<ul>\n<li>S\u00e1bado 5 de septiembre vs Gimnasia -M-: 16.30hs -Clausura-<\/li>\n<li>Martes 8 de septiembre vs Sao Paulo: 21.30hs -Sudamericana-<\/li>\n<li>Viernes 11 de septiembre vs Central C\u00f3rdoba: 21.30hs -Clausura-<\/li>\n<li>Martes 15 de septiembre vs Sao Paulo: 21.30hs -Sudamericana-<\/li>\n<li>Domingo 20 de septiembre vs San Lorenzo: 14.45hs -Clausura-<\/li>\n<li>Domingo 27 de septiembre vs Racing: 19hs -Copa Argentina-<\/li>\n<\/ul>\n<h3 class=\"p12-article-body__h3\">El Changuito en Monza<\/h3>\n<p class=\"c-paragraph\">Exequiel Zeballos fue presentado en Italia, luego de dejar la Ribera. Su contrato con el Monza es hasta junio de 2030. Fuente P\u00e1gina 12<\/p>\n<p>&nbsp;<\/p>\n<\/article>\n<\/div>\n","protected":false},"excerpt":{"rendered":"<p>Rodolfo Arruabarrena plantear\u00e1 un equipo alternativo, en relaci\u00f3n a los 11 que jugaron por la Copa Argentina. El martes Boca juega por Sudamericana. El\u00a011 de Boca para enfrentar a Gimnasia de Mendoza: Montero; Gorosito, Figal, ellegrino, Satas; Rey Domenech, Alarc\u00f3n, Kevin Zen\u00f3n; Palacios; Flores y\u00a0 Valencia. Juan Jose Garcia En seis d\u00edas Boca jugar\u00e1 tres &hellip;<\/p>\n","protected":false},"author":2,"featured_media":43370,"comment_status":"open","ping_status":"open","sticky":false,"template":"","format":"standard","meta":{"footnotes":""},"categories":[47],"tags":[],"class_list":["post-43369","post","type-post","status-publish","format-standard","has-post-thumbnail","hentry","category-nacionales"],"_links":{"self":[{"href":"https:\/\/www.sportchaco.com.ar\/index.php?rest_route=\/wp\/v2\/posts\/43369","targetHints":{"allow":["GET"]}}],"collection":[{"href":"https:\/\/www.sportchaco.com.ar\/index.php?rest_route=\/wp\/v2\/posts"}],"about":[{"href":"https:\/\/www.sportchaco.com.ar\/index.php?rest_route=\/wp\/v2\/types\/post"}],"author":[{"embeddable":true,"href":"https:\/\/www.sportchaco.com.ar\/index.php?rest_route=\/wp\/v2\/users\/2"}],"replies":[{"embeddable":true,"href":"https:\/\/www.sportchaco.com.ar\/index.php?rest_route=%2Fwp%2Fv2%2Fcomments&post=43369"}],"version-history":[{"count":1,"href":"https:\/\/www.sportchaco.com.ar\/index.php?rest_route=\/wp\/v2\/posts\/43369\/revisions"}],"predecessor-version":[{"id":43371,"href":"https:\/\/www.sportchaco.com.ar\/index.php?rest_route=\/wp\/v2\/posts\/43369\/revisions\/43371"}],"wp:featuredmedia":[{"embeddable":true,"href":"https:\/\/www.sportchaco.com.ar\/index.php?rest_route=\/wp\/v2\/media\/43370"}],"wp:attachment":[{"href":"https:\/\/www.sportchaco.com.ar\/index.php?rest_route=%2Fwp%2Fv2%2Fmedia&parent=43369"}],"wp:term":[{"taxonomy":"category","embeddable":true,"href":"https:\/\/www.sportchaco.com.ar\/index.php?rest_route=%2Fwp%2Fv2%2Fcategories&post=43369"},{"taxonomy":"post_tag","embeddable":true,"href":"https:\/\/www.sportchaco.com.ar\/index.php?rest_route=%2Fwp%2Fv2%2Ftags&post=43369"}],"curies":[{"name":"wp","href":"https:\/\/api.w.org\/{rel}","templated":true}]}}