{"id":43389,"date":"2026-09-04T19:00:40","date_gmt":"2026-09-04T22:00:40","guid":{"rendered":"https:\/\/www.sportchaco.com.ar\/?p=43389"},"modified":"2026-09-04T19:08:42","modified_gmt":"2026-09-04T22:08:42","slug":"el-presidente-del-cune-reclama-dialogo","status":"publish","type":"post","link":"https:\/\/www.sportchaco.com.ar\/?p=43389","title":{"rendered":"El presidente del CUNE reclama di\u00e1logo"},"content":{"rendered":"<h3 class=\"PDq2pG_selectionAnchorContainer\" data-section-id=\"5p1n8q\" data-start=\"449\" data-end=\"727\">La Universidad ratific\u00f3 que recuperar\u00e1 el inmueble donde unciona el CUNE el 1 de marzo,\u00a0 mientras desde el CUNE advierten que, si pierden el predio, la instituci\u00f3n podr\u00eda desaparecer. El club reclama di\u00e1logo y cuestiona que no haya existido una negociaci\u00f3n previa.<\/h3>\n<h3 class=\"PDq2pG_selectionAnchorContainer\" data-section-id=\"5p1n8q\" data-start=\"449\" data-end=\"727\"><span style=\"font-size: 16px; font-weight: 400;\">El presidente del CUNE,<\/span> <strong style=\"font-size: 16px;\" data-start=\"2839\" data-end=\"2863\">Ricardo Daniel Fogar<\/strong><span style=\"font-size: 16px; font-weight: 400;\">, fue categ\u00f3rico al analizar la situaci\u00f3n: para que exista una negociaci\u00f3n deben existir dos partes sentadas a una mesa, algo que \u2014seg\u00fan afirm\u00f3\u2014 nunca ocurri\u00f3.<\/span><\/h3>\n<div style=\"width: 1920px;\" class=\"wp-video\"><video class=\"wp-video-shortcode\" id=\"video-43389-1\" width=\"1920\" height=\"1080\" preload=\"metadata\" controls=\"controls\"><source type=\"video\/mp4\" src=\"https:\/\/www.sportchaco.com.ar\/wp-content\/uploads\/2026\/09\/VID_20260904_175419915-2.mp4?_=1\" \/><a href=\"https:\/\/www.sportchaco.com.ar\/wp-content\/uploads\/2026\/09\/VID_20260904_175419915-2.mp4\">https:\/\/www.sportchaco.com.ar\/wp-content\/uploads\/2026\/09\/VID_20260904_175419915-2.mp4<\/a><\/video><\/div>\n<h2 data-section-id=\"1kuc878\" data-start=\"2718\" data-end=\"2751\">El CUNE: \u201cNo hubo negociaci\u00f3n\u201d<\/h2>\n<p data-start=\"2753\" data-end=\"2813\">La otra parte de la historia tiene una mirada muy diferente.<\/p>\n<p data-start=\"3024\" data-end=\"3241\">En di\u00e1logo con <em data-start=\"3039\" data-end=\"3064\">Cara y Ceca del Deporte por Radio Provincia<\/em>, <strong>Ricardo Daniel Fogar<\/strong> se\u00f1al\u00f3 que el club fue notificado de una decisi\u00f3n ya adoptada por el Consejo Superior y que, a partir de all\u00ed, se le comunic\u00f3 que deb\u00eda entregar el predio en seis meses.<\/p>\n<p data-start=\"3243\" data-end=\"3427\"><strong data-start=\"3243\" data-end=\"3417\">\u201cMal podemos hablar de negociaci\u00f3n o de discusiones cuando hay una decisi\u00f3n tomada y te dicen: \u2018Mir\u00e1, est\u00e1n los papeles, nos tienen que devolver el predio en seis meses\u2019\u201d<\/strong>, sostuvo.<\/p>\n<p data-start=\"3243\" data-end=\"3427\"><img decoding=\"async\" class=\"aligncenter\" src=\"https:\/\/scontent.fcnq2-2.fna.fbcdn.net\/v\/t39.30808-6\/793457719_4016089015367455_5270602904453112664_n.jpg?stp=dst-jpg_tt6&amp;cstp=mx415x401&amp;ctp=s415x401&amp;_nc_cat=110&amp;ccb=1-7&amp;_nc_sid=127cfc&amp;_nc_ohc=nbyyRnY33YYQ7kNvwHDd0T8&amp;_nc_oc=AdpBRdGLwCtFAcMaof8GlBUtVFbMq6GZZ5XGTPs6P9xqrYfe5lHMGJsx6tLDsIOqr1M&amp;_nc_zt=23&amp;_nc_ht=scontent.fcnq2-2.fna&amp;_nc_gid=_7wCtl-nL2I_sIVacbrT1A&amp;_nc_ss=7b2a8&amp;oh=00_AQJBGUMFyYSxTW_s2BXVcwUidHpMKGQFzLQ_MkP4q4Ghnw&amp;oe=6AA1231E\" alt=\"Puede ser una imagen de una o varias personas\" \/><\/p>\n<p data-start=\"3429\" data-end=\"3788\">La posici\u00f3n del dirigente coincide con los cuestionamientos que otros integrantes del club formularon durante los \u00faltimos d\u00edas. Desde el CUNE sostienen que la comunicaci\u00f3n lleg\u00f3 sin una instancia previa de di\u00e1logo y que la medida pone en riesgo la continuidad de la estructura institucional tal como funciona actualmente.<\/p>\n<p data-start=\"729\" data-end=\"1223\">La disputa por el futuro del Club Universitario del Nordeste (CUNE) entr\u00f3 en una nueva etapa. La Universidad Nacional del Nordeste (UNNE) ratific\u00f3 su decisi\u00f3n de rescindir el contrato de comodato que desde diciembre de 2009 permite al club administrar el predio de avenida Castelli 1001, en Resistencia, y estableci\u00f3 un plazo de seis meses para concretar la restituci\u00f3n del inmueble. La fecha prevista para la toma de posesi\u00f3n es el <strong data-start=\"1162\" data-end=\"1184\">1 de marzo de 2027<\/strong>.<\/p>\n<p data-start=\"1225\" data-end=\"1624\">La decisi\u00f3n fue adoptada por unanimidad por el Consejo Superior de la UNNE y comunicada formalmente al CUNE el lunes 31 de agosto. La Universidad sostiene que hizo uso de una facultad prevista en el propio contrato de comodato, que permite solicitar la restituci\u00f3n del inmueble mediante una notificaci\u00f3n fehaciente con una anticipaci\u00f3n no inferior a seis meses.<\/p>\n<p data-start=\"1626\" data-end=\"1872\">Desde la casa de estudios se argumenta que el objetivo es recuperar la administraci\u00f3n directa del espacio para destinarlo a actividades deportivas, recreativas, culturales y de bienestar dirigidas a estudiantes, docentes, no docentes y graduados.<\/p>\n<p data-start=\"1874\" data-end=\"2220\">El rector Omar Larroza sostuvo que no se trat\u00f3 de una decisi\u00f3n improvisada ni personal, sino de una determinaci\u00f3n institucional que ven\u00eda siendo analizada desde la gesti\u00f3n anterior. Tambi\u00e9n se\u00f1al\u00f3 que la UNNE pretende equiparar en Resistencia las prestaciones deportivas que actualmente ofrece en Corrientes.<\/p>\n<p data-start=\"2345\" data-end=\"2716\">La Universidad asegura, adem\u00e1s, que cuenta con una proyecci\u00f3n presupuestaria para afrontar el funcionamiento y mantenimiento del predio una vez concretada la restituci\u00f3n. Seg\u00fan el rector, ya existe un plan para la etapa posterior y se conformar\u00eda un grupo de trabajo para definir el nuevo esquema de utilizaci\u00f3n de las instalaciones.<\/p>\n<p data-start=\"2345\" data-end=\"2716\"><img decoding=\"async\" src=\"https:\/\/scontent.fcnq2-1.fna.fbcdn.net\/v\/t39.30808-6\/793595773_4016082925368064_8057145078951737668_n.jpg?stp=dst-jpg_tt6&amp;cstp=mx2048x1536&amp;ctp=s2048x1536&amp;_nc_cat=105&amp;ccb=1-7&amp;_nc_sid=127cfc&amp;_nc_ohc=I5Ntsvjh6eoQ7kNvwG7P9Nq&amp;_nc_oc=AdqI92PZoGjL_OLNvcGbncwspl_AckxUUffDD4HiYJNZkgF215bGpmKmAnSRs2pleWg&amp;_nc_zt=23&amp;_nc_ht=scontent.fcnq2-1.fna&amp;_nc_gid=Eeuhe-JpfRoEYDkGJu1hqQ&amp;_nc_ss=7b2a8&amp;oh=00_AQJCLvbBbgKsblm8iCSiJhgKf9347wGTimLFtjbk76NDkA&amp;oe=6AA115B6\" alt=\"Puede ser una imagen de texto\" \/><\/p>\n<p data-start=\"2345\" data-end=\"2716\"><em><strong>Ingreso a las instlaciones del CUNE<\/strong><\/em><\/p>\n<h2 data-section-id=\"88eats\" data-start=\"3790\" data-end=\"3849\">Un club que sostiene una estructura deportiva importante<\/h2>\n<p data-start=\"3851\" data-end=\"3899\">El problema excede la discusi\u00f3n por un inmueble.<\/p>\n<p data-start=\"3901\" data-end=\"4176\">El CUNE funciona desde 1968 y obtuvo su personer\u00eda jur\u00eddica en 1971. Durante d\u00e9cadas se convirti\u00f3 en una instituci\u00f3n deportiva y social de referencia en Resistencia y en un espacio donde conviven actividades federadas, recreativas y vinculadas con la comunidad universitaria.<\/p>\n<p data-start=\"4178\" data-end=\"4278\">Desde el club advierten que la restituci\u00f3n del predio no significa simplemente cambiar de domicilio.<\/p>\n<p data-start=\"4280\" data-end=\"4565\">El director deportivo Ariel Canizini fue contundente: <strong data-start=\"4334\" data-end=\"4387\">\u201cNo hay ninguna chance de trasladarse, \u00bfa d\u00f3nde?\u201d<\/strong>. Seg\u00fan explic\u00f3, el predio re\u00fane pileta, canchas, gimnasios cubiertos, salones y oficinas que conforman una estructura dif\u00edcil de trasladar.<\/p>\n<p data-start=\"4567\" data-end=\"4928\">La preocupaci\u00f3n central est\u00e1 puesta tambi\u00e9n en las fuentes laborales. Mientras algunas versiones hablan de alrededor de 70 familias vinculadas directamente con la instituci\u00f3n, <em data-start=\"4743\" data-end=\"4752\">EsChaco<\/em> consign\u00f3 que existen <strong data-start=\"4774\" data-end=\"4833\">25 empleados de planta y unos 50 profesores contratados<\/strong>, lo que llevar\u00eda a unos 75 puestos de trabajo en riesgo.<\/p>\n<p data-start=\"4930\" data-end=\"5085\">Fogar, durante la entrevista, hab\u00eda advertido que los empleados ser\u00edan uno de los sectores m\u00e1s perjudicados si el club pierde la administraci\u00f3n del predio.<\/p>\n<p data-start=\"4930\" data-end=\"5085\"><img decoding=\"async\" src=\"https:\/\/scontent.fcnq2-2.fna.fbcdn.net\/v\/t39.30808-6\/794725429_4016082898701400_3886481087742825471_n.jpg?stp=dst-jpg_tt6&amp;cstp=mx2048x1536&amp;ctp=s2048x1536&amp;_nc_cat=110&amp;ccb=1-7&amp;_nc_sid=127cfc&amp;_nc_ohc=i-Pwnpy9RKMQ7kNvwH4vDlx&amp;_nc_oc=Adq_mbMEEiD-MBzh5hvruHCWMlZRsGe2JaFSZ600sfumzAmTi6xn2t8Qz1LBxGMgObA&amp;_nc_zt=23&amp;_nc_ht=scontent.fcnq2-2.fna&amp;_nc_gid=83awkeHvcdjy34pNxVMD6w&amp;_nc_ss=7b2a8&amp;oh=00_AQLNfbygBYLs03q5AY8ggKtYq9WPBQrIg8iXxVDVLVEwLw&amp;oe=6AA0F936\" alt=\"Puede ser una imagen de b\u00e1squet y texto\" \/><\/p>\n<h2 data-section-id=\"1ym8973\" data-start=\"5087\" data-end=\"5136\">La respuesta de la UNNE sobre los trabajadores<\/h2>\n<p data-start=\"5138\" data-end=\"5196\">La Universidad, en tanto, plantea una situaci\u00f3n diferente.<\/p>\n<p data-start=\"5198\" data-end=\"5549\">El rector Larroza explic\u00f3 que las relaciones laborales corresponden jur\u00eddicamente a la asociaci\u00f3n civil que administra el CUNE. Sin embargo, dej\u00f3 abierta la posibilidad de analizar si algunos perfiles profesionales podr\u00edan ser incorporados al proyecto universitario, dependiendo de las necesidades que se definan.<\/p>\n<p data-start=\"5551\" data-end=\"5755\">El vicerrector Jos\u00e9 Basterra tambi\u00e9n reconoci\u00f3 que la cuesti\u00f3n laboral y la situaci\u00f3n de quienes no forman parte de la comunidad universitaria constituyen uno de los puntos m\u00e1s delicados de la transici\u00f3n.<\/p>\n<p data-start=\"5757\" data-end=\"5979\"><strong data-start=\"5757\" data-end=\"5923\">\u201cNo me voy a adelantar porque son cuestiones sensibles donde hay ni\u00f1os, socios, personal de maestranza y profesores; lo trataremos con la seriedad que se merecen\u201d<\/strong>, se\u00f1al\u00f3 Basterra.<\/p>\n<h2 data-section-id=\"3pv29v\" data-start=\"5981\" data-end=\"6031\">El punto de discusi\u00f3n: \u00bfqu\u00e9 pasar\u00e1 con el CUNE?<\/h2>\n<p data-start=\"6033\" data-end=\"6098\">Aqu\u00ed aparece una de las principales diferencias entre las partes.<\/p>\n<p data-start=\"6100\" data-end=\"6455\">Para la UNNE, el CUNE <strong data-start=\"6122\" data-end=\"6169\">continuar\u00e1 existiendo como asociaci\u00f3n civil<\/strong>, aunque deber\u00e1 encontrar otros espacios para desarrollar sus actividades una vez que la Universidad tome posesi\u00f3n del predio. Basterra sostuvo que la instituci\u00f3n podr\u00e1 seguir funcionando y que se analizar\u00e1 la situaci\u00f3n de sus socios y actividades.<\/p>\n<p data-start=\"6457\" data-end=\"6662\">Para el CUNE, en cambio, el problema es que la instituci\u00f3n est\u00e1 estrechamente vinculada a ese lugar y que perderlo implicar\u00eda pr\u00e1cticamente la desaparici\u00f3n de la estructura deportiva que actualmente posee.<\/p>\n<p data-start=\"6664\" data-end=\"6967\">Desde el club aseguran que all\u00ed funcionan numerosas disciplinas y que miles de personas utilizan diariamente sus instalaciones. Tambi\u00e9n destacan que estudiantes, docentes y no docentes de la UNNE utilizan gratuitamente distintos espacios deportivos y recreativos.<\/p>\n<p data-start=\"6664\" data-end=\"6967\"><img decoding=\"async\" src=\"https:\/\/scontent.fcnq2-2.fna.fbcdn.net\/v\/t39.30808-6\/792748889_4016084692034554_4334467735259955288_n.jpg?stp=dst-jpg_tt6&amp;cstp=mx2048x1536&amp;ctp=s2048x1536&amp;_nc_cat=109&amp;ccb=1-7&amp;_nc_sid=127cfc&amp;_nc_ohc=Hs7XDeSuDFEQ7kNvwFCts8_&amp;_nc_oc=Adq1qhhgjFNZwvjFzuuNlQNbuc2CmgkYtx85d1bB7z77javyemtZAW75zCmSUSMsqGU&amp;_nc_zt=23&amp;_nc_ht=scontent.fcnq2-2.fna&amp;_nc_gid=VpZaUONy2tfkSjBQRrRXqA&amp;_nc_ss=7b2a8&amp;oh=00_AQL1q6IRA-OCKLmp1i6gMpV5SPeSAfRok1p-8tU2iFk-9Q&amp;oe=6AA11A53\" alt=\"Puede ser una imagen de calle y \u00e1rbol\" \/><\/p>\n<p data-start=\"6664\" data-end=\"6967\"><em><strong>En este momento se cambian techos y se\u00a0 arreglan sectores de administraci\u00f3n, bar y otros en los que funcionan sectores universitarios.<\/strong><\/em><\/p>\n<h2 data-section-id=\"161dvpw\" data-start=\"6969\" data-end=\"7034\">La paradoja de una universidad que reclama m\u00e1s infraestructura<\/h2>\n<p data-start=\"7036\" data-end=\"7126\">La discusi\u00f3n adquiere adem\u00e1s una particular dimensi\u00f3n en el actual contexto universitario.<\/p>\n<p data-start=\"7128\" data-end=\"7476\">La propia UNNE atraviesa dificultades presupuestarias y salariales. El vicerrector Basterra reconoci\u00f3 recientemente que los salarios universitarios se encuentran alrededor de un <strong data-start=\"7306\" data-end=\"7347\">30% por debajo de los valores de 2023<\/strong>, mientras que los gastos de funcionamiento tampoco recibieron los incrementos previstos.<\/p>\n<p data-start=\"7478\" data-end=\"7654\">Precisamente por eso, desde el CUNE se preguntan de d\u00f3nde surgir\u00e1n los recursos necesarios para asumir el mantenimiento de un predio que durante a\u00f1os fue sostenido por el club.<\/p>\n<p data-start=\"7656\" data-end=\"7916\">La respuesta de Larroza fue concreta: <strong data-start=\"7694\" data-end=\"7810\">la Universidad cuenta con una proyecci\u00f3n presupuestaria para asumir el funcionamiento y mantenimiento del predio<\/strong>, y asegur\u00f3 que no se habr\u00eda tomado la decisi\u00f3n sin esa previsi\u00f3n.<\/p>\n<p data-start=\"7656\" data-end=\"7916\"><img decoding=\"async\" src=\"https:\/\/scontent.fcnq2-1.fna.fbcdn.net\/v\/t39.30808-6\/791338103_10244303802948687_814742824784069221_n.jpg?stp=dst-jpg_tt6&amp;cstp=mx932x1012&amp;ctp=s932x1012&amp;_nc_cat=107&amp;ccb=1-7&amp;_nc_sid=833d8c&amp;_nc_ohc=IMAv9h5SOWcQ7kNvwG3QMy3&amp;_nc_oc=Adp_6Fr2BD2VV21Ccwzq3jmsD7pEKVPq_D5mX1BIkOtfia1ImxeSmaKHAfNeQfChSH4&amp;_nc_zt=23&amp;_nc_ht=scontent.fcnq2-1.fna&amp;_nc_gid=2oODdzQ5LBlc1RaEXVsMaw&amp;_nc_ss=7b2a8&amp;oh=00_AQKnzhag2yepSkWRcywFqJvgkqe0trYI-eVEaDHgRioIkg&amp;oe=6AA11444\" alt=\"Puede ser una imagen de texto que dice &quot;CUNE PANENO NO SE CIERRA CUNE ES FAMILIA SETOCA yMnA\u0418UA YLAIFAMILIA FAMILIA NO&quot;\" \/><\/p>\n<h2 data-section-id=\"bcm7ok\" data-start=\"7918\" data-end=\"7953\">Un conflicto que reci\u00e9n comienza<\/h2>\n<p data-start=\"7955\" data-end=\"8046\">A esta altura, hay algo que parece claro: <strong data-start=\"7997\" data-end=\"8045\">la decisi\u00f3n del Consejo Superior est\u00e1 tomada<\/strong>.<\/p>\n<p data-start=\"8048\" data-end=\"8274\">La UNNE no dio marcha atr\u00e1s y ratific\u00f3 que el proceso de restituci\u00f3n comenz\u00f3 y que el horizonte es el 1 de marzo de 2027. Al mismo tiempo, la propia Universidad dej\u00f3 abierta la posibilidad de una etapa de di\u00e1logo y transici\u00f3n.<\/p>\n<p data-start=\"8276\" data-end=\"8403\">Desde el CUNE, mientras tanto, se reclama precisamente aquello que Fogar marc\u00f3 durante la entrevista: una mesa de di\u00e1logo real.<\/p>\n<p data-start=\"8405\" data-end=\"8743\">El presidente del club asegur\u00f3 que no tiene inconvenientes en sentarse con las autoridades universitarias. La diferencia est\u00e1 en el punto de partida: para la UNNE, la resoluci\u00f3n ya est\u00e1 tomada y ahora comienza la transici\u00f3n; para el CUNE, no puede hablarse de negociaci\u00f3n si una de las partes llega a la mesa con una decisi\u00f3n ya resuelta.<\/p>\n<p data-start=\"8745\" data-end=\"8987\">Mientras tanto, socios, deportistas, trabajadores y familias comenzaron a movilizarse. El club anunci\u00f3 que analiza nuevas acciones y una eventual asamblea extraordinaria para definir los pasos a seguir.<\/p>\n<h3 data-section-id=\"1ozlrng\" data-start=\"9468\" data-end=\"9497\">La clave de la actualidad<\/h3>\n<ul data-start=\"9499\" data-end=\"10303\" data-is-last-node=\"\" data-is-only-node=\"\">\n<li data-section-id=\"1rgafz3\" data-start=\"9499\" data-end=\"9630\"><strong data-start=\"9501\" data-end=\"9526\">31 de agosto de 2026:<\/strong> la UNNE notific\u00f3 formalmente al CUNE la rescisi\u00f3n del comodato.<\/li>\n<li data-section-id=\"vqyfv8\" data-start=\"9631\" data-end=\"9698\"><strong data-start=\"9633\" data-end=\"9648\">Seis meses:<\/strong> plazo establecido para la restituci\u00f3n del predio.<\/li>\n<li data-section-id=\"1frpfp1\" data-start=\"9699\" data-end=\"9771\"><strong data-start=\"9701\" data-end=\"9724\">1 de marzo de 2027:<\/strong> fecha prevista para que la UNNE tome posesi\u00f3n.<\/li>\n<li data-section-id=\"3jt6fz\" data-start=\"9772\" data-end=\"9964\"><strong data-start=\"9774\" data-end=\"9783\">UNNE:<\/strong> sostiene que ejercer\u00e1 una facultad prevista en el contrato y que busca garantizar infraestructura deportiva para la comunidad universitaria.<\/li>\n<li data-section-id=\"t6ah7v\" data-start=\"9965\" data-end=\"10117\"><strong data-start=\"9967\" data-end=\"9976\">CUNE:<\/strong> cuestiona la falta de di\u00e1logo previo y advierte por la continuidad del club y las fuentes laborales.<\/li>\n<\/ul>\n<h6 data-section-id=\"1b96tvg\" data-start=\"9054\" data-end=\"9300\"><span role=\"text\"><strong data-start=\"9058\" data-end=\"9300\">PREGUNTITA<\/strong><\/span><\/h6>\n<h6 data-section-id=\"1b96tvg\" data-start=\"9054\" data-end=\"9300\"><span role=\"text\"><strong data-start=\"9058\" data-end=\"9300\">\u00bfLa UNNE recuperar\u00e1 solamente la administraci\u00f3n de un predio o terminar\u00e1 provocando, aunque no sea ese su objetivo, la desaparici\u00f3n de un club que lleva casi seis d\u00e9cadas formando parte de la vida deportiva y universitaria de Resistencia?<\/strong><\/span><\/h6>\n<p data-start=\"9302\" data-end=\"9466\">La respuesta no est\u00e1 todav\u00eda escrita. Lo \u00fanico concreto es que el reloj ya comenz\u00f3 a correr hacia el <strong data-start=\"9403\" data-end=\"9425\">1 de marzo de 2027<\/strong>.<\/p>\n<h3 data-section-id=\"1ozlrng\" data-start=\"9468\" data-end=\"9497\"><img decoding=\"async\" src=\"https:\/\/scontent.fcnq2-1.fna.fbcdn.net\/v\/t39.30808-6\/796746861_4016084672034556_1772192260325832415_n.jpg?stp=dst-jpg_tt6&amp;cstp=mx2048x1536&amp;ctp=s2048x1536&amp;_nc_cat=101&amp;ccb=1-7&amp;_nc_sid=127cfc&amp;_nc_ohc=LAkm1Rog3iUQ7kNvwFymwzf&amp;_nc_oc=Ado-ERri21y-pt_CUkpnUCrFFawMfdkO1q0EWLvHs4wZC8Tr4Jiama4yv7wynLzEFKE&amp;_nc_zt=23&amp;_nc_ht=scontent.fcnq2-1.fna&amp;_nc_gid=1eWbxEi_XFkr2PNXVEhu9w&amp;_nc_ss=7b2a8&amp;oh=00_AQKWp6zSa4CUvVcWZcu9oG2Qn9If3qdznicXK0Vcku6Cig&amp;oe=6AA116A7\" alt=\"Puede ser una imagen de b\u00e1squet, v\u00f3leibol y texto\" \/><\/h3>\n<p>Ayer encuentro de chicos de CUNE y Villa San Martin ante una multitud de padres. Al CUNE se defiende, reza el cartel.<\/p>\n","protected":false},"excerpt":{"rendered":"<p>La Universidad ratific\u00f3 que recuperar\u00e1 el inmueble donde unciona el CUNE el 1 de marzo,\u00a0 mientras desde el CUNE advierten que, si pierden el predio, la instituci\u00f3n podr\u00eda desaparecer. El club reclama di\u00e1logo y cuestiona que no haya existido una negociaci\u00f3n previa. El presidente del CUNE, Ricardo Daniel Fogar, fue categ\u00f3rico al analizar la situaci\u00f3n: &hellip;<\/p>\n","protected":false},"author":2,"featured_media":43391,"comment_status":"open","ping_status":"open","sticky":false,"template":"","format":"standard","meta":{"footnotes":""},"categories":[78,44],"tags":[],"class_list":["post-43389","post","type-post","status-publish","format-standard","has-post-thumbnail","hentry","category-historias","category-varios"],"_links":{"self":[{"href":"https:\/\/www.sportchaco.com.ar\/index.php?rest_route=\/wp\/v2\/posts\/43389","targetHints":{"allow":["GET"]}}],"collection":[{"href":"https:\/\/www.sportchaco.com.ar\/index.php?rest_route=\/wp\/v2\/posts"}],"about":[{"href":"https:\/\/www.sportchaco.com.ar\/index.php?rest_route=\/wp\/v2\/types\/post"}],"author":[{"embeddable":true,"href":"https:\/\/www.sportchaco.com.ar\/index.php?rest_route=\/wp\/v2\/users\/2"}],"replies":[{"embeddable":true,"href":"https:\/\/www.sportchaco.com.ar\/index.php?rest_route=%2Fwp%2Fv2%2Fcomments&post=43389"}],"version-history":[{"count":5,"href":"https:\/\/www.sportchaco.com.ar\/index.php?rest_route=\/wp\/v2\/posts\/43389\/revisions"}],"predecessor-version":[{"id":43397,"href":"https:\/\/www.sportchaco.com.ar\/index.php?rest_route=\/wp\/v2\/posts\/43389\/revisions\/43397"}],"wp:featuredmedia":[{"embeddable":true,"href":"https:\/\/www.sportchaco.com.ar\/index.php?rest_route=\/wp\/v2\/media\/43391"}],"wp:attachment":[{"href":"https:\/\/www.sportchaco.com.ar\/index.php?rest_route=%2Fwp%2Fv2%2Fmedia&parent=43389"}],"wp:term":[{"taxonomy":"category","embeddable":true,"href":"https:\/\/www.sportchaco.com.ar\/index.php?rest_route=%2Fwp%2Fv2%2Fcategories&post=43389"},{"taxonomy":"post_tag","embeddable":true,"href":"https:\/\/www.sportchaco.com.ar\/index.php?rest_route=%2Fwp%2Fv2%2Ftags&post=43389"}],"curies":[{"name":"wp","href":"https:\/\/api.w.org\/{rel}","templated":true}]}}