{"id":43427,"date":"2026-09-05T19:21:33","date_gmt":"2026-09-05T22:21:33","guid":{"rendered":"https:\/\/www.sportchaco.com.ar\/?p=43427"},"modified":"2026-09-05T20:12:27","modified_gmt":"2026-09-05T23:12:27","slug":"triunfo-agonico-de-sarmiento-que-sigue-con-vida","status":"publish","type":"post","link":"https:\/\/www.sportchaco.com.ar\/?p=43427","title":{"rendered":"Triunfo ag\u00f3nico de Sarmiento que sigue con vida"},"content":{"rendered":"<p><strong>05-09-2026<\/strong><\/p>\n<p><img loading=\"lazy\" decoding=\"async\" class=\"aligncenter size-full wp-image-42579\" src=\"https:\/\/www.sportchaco.com.ar\/wp-content\/uploads\/2026\/08\/Banners-ago-26.gif\" alt=\"\" width=\"720\" height=\"90\" \/><\/p>\n<p>Con el gol ag\u00f3nico de Pablo Mart\u00ednez, el \u00abdecano\u00bb venci\u00f3 a Tucum\u00e1n Central 1 a 0 y mantiene intactas sus chances de permanecer en el Federal \u00abA\u00bb. Con dos fechas para completar la Rev\u00e1lida, el equipo chaque\u00f1o tendr\u00e1 que ir a Concepci\u00f3n del Uruguay a jugar con Gimnasia la fecha que viene. Por su parte, el elenco tucumano ha perdido la categor\u00eda.<\/p>\n<p><strong>EL PARTIDO<\/strong><br \/>\nComenz\u00f3 muy favorable para el elenco de Tucum\u00e1n Central porque se mostr\u00f3 m\u00e1s ofensivo y, aunque no tuvo mucho la pelota, prob\u00f3 con remates de media distancia que exigieron al arquero Acu\u00f1a. La tenencia de pelota le permiti\u00f3 a Sarmiento buscar llegar por las bandas, con Ulibarri y Derewicki, pero no pudo obtener situaciones claras en el arco de enfrente.<\/p>\n<p>Reci\u00e9n pasada la media hora llegaron los remates del \u00abdeca\u00bb a trav\u00e9s de Ib\u00e1\u00f1ez con una chilena y un disparo de Pablo Mart\u00ednez que deriv\u00f3 en la reacci\u00f3n del arquero Tonini. En el final de la primera parte, el encuentro fue de ida y vuelta donde el beneficiado fue Tucum\u00e1n Central que tuvo la ocasi\u00f3n de Montenegro que dentro del \u00e1rea chica y apresurado por el arquero local remat\u00f3 al palo. Al descanso con el marcador en cero y sin ventaja de ning\u00fan tipo para nadie.<\/p>\n<p><img loading=\"lazy\" decoding=\"async\" class=\"aligncenter size-large wp-image-43432\" src=\"https:\/\/www.sportchaco.com.ar\/wp-content\/uploads\/2026\/09\/sarmiento-federal-a-624x1024.jpg\" alt=\"\" width=\"624\" height=\"1024\" srcset=\"https:\/\/www.sportchaco.com.ar\/wp-content\/uploads\/2026\/09\/sarmiento-federal-a-624x1024.jpg 624w, https:\/\/www.sportchaco.com.ar\/wp-content\/uploads\/2026\/09\/sarmiento-federal-a-183x300.jpg 183w, https:\/\/www.sportchaco.com.ar\/wp-content\/uploads\/2026\/09\/sarmiento-federal-a-768x1260.jpg 768w, https:\/\/www.sportchaco.com.ar\/wp-content\/uploads\/2026\/09\/sarmiento-federal-a.jpg 780w\" sizes=\"auto, (max-width: 624px) 100vw, 624px\" \/><\/p>\n<p>El complemento arranc\u00f3 de manera diferente, fue el propio Sarmiento quien se adelant\u00f3 en el campo de juego y lo oblig\u00f3 al equipo tucumano a jugar unos metros m\u00e1s atr\u00e1s. El equipo de Arrieta no se sinti\u00f3 incomodo con la posibilidad de jugar de contra y esperar alg\u00fan error del local o de ponerlo nervioso con el correr de los minutos. El tema con el equipo de R\u00edos es que solo gestaba aproximaciones, no jugadas reales de peligro.<\/p>\n<p>Fall\u00f3 mucho en la definici\u00f3n el \u00abdecano\u00bb, a\u00fan con los cambios del entrenador. Los minutos pasaban y el empate era algo incomodo para chaque\u00f1os y tucumanos, ya que a uno lo dejaba complicado con la permanencia y el otro directamente perd\u00eda la categor\u00eda.<\/p>\n<p>Con la lesi\u00f3n de Dom\u00ednguez, una de las figuras de Sarmiento en el partido, el elenco local qued\u00f3 con tres en el fondo y expuesto en cada contragolpe rival. Los minutos finales fueron muy desordenados, ambos fueron con lo que le restaba para buscar un gol. Un tanto que lleg\u00f3 en el tiempo cumplido para Sarmiento. C\u00f3rner desde la derecha de Barlessi y llegada de cabeza en las alturas de Pablo Mart\u00ednez, el volante que m\u00e1s insinu\u00f3 en el primer tiempo, para ponerla contra el palo de Tonini y desatar la locura \u00abaurirroja\u00bb en el Centenario.<\/p>\n<p>Un gol ag\u00f3nico que le da una vida m\u00e1s a Sarmiento y que conden\u00f3 al descenso, a dos fechas del final de la Rev\u00e1lida, a Tucum\u00e1n Central. De los cinco minutos adicionados por el \u00e1rbitro Rioja no se jug\u00f3 nada por los incidentes entre el banco de suplentes de la visita y los allegados de Sarmiento. El pitazo del final concret\u00f3 el triunfo \u00abdecano\u00bb que ahora deber\u00e1 ir a jugar ente Gimnasia de Concepci\u00f3n del Uruguay con la ilusi\u00f3n intacta de quedarse en el Federal \u00abA\u00bb.<\/p>\n<p><em><strong>Marcos Daniel Acosta<\/strong><\/em><\/p>\n<p><img loading=\"lazy\" decoding=\"async\" class=\"aligncenter size-large wp-image-43433\" src=\"https:\/\/www.sportchaco.com.ar\/wp-content\/uploads\/2026\/09\/pared-cas-1024x682.jpg\" alt=\"\" width=\"1024\" height=\"682\" srcset=\"https:\/\/www.sportchaco.com.ar\/wp-content\/uploads\/2026\/09\/pared-cas-1024x682.jpg 1024w, https:\/\/www.sportchaco.com.ar\/wp-content\/uploads\/2026\/09\/pared-cas-300x200.jpg 300w, https:\/\/www.sportchaco.com.ar\/wp-content\/uploads\/2026\/09\/pared-cas-768x512.jpg 768w, https:\/\/www.sportchaco.com.ar\/wp-content\/uploads\/2026\/09\/pared-cas.jpg 1280w\" sizes=\"auto, (max-width: 1024px) 100vw, 1024px\" \/><\/p>\n<p><strong>SARMIENTO (1):<\/strong> David Acu\u00f1a; Sergio Ulibarri, Franco Dom\u00ednguez, Carlos Gim\u00e9nez y Juan Diego Derewicki; Pablo Mart\u00ednez y Cristian Almir\u00f3n; Cristian Maidana; Max Pared, Maximiliano Ib\u00e1\u00f1ez y Genaro Mart\u00ednez. <strong>DT:<\/strong> Pablo R\u00edos.<br \/>\n<strong>TUCUM\u00c1N CENTRAL (0):<\/strong> N\u00e9stor Tonini; Rodrigo Palomino, Lautaro Herrera, Nahuel Duarte y Maximiliano Mart\u00ednez; Luca Su\u00e1rez, Francisco Smith, Guillermo Abreg\u00fa y Brahian Collantes; Valent\u00edn Montenegro y Tom\u00e1s Delgado. <strong>DT:<\/strong> Walter Arrieta.<br \/>\n<strong>Gol:<\/strong> 45ST Pablo Mart\u00ednez (S).<br \/>\n<strong>Cambios:<\/strong> 8ST Gonzalo Alarc\u00f3n por Maidana (S). 16ST Sebasti\u00e1n Arga\u00f1araz por Delgado (TC). 20ST L\u00e1zaro Barlessi por Almir\u00f3n (S). 20ST Lucas Genolet por Ib\u00e1\u00f1ez (S). 28ST Daniel Duarte por Dom\u00ednguez (S). 28ST Joaqu\u00edn Molina por G. Mart\u00ednez (S). 31ST Rodrigo Abreg\u00fa por Su\u00e1rez (TC).<br \/>\n<strong>\u00c1rbitro:<\/strong>\u00a0Franco Rioja.\u00a0<strong>Asistentes:<\/strong>\u00a0Jonat\u00e1n Mapelli y Bruno Cejas.\u00a0<strong>Cuarto \u00e1rbitro:<\/strong> Andr\u00e9s Franco.<strong> Estadio:<\/strong> \u00abCentenario\u00bb, de Sarmiento.<\/p>\n<p><em><strong>Fotos: Gentileza Prensa Sarmiento\u00a0<\/strong><\/em><\/p>\n<p><iframe loading=\"lazy\" title=\"Resumen SARMIENTO DE RESISTENCIA 0-0 TUCUMAN CENTRAL #TorneoFederal 2026 Fecha 7\" width=\"500\" height=\"281\" src=\"https:\/\/www.youtube.com\/embed\/C65GwnSjmw8?feature=oembed\" frameborder=\"0\" allow=\"accelerometer; autoplay; clipboard-write; encrypted-media; gyroscope; picture-in-picture; web-share\" referrerpolicy=\"strict-origin-when-cross-origin\" allowfullscreen><\/iframe><\/p>\n<p><img loading=\"lazy\" decoding=\"async\" class=\"aligncenter size-large wp-image-40205\" src=\"https:\/\/www.sportchaco.com.ar\/wp-content\/uploads\/2026\/07\/00-Banner-WEB-RES-QUE-ES_250x250-05-1024x1024.gif\" alt=\"\" width=\"1024\" height=\"1024\" srcset=\"https:\/\/www.sportchaco.com.ar\/wp-content\/uploads\/2026\/07\/00-Banner-WEB-RES-QUE-ES_250x250-05-1024x1024.gif 1024w, https:\/\/www.sportchaco.com.ar\/wp-content\/uploads\/2026\/07\/00-Banner-WEB-RES-QUE-ES_250x250-05-300x300.gif 300w, https:\/\/www.sportchaco.com.ar\/wp-content\/uploads\/2026\/07\/00-Banner-WEB-RES-QUE-ES_250x250-05-150x150.gif 150w, https:\/\/www.sportchaco.com.ar\/wp-content\/uploads\/2026\/07\/00-Banner-WEB-RES-QUE-ES_250x250-05-768x768.gif 768w\" sizes=\"auto, (max-width: 1024px) 100vw, 1024px\" \/><\/p>\n","protected":false},"excerpt":{"rendered":"<p>05-09-2026 Con el gol ag\u00f3nico de Pablo Mart\u00ednez, el \u00abdecano\u00bb venci\u00f3 a Tucum\u00e1n Central 1 a 0 y mantiene intactas sus chances de permanecer en el Federal \u00abA\u00bb. Con dos fechas para completar la Rev\u00e1lida, el equipo chaque\u00f1o tendr\u00e1 que ir a Concepci\u00f3n del Uruguay a jugar con Gimnasia la fecha que viene. Por su &hellip;<\/p>\n","protected":false},"author":3,"featured_media":43431,"comment_status":"open","ping_status":"open","sticky":false,"template":"","format":"standard","meta":{"footnotes":""},"categories":[5],"tags":[],"class_list":["post-43427","post","type-post","status-publish","format-standard","has-post-thumbnail","hentry","category-futbol"],"_links":{"self":[{"href":"https:\/\/www.sportchaco.com.ar\/index.php?rest_route=\/wp\/v2\/posts\/43427","targetHints":{"allow":["GET"]}}],"collection":[{"href":"https:\/\/www.sportchaco.com.ar\/index.php?rest_route=\/wp\/v2\/posts"}],"about":[{"href":"https:\/\/www.sportchaco.com.ar\/index.php?rest_route=\/wp\/v2\/types\/post"}],"author":[{"embeddable":true,"href":"https:\/\/www.sportchaco.com.ar\/index.php?rest_route=\/wp\/v2\/users\/3"}],"replies":[{"embeddable":true,"href":"https:\/\/www.sportchaco.com.ar\/index.php?rest_route=%2Fwp%2Fv2%2Fcomments&post=43427"}],"version-history":[{"count":3,"href":"https:\/\/www.sportchaco.com.ar\/index.php?rest_route=\/wp\/v2\/posts\/43427\/revisions"}],"predecessor-version":[{"id":43441,"href":"https:\/\/www.sportchaco.com.ar\/index.php?rest_route=\/wp\/v2\/posts\/43427\/revisions\/43441"}],"wp:featuredmedia":[{"embeddable":true,"href":"https:\/\/www.sportchaco.com.ar\/index.php?rest_route=\/wp\/v2\/media\/43431"}],"wp:attachment":[{"href":"https:\/\/www.sportchaco.com.ar\/index.php?rest_route=%2Fwp%2Fv2%2Fmedia&parent=43427"}],"wp:term":[{"taxonomy":"category","embeddable":true,"href":"https:\/\/www.sportchaco.com.ar\/index.php?rest_route=%2Fwp%2Fv2%2Fcategories&post=43427"},{"taxonomy":"post_tag","embeddable":true,"href":"https:\/\/www.sportchaco.com.ar\/index.php?rest_route=%2Fwp%2Fv2%2Ftags&post=43427"}],"curies":[{"name":"wp","href":"https:\/\/api.w.org\/{rel}","templated":true}]}}