{"id":4371,"date":"2024-01-11T20:20:08","date_gmt":"2024-01-11T23:20:08","guid":{"rendered":"https:\/\/www.sportchaco.com.ar\/?p=4371"},"modified":"2024-01-11T20:20:08","modified_gmt":"2024-01-11T23:20:08","slug":"andres-merlos-un-arbitro-que-vuela","status":"publish","type":"post","link":"https:\/\/www.sportchaco.com.ar\/?p=4371","title":{"rendered":"Andr\u00e9s Merlos, un \u00e1rbitro que vuela"},"content":{"rendered":"<div class=\"sc-8ac06f2-1 fJyQFn\">\n<div class=\"sc-8ac06f2-2 crcYvp\">\n<div class=\"sc-b8ac1e67-0 gvhrJJ\"><\/div>\n<\/div>\n<\/div>\n<section class=\"sc-e441548f-2 cnfARC\">\n<section class=\"sc-e441548f-1 frElZC\">\n<h2 class=\"sc-e441548f-8 LJnB\"><\/h2>\n<div>\n<div class=\"socialAuthorContainer\">\n<div>\n<div class=\"sc-14139f57-0 fMyGVt\"><span class=\"sc-14139f57-1 idHkLg AuthorName\"><a class=\"authorBox\" href=\"https:\/\/www.ole.com.ar\/autor\/matias-mancuso\">Fuente Diario Ol\u00e9<img loading=\"lazy\" decoding=\"async\" src=\"https:\/\/www.ole.com.ar\/images\/collections\/authors\/mancuso___62f58432d40b3f0019538734.jpg\" alt=\"Mat\u00edas Mancuso\" width=\"53\" height=\"53\" data-nimg=\"future\" \/><\/a>Por<a href=\"https:\/\/www.ole.com.ar\/autor\/matias-mancuso\">Mat\u00edas Mancuso<\/a><\/span><\/div>\n<\/div>\n<div class=\"sc-e441548f-9 jVwUVU\">\n<p>&nbsp;<\/p>\n<\/div>\n<\/div>\n<article id=\"storyBody\" class=\"sc-e441548f-11 iKXemG\">\n<div class=\"custom-text \">\n<p>Corr\u00edan los \u201890. Un joven pupilo mendocino arma su valija para mudarse a C\u00f3rdoba. Su t\u00edo le hab\u00eda recomendado ingresar a la Escuela de Suboficiales de la Fuerza A\u00e9rea para continuar con sus estudios. Gafas de sol, ropa deportiva, los cl\u00e1sicos jeans desgastados de aquella d\u00e9cada, algunas camisas a cuadros y el infaltable walkman con varios cassettes. Eso era todo lo que llevaba<strong>\u00a0Andr\u00e9s Merlos.<\/strong><\/p>\n<\/div>\n<div class=\"custom-text \">\n<p>De esta manera, tras cuatro a\u00f1os de formaci\u00f3n y una tecnicatura en Texas, EE.UU., empez\u00f3 a trabajar en Tandil como mec\u00e1nico tripulante de aviones. Y para cortar las intensas jornadas, se distend\u00eda jugando torneos de f\u00fatbol que se organizaban en Tandil.\u00a0<strong>\u201cTen\u00eda una relaci\u00f3n mal\u00edsima con los \u00e1rbitros, viv\u00eda con tarjeta amarilla y protestando por todo\u201d<\/strong>, relata el hoy \u00e1rbitro FIFA, a los 42 a\u00f1os y con m\u00e1s de 100 partidos dirigidos, entre torneos locales y competencias internacionales.<\/p>\n<\/div>\n<div class=\"custom-text \">\n<p>Los a\u00f1os pasaron y la vida de Merlos cambi\u00f3 radicalmente. En este verano, le cont\u00f3 su historia a\u00a0<strong>Ol\u00e9<\/strong>\u00a0y adem\u00e1s realiz\u00f3 un balance sobre el arbitraje actual, el VAR,\u00a0<strong>su foto \u201ctrucada\u201d antes del \u00faltimo Boca-River<\/strong>, el ascenso de\u00a0<strong><a class=\"slug\" title=\"Riestra\" href=\"https:\/\/www.ole.com.ar\/tema\/riestra.html\">Riestra\u00a0<\/a><\/strong>e\u00a0<strong><a class=\"slug\" title=\"Independiente Rivadavia\" href=\"https:\/\/www.ole.com.ar\/tema\/independiente-rivadavia.html\">Independiente Rivadavia<\/a><\/strong>\u00a0y qu\u00e9 piensa cuando dicen que es un \u00e1rbitro del poder.<\/p>\n<\/div>\n<div id=\"aa510b8e-4b42-4f99-b253-ed1cd436020b\"><\/div>\n<div class=\"sc-e7b891c4-0 jPbnQF\"><img loading=\"lazy\" decoding=\"async\" src=\"https:\/\/www.ole.com.ar\/images\/2024\/01\/10\/uYNti2d9w_720x0__1.jpg\" alt=\"Andr\u00e9s Merlos en la Fuerza A\u00e9rea.\" width=\"720\" height=\"100\" data-nimg=\"future\" \/><span class=\"epigraphe\">Andr\u00e9s Merlos en la Fuerza A\u00e9rea.<\/span><\/div>\n<div class=\"custom-text \">\n<p><strong>-\u00bfCu\u00e1ndo entraste a la Fuerza A\u00e9rea?<\/strong><\/p>\n<\/div>\n<div class=\"custom-text \">\n<p>-Cuando estaba cursando el tercer a\u00f1o del secundario se abri\u00f3 la posibilidad de entrar a la Escuela de Suboficiales de la Fuerza A\u00e9rea, en C\u00f3rdoba, a trav\u00e9s de un t\u00edo que trabajaba ah\u00ed. Me inscrib\u00ed, estudi\u00e9 cuatro a\u00f1os, me recib\u00ed y empec\u00e9 a trabajar con los aviones Mirage en Tandil. All\u00ed estuve 18 a\u00f1os laburando con los aviones.<\/p>\n<\/div>\n<div class=\"custom-text \">\n<p><strong>-\u00bfCu\u00e1l era tu tarea?<\/strong><\/p>\n<\/div>\n<div class=\"custom-text \">\n<p>-Yo me recib\u00ed en C\u00f3rdoba como mec\u00e1nico de avi\u00f3n. Despu\u00e9s hice una tecnicatura en Texas, que me permiti\u00f3 ser mec\u00e1nico tripulante y volar algunos aviones: Mirage, Aero Commander, Cessna\u2026 Vol\u00e9 varios sistemas gracias a esa tecnicatura que hice en los Estados Unidos.<\/p>\n<\/div>\n<div class=\"custom-text \">\n<p><strong>-\u00bfQu\u00e9 es m\u00e1s complicado manejar un avi\u00f3n o dirigir un supercl\u00e1sico?<\/strong><\/p>\n<\/div>\n<div class=\"custom-text \">\n<p>-Las dos cosas tienen su adrenalina, ja. Pero en el avi\u00f3n las cosas dependen de uno y eso lo hace m\u00e1s relajado. En cambio, en un S\u00faper, o bueno, en un partido, depend\u00e9s de que 22 jugadores de f\u00fatbol entiendan tu mensaje y comprendan cu\u00e1l es la conducci\u00f3n que vos quer\u00e9s llevar de ese encuentro.<\/p>\n<\/div>\n<div class=\"custom-text \">\n<p><strong>-\u00bfY c\u00f3mo fue que de estar con los aviones empezaste con el \u00e1rbitraje?<\/strong><\/p>\n<\/div>\n<div class=\"custom-text \">\n<p>-Cuando trabajaba en Tandil jugaba campeonatos en la ciudad. Un compa\u00f1ero de la Fuerza A\u00e9rea me dijo que era \u00e1rbitro y me ofreci\u00f3 hacer la carrera de arbitraje. Me llam\u00f3 la atenci\u00f3n, me gust\u00f3 y as\u00ed empec\u00e9. Durante varios a\u00f1os dirig\u00ed partidos mientras segu\u00eda trabajando en la Fuerza A\u00e9rea hasta que en un momento me dediqu\u00e9 solamente al f\u00fatbol.<\/p>\n<\/div>\n<div class=\"sc-e7b891c4-0 jPbnQF\"><img loading=\"lazy\" decoding=\"async\" src=\"https:\/\/www.ole.com.ar\/images\/2024\/01\/10\/6-D1I468y_720x0__1.jpg\" alt=\"Andr\u00e9s Merlos en la Fuerza A\u00e9rea.\" width=\"720\" height=\"100\" data-nimg=\"future\" \/><span class=\"epigraphe\">Andr\u00e9s Merlos en la Fuerza A\u00e9rea.<\/span><\/div>\n<div class=\"custom-text \">\n<p><strong>-\u00bfJugabas al f\u00fatbol?<\/strong><\/p>\n<\/div>\n<div class=\"custom-text \">\n<p>-En mi infancia jugu\u00e9 bastante. Hice juveniles y antes de irme a C\u00f3rdoba pas\u00e9 por Sportivo Pedal Club.<\/p>\n<\/div>\n<div class=\"custom-text \">\n<p><strong>-\u00bfDe qu\u00e9 jugabas?<\/strong><\/p>\n<\/div>\n<div class=\"custom-text \">\n<p>-De chiquito jugu\u00e9 de siete y despu\u00e9s termin\u00e9 de marcador central, de seis.<\/p>\n<\/div>\n<div class=\"custom-text \">\n<p><strong>-\u00bfC\u00f3mo jugaba Andr\u00e9s Merlos?<\/strong><\/p>\n<\/div>\n<div class=\"custom-text \">\n<p>-Un Schiavi m\u00e1s o menos, la pateaba para arriba, ja. Bien r\u00fastico.<\/p>\n<\/div>\n<div class=\"custom-text \">\n<p><strong>-\u00bfY c\u00f3mo era tu relaci\u00f3n con los \u00e1rbitros cuando eras jugador?<\/strong><\/p>\n<\/div>\n<div class=\"custom-text \">\n<p>-Mal\u00edsima. En todos los partidos terminaba con amarilla. Cuando jugaba los torneos comerciales en Tandil, ya como personal militar, viv\u00eda con tarjeta amarilla y peleando. Era muy protest\u00f3n.<\/p>\n<\/div>\n<div class=\"custom-text \">\n<p><strong>-\u00bfSolamente amarilla?<\/strong><\/p>\n<\/div>\n<div class=\"custom-text \">\n<p>-Y\u2026 un par de rojas tuve tambi\u00e9n.<\/p>\n<\/div>\n<div class=\"custom-text \">\n<p><strong>-\u00bfTe salvaste porque no hab\u00eda VAR?<\/strong><\/p>\n<\/div>\n<div class=\"custom-text \">\n<p>-Si hab\u00eda VAR en todos los partidos terminaba expulsado seguro, ja.<\/p>\n<\/div>\n<div class=\"custom-text \">\n<p><strong>-Y ahora, como \u00e1rbitro: \u00bfayuda el VAR?<\/strong><\/p>\n<\/div>\n<div class=\"custom-text \">\n<p>-Lleg\u00f3 para ayudar y para ser transparente en un mont\u00f3n de cosas. Por supuesto que siempre hay cosas para mejorar, pero se est\u00e1 trabajando muy bien en el VAR y est\u00e1 a la vista: el VAR de la final de la Sudamericana fue un equipo argentino (NdeR: Jorge Bali\u00f1o encabez\u00f3 el VAR; H\u00e9ctor Paletta, AVAR1; Ezequiel Brailovksy, AVAR2; y Silvio Trucco, AVAR3). Est\u00e1 a la vista que el VAR argentino est\u00e1 muy bien visto a nivel sudamericano e internacional. Personalmente, me adapt\u00e9 y me encanta la herramienta porque nos ayuda ante cualquier error que podamos llegar a tener nosotros en el campo de juego. Con los otros compa\u00f1eros estamos muy contentos.<\/p>\n<\/div>\n<div class=\"sc-e7b891c4-0 jPbnQF\"><img loading=\"lazy\" decoding=\"async\" src=\"https:\/\/www.ole.com.ar\/images\/2023\/06\/27\/f5fj2Pq-Q_720x0__1.jpg\" alt=\"Foto: Federico Lopez\" width=\"720\" height=\"100\" data-nimg=\"future\" \/><span class=\"epigraphe\">Foto: Federico Lopez<\/span><\/div>\n<div class=\"custom-text \">\n<p><strong>-\u00bfQu\u00e9 hay para mejorar?<\/strong><\/p>\n<\/div>\n<div class=\"custom-text \">\n<p>-Errores de interpretaci\u00f3n. Por ejemplo, la interpretaci\u00f3n de la mano. Habr\u00eda que mejorar tambi\u00e9n el sistema de trazado de l\u00edneas que se maneja a trav\u00e9s de un software. Pero son peque\u00f1eces que hay que mejorarlas para poder tener el 100% de la herramienta.<\/p>\n<\/div>\n<div class=\"custom-text \">\n<p><strong>-Teniendo en cuenta estos errores: \u00bfel VAR es positivo o negativo?<\/strong><\/p>\n<\/div>\n<div class=\"custom-text \">\n<p>-Por m\u00e1s de todo lo que pueda decirse, est\u00e1 a la vista c\u00f3mo est\u00e1 el arbitraje argentino: si no llega la Selecci\u00f3n Argentina a una final, llega una terna argentina. Y lo mismo pasa a nivel sudamericano.<\/p>\n<\/div>\n<div class=\"custom-text \">\n<p><strong>-\u00bfAfuera se los valora m\u00e1s? \u00bfVos por qu\u00e9 cre\u00e9s que los \u00e1rbitros argentinos est\u00e1n bien vistos en el exterior?<\/strong><\/p>\n<\/div>\n<div class=\"custom-text \">\n<p>-Porque tenemos una exigencia muy grande, que es nuestro f\u00fatbol argentino. Eso hace que cuando vamos a dirigir competencias internacionales tengamos el nivel que tenemos.<\/p>\n<\/div>\n<div class=\"custom-text \">\n<p><strong>-\u00bfC\u00f3mo tom\u00e1s que en la Argentina se diga que sos el \u00e1rbitro del poder?<\/strong><\/p>\n<\/div>\n<div class=\"custom-text \">\n<p>-Lo tomo como de un gil que dice eso. El que dice que soy el \u00e1rbitro del poder es un gil. Tan simple como eso. Me entra por un o\u00eddo y me sale por el otro. El que dice eso es porque no me conoce.<\/p>\n<\/div>\n<div class=\"custom-text \">\n<p><strong>-\u00bfPor qu\u00e9 ser\u00eda un gil?<\/strong><\/p>\n<\/div>\n<div class=\"custom-text \">\n<p>-Porque no est\u00e1 interiorizado en el tema para decir eso que dice. La realidad es que dicen eso para generar pol\u00e9mica, para vender y a veces hasta hablan porque les dicen que hablen de eso.<\/p>\n<\/div>\n<div class=\"custom-text \">\n<p><strong>-Entonces dirigir a Barracas lo tom\u00e1s como un partido m\u00e1s\u2026<\/strong><\/p>\n<\/div>\n<div class=\"custom-text \">\n<p>-Claro. Y al gil que habla lo invito a que vea cu\u00e1ntos partidos dirig\u00ed yo a Barracas en Primera Divisi\u00f3n y cu\u00e1ntos gan\u00f3 Barracas conmigo en cancha: no gan\u00f3 ning\u00fan partido. Lo dirig\u00ed 15 veces y no gan\u00f3 ninguna. Que lo busquen, porque para hablar ni siquiera se interiorizan de las cosas que dicen. Si yo fuera un \u00e1rbitro del poder, como dice el gil ese, tendr\u00eda que haber ganado m\u00ednimamente la mitad. Pero en Primera no gan\u00f3 nunca conmigo. Y en el Ascenso lo dirig\u00ed una sola vez, en una semifinal de la cual tambi\u00e9n podr\u00edamos hablar tantas cosas\u2026<\/p>\n<\/div>\n<div class=\"sc-e7b891c4-0 jPbnQF\"><img loading=\"lazy\" decoding=\"async\" src=\"https:\/\/www.ole.com.ar\/images\/2019\/12\/26\/wpChywUf_720x0__1.jpg\" alt=\"Merlos y Claudio Tapia, cuando le entreg\u00f3 la credencial FIFA.\" width=\"720\" height=\"100\" data-nimg=\"future\" \/><span class=\"epigraphe\">Merlos y Claudio Tapia, cuando le entreg\u00f3 la credencial FIFA.<\/span><\/div>\n<div class=\"custom-text \">\n<p><strong>-\u00bfQu\u00e9 cosas? \u00bfQu\u00e9 semifinal fue?<\/strong><\/p>\n<\/div>\n<div class=\"custom-text \">\n<p>-La del Reducido en el que termina ascendiendo Barracas, partido que jug\u00f3 contra Almirante Brown. En el primer tiempo iban perdiendo 3-0 y despu\u00e9s apuntan a los \u00e1rbitros&#8230; \u00a1Por favor!<\/p>\n<\/div>\n<div class=\"custom-text \">\n<p><strong>-Y al f\u00fatbol argentino c\u00f3mo lo ves: \u00bfatraviesa un buen momento?<\/strong><\/p>\n<\/div>\n<div class=\"custom-text \">\n<p>-Creo que tenemos un f\u00fatbol muy competitivo, muy bueno. Se ha demostrado que no solamente llegan Boca y River a las finales, sino que hay un mont\u00f3n de equipos que han salido campeones como Col\u00f3n, Rosario Central y eso tambi\u00e9n es bueno. No como en otras ligas que los \u00fanicos que salen campeones son Barcelona, Real Madrid o el Manchester City.<\/p>\n<\/div>\n<div class=\"custom-text \">\n<p><strong>-\u00bfEntonces el ascenso de Riestra e Independiente Rivadavia es reflejo de la competitividad que mencion\u00e1s?<\/strong><\/p>\n<\/div>\n<div class=\"custom-text \">\n<p>-Yo creo que s\u00ed. La B Nacional es un torneo muy duro, muy dif\u00edcil y a veces no llegan los mejores equipos sino el que lo sabe jugar. Es un torneo en el que se viaja mucho y que tiene muchas exigencias en ese sentido y ten\u00e9s que armarte con un plantel preparado para aguantar eso. Es muy duro.<\/p>\n<\/div>\n<div class=\"custom-text \">\n<p><strong>-M\u00e1s all\u00e1 del juego, se cuestionaron mucho los ascensos\u2026<\/strong><\/p>\n<\/div>\n<div class=\"custom-text \">\n<p>-Y s\u00ed, siempre pasa eso. Siempre van a buscar algo para cuestionar a cualquier equipo que ascienda, si es lo que vende.<\/p>\n<\/div>\n<div class=\"custom-text \">\n<p><strong>-\u00bfCre\u00e9s que los ascensos fueron por m\u00e9rito deportivo?<\/strong><\/p>\n<\/div>\n<div class=\"custom-text \">\n<p>-Yo creo que s\u00ed. Mir\u00e9 los partidos y Riestra le gan\u00f3 muy bien a Maip\u00fa, por ejemplo. Desde mi \u00f3ptica gan\u00f3 muy bien, y eso que Maip\u00fa por momentos jug\u00f3 mucho mejor pero Riestra pudo superarlo. Me parece, qu\u00e9 s\u00e9 yo. Es mi opini\u00f3n.<\/p>\n<\/div>\n<div class=\"sc-e7b891c4-0 jPbnQF\"><span class=\"epigraphe\">Andr\u00e9s Merlos, \u00edntimo con Ol\u00e9.<\/span><\/div>\n<div class=\"custom-text \">\n<h2><strong>Sus fotos con el escudo de River<\/strong><\/h2>\n<\/div>\n<div class=\"custom-text \">\n<p><strong>-Hablabas de que siempre van a buscar algo para cuestionar. \u00bfTe llegaron las fotos tuyas que salieron antes del \u00faltimo S\u00faper, con ropa de River?<\/strong><\/p>\n<\/div>\n<div class=\"custom-text \">\n<p>-S\u00ed. Son fotos que mucha gente consumi\u00f3 pero que las originales no las tiene nadie. Son dos fotos, una en la Ant\u00e1rtida y otra en EE.UU, y las dos est\u00e1n trucadas.<\/p>\n<\/div>\n<div class=\"custom-text \">\n<p><strong>-\u00bfDec\u00eds que te pusieron eso en la foto?<\/strong><\/p>\n<\/div>\n<div class=\"custom-text \">\n<p>-Claro. Pero de qu\u00e9 me sirve a m\u00ed agarrar la foto original y mostrar que en la Ant\u00e1rtida ten\u00eda una bandera argentina que en el medio tiene un logo de las Islas Malvinas. O que en la foto en los Estados Unidos en el pantal\u00f3n no tengo absolutamente nada y le pusieron el escudo de River.<\/p>\n<\/div>\n<div class=\"sc-e7b891c4-0 jPbnQF\"><img loading=\"lazy\" decoding=\"async\" src=\"https:\/\/www.ole.com.ar\/images\/2023\/09\/28\/FqjeNSsIb_720x0__1.jpg\" alt=\"Las fotos de Andr\u00e9s Merlos con short y bandera de River.\" width=\"720\" height=\"100\" data-nimg=\"future\" \/><span class=\"epigraphe\">Las fotos de Andr\u00e9s Merlos con short y bandera de River.<\/span><\/div>\n<div class=\"custom-text \">\n<p><strong>-A veces son los protagonistas quienes se prenden tambi\u00e9n en esas cosas. Despu\u00e9s del partido, el propio Almir\u00f3n te vincul\u00f3 con River y habl\u00f3 de esas fotos. \u00bfQu\u00e9 pens\u00e1s de eso?<\/strong><\/p>\n<\/div>\n<div class=\"custom-text \">\n<p>-Que un t\u00e9cnico tan prestigioso como es Jorge Almir\u00f3n diga lo que dijo sobre la foto y River, en fin&#8230; Bueno, solo dir\u00e9 que nosotros terminamos bien porque sali\u00f3 todo bien.<\/p>\n<\/div>\n<div class=\"custom-text \">\n<p><strong>-\u00bfPor qu\u00e9 vos nunca saliste a aclarar que esas fotos estaban trucadas? \u00bfAl no decir nada no queda como que lo aval\u00e1s?<\/strong><\/p>\n<\/div>\n<div class=\"custom-text \">\n<p>-No voy a salir a aclarar algo que no tengo que aclarar. As\u00ed como me llegan todas esas cosas, me entran por un o\u00eddo y me salen por el otro. No me suman. Para ese partido estaba enfocado con todo mi equipo arbitral en tener una buena actuaci\u00f3n. Y as\u00ed fue.<\/p>\n<\/div>\n<div class=\"custom-text \">\n<p><strong>-\u00bfSali\u00f3 bien?<\/strong><\/p>\n<\/div>\n<div class=\"custom-text \">\n<p>-Hace a\u00f1os que un supercl\u00e1sico no sale tan prolijo como ese, que no se dice nada de una terna arbitral&#8230; Te dije: est\u00e1bamos contentos, no hubo errores.<\/p>\n<\/div>\n<div class=\"sc-e7b891c4-0 jPbnQF\"><img loading=\"lazy\" decoding=\"async\" src=\"https:\/\/www.ole.com.ar\/images\/2023\/09\/28\/qFSWYv-Qm_720x0__1.jpg\" alt=\"Las fotos de Andr\u00e9s Merlos con short y bandera de River.\" width=\"720\" height=\"100\" data-nimg=\"future\" \/><span class=\"epigraphe\">Las fotos de Andr\u00e9s Merlos con short y bandera de River.<\/span><\/div>\n<div class=\"custom-text \">\n<h2><strong>Un \u00e1rbitro que vuela&#8230;<\/strong><\/h2>\n<\/div>\n<div class=\"custom-text \">\n<p>A sus 42 a\u00f1os, ya es un \u00e1rbitro consagrado. Adem\u00e1s de dirigir en la m\u00e1xima divisi\u00f3n del f\u00fatbol argentino, Andr\u00e9s Merlos, por su condici\u00f3n de \u00e1rbitro internacional, dirige encuentros correspondientes a la Copa Libertadores, la Sudamericana y las Eliminatorias. De esta manera, pudo darse el lujo de haber alcanzado muchas de las metas que la gran mayor\u00eda de los \u00e1rbitros se traza al comenzar con esta profesi\u00f3n. Sin embargo, fuera de las canchas, Merlos tampoco para:\u00a0<strong>contin\u00faa con su labor en la Fuerza A\u00e9rea Argentina. S\u00ed, el \u00e1rbitro trabaja en la parte administrativa como auxiliar del Suboficial de Estado.<\/strong>\u00a0\u201cTrabajamos para el cuadro de Suboficiales de la Fuerza A\u00e9rea Argentina, tratamos de cubrir todos los problemas que puedan surgir. Estamos con todos los Suboficiales del mundo que pertenecen a nuestra Fuerza A\u00e9rea, desde los que est\u00e1n en la Ant\u00e1rtida hasta en las embajadas. Es un lindo trabajo que lleva mucho tiempo, pero no hay nada m\u00e1s satisfactorio que ayudar\u201d.<\/p>\n<\/div>\n<div class=\"sc-e7b891c4-0 jPbnQF\"><img loading=\"lazy\" decoding=\"async\" src=\"https:\/\/www.ole.com.ar\/images\/2024\/01\/10\/vePqdJgKI_720x0__1.jpg\" alt=\"Merlos es auxiliar del Suboficial de Estado en la Fuerza A\u00e9rea.\" width=\"720\" height=\"100\" data-nimg=\"future\" \/><span class=\"epigraphe\">Merlos es auxiliar del Suboficial de Estado en la Fuerza A\u00e9rea.<\/span><\/div>\n<div class=\"custom-text \">\n<p>Sin embargo esto no es todo:<strong>\u00a0adem\u00e1s, es el director de tres escuelas de arbitraje en el Sur de Mendoza, su provincia natal, y fue nombrado como secretario Gremial del sindicato de la Uni\u00f3n de \u00c1rbitros Deportivos de Argentina (UADA)<\/strong>: \u201cA veces se me superponen los trabajos y no es f\u00e1cil. A pesar de que delegu\u00e9 el manejo de las escuelas de arbitraje, no dejo de ser el director. Por otra parte, hace poquitos meses que asum\u00ed como Secretario Gremial de la UADA, algo que disfruto. Estoy muy contento con todo lo que hago\u201d.<\/p>\n<\/div>\n<div class=\"custom-text \">\n<p>Hace a\u00f1os que Merlos aplica una f\u00f3rmula para que todo lo que rodea al f\u00fatbol no interfiera en su vida privada: \u201cLlevo mucho tiempo en esto y no soy de consumir demasiado al periodismo ni las redes sociales. Es m\u00e1s, ni tengo redes, todas las que hay m\u00edas son truchas. Sin embargo, a trav\u00e9s de amigos o de mi familia, a veces me llegan las cosas que se dicen de m\u00ed. Pero no les doy importancia, no me mueven la aguja a la hora de planificar un partido. Es as\u00ed\u201d.<\/p>\n<\/div>\n<\/article>\n<\/div>\n<\/section>\n<\/section>\n","protected":false},"excerpt":{"rendered":"<p>Fuente Diario Ol\u00e9PorMat\u00edas Mancuso &nbsp; Corr\u00edan los \u201890. Un joven pupilo mendocino arma su valija para mudarse a C\u00f3rdoba. Su t\u00edo le hab\u00eda recomendado ingresar a la Escuela de Suboficiales de la Fuerza A\u00e9rea para continuar con sus estudios. Gafas de sol, ropa deportiva, los cl\u00e1sicos jeans desgastados de aquella d\u00e9cada, algunas camisas a cuadros &hellip;<\/p>\n","protected":false},"author":2,"featured_media":4372,"comment_status":"open","ping_status":"open","sticky":false,"template":"","format":"standard","meta":{"footnotes":""},"categories":[44],"tags":[],"class_list":["post-4371","post","type-post","status-publish","format-standard","has-post-thumbnail","hentry","category-varios"],"_links":{"self":[{"href":"https:\/\/www.sportchaco.com.ar\/index.php?rest_route=\/wp\/v2\/posts\/4371","targetHints":{"allow":["GET"]}}],"collection":[{"href":"https:\/\/www.sportchaco.com.ar\/index.php?rest_route=\/wp\/v2\/posts"}],"about":[{"href":"https:\/\/www.sportchaco.com.ar\/index.php?rest_route=\/wp\/v2\/types\/post"}],"author":[{"embeddable":true,"href":"https:\/\/www.sportchaco.com.ar\/index.php?rest_route=\/wp\/v2\/users\/2"}],"replies":[{"embeddable":true,"href":"https:\/\/www.sportchaco.com.ar\/index.php?rest_route=%2Fwp%2Fv2%2Fcomments&post=4371"}],"version-history":[{"count":1,"href":"https:\/\/www.sportchaco.com.ar\/index.php?rest_route=\/wp\/v2\/posts\/4371\/revisions"}],"predecessor-version":[{"id":4373,"href":"https:\/\/www.sportchaco.com.ar\/index.php?rest_route=\/wp\/v2\/posts\/4371\/revisions\/4373"}],"wp:featuredmedia":[{"embeddable":true,"href":"https:\/\/www.sportchaco.com.ar\/index.php?rest_route=\/wp\/v2\/media\/4372"}],"wp:attachment":[{"href":"https:\/\/www.sportchaco.com.ar\/index.php?rest_route=%2Fwp%2Fv2%2Fmedia&parent=4371"}],"wp:term":[{"taxonomy":"category","embeddable":true,"href":"https:\/\/www.sportchaco.com.ar\/index.php?rest_route=%2Fwp%2Fv2%2Fcategories&post=4371"},{"taxonomy":"post_tag","embeddable":true,"href":"https:\/\/www.sportchaco.com.ar\/index.php?rest_route=%2Fwp%2Fv2%2Ftags&post=4371"}],"curies":[{"name":"wp","href":"https:\/\/api.w.org\/{rel}","templated":true}]}}