{"id":4406,"date":"2024-01-13T12:38:39","date_gmt":"2024-01-13T15:38:39","guid":{"rendered":"https:\/\/www.sportchaco.com.ar\/?p=4406"},"modified":"2024-01-13T12:38:39","modified_gmt":"2024-01-13T15:38:39","slug":"for-ever-cerro-la-segunda-semana-de-entrenamientos","status":"publish","type":"post","link":"https:\/\/www.sportchaco.com.ar\/?p=4406","title":{"rendered":"For Ever cerr\u00f3 la segunda semana de entrenamientos"},"content":{"rendered":"<p>El pasado lunes comenz\u00f3 la etapa de concentraci\u00f3n, en un hotel de Resistencia, desde donde el plantel part\u00eda a los entrenamientos, alternando entre los predios de San Diego, el Centro Empleados de Comercio y el propio estadio Juan Alberto Garc\u00eda. La \u00faltima pr\u00e1ctica se dio este s\u00e1bado por la ma\u00f1ana en el \u201cgigante\u201d y los jugadores quedaron liberados por el resto del fin de semana. Los trabajos se retomar\u00e1n desde el lunes, en la capital chaque\u00f1a y nuevamente en doble turno.<\/p>\n<p>En cuanto a los refuerzos que llegaron a las filas dirigidas por Diego Osella, en los \u00faltimos d\u00edas se sumaron el lateral izquierdo Lucas Kruspzky, ex Patronato de Paran\u00e1, el centrodelantero Mat\u00edas Quiroga, procedente de San Mart\u00edn de Tucum\u00e1n y Kevin Larrea, arquero de nacionalidad uruguaya de \u00faltimo paso por Atl\u00e9tico Mitre. Adem\u00e1s, Gonzalo Soto, defensor central que hab\u00eda llegado una semana atr\u00e1s, decidi\u00f3 rescindir el v\u00ednculo que lo un\u00eda a la instituci\u00f3n y finalmente no ser\u00e1 jugador de For Ever.<\/p>\n<p>Por el lado de Cristian Ibarra, el jugador que logr\u00f3 el ascenso durante la campa\u00f1a del 2021 fue cedido a pr\u00e9stamo hasta el 31 de diciembre de 2024 a Douglas Haig de Pergamino, en el Torneo Federal \u201cA\u201d.<\/p>\n<p>Los refuerzos hasta la fecha:<br \/>\nKevin Larrea, arquero.<br \/>\nMilton Leyendeker, defensor central.<br \/>\nLeonel Gigli, defensor central.<br \/>\nMaximiliano Romero, defensor central.<br \/>\nEnzo Tamborelli, defensor central.<br \/>\nLucio P\u00e9rez, lateral derecho.<br \/>\nAgust\u00edn Bellone, lateral derecho.<br \/>\nSantiago Bustos, lateral izquierdo.<br \/>\nLucas Kruspzky, lateral izquierdo.<\/p>\n<p>Gonzalo Lucero, volante ofensivo.<br \/>\nRodrigo V\u00e9lez, volante central.<br \/>\nBrandon Obreg\u00f3n, volante ofensivo.<br \/>\nFranco Perinciolo, volante izquierdo.<\/p>\n<p>Gonzalo Ca\u00f1ete, delantero.<br \/>\nDaniel Izquierdo, interno izquierdo ofensivo.<br \/>\nMat\u00edas Quiroga, Centrodelantero.<\/p>\n<p>El plantel completo:<br \/>\nArqueros: Gast\u00f3n Canuto, Leandro Ledesma, Leonardo Garcete, Kevin Larrea.<\/p>\n<p>Defensores: Dami\u00e1n Garc\u00eda, David Valdez, Marcos Fissore, Milton Leyendeker, Lucio P\u00e9rez, Leonel Gigli, Enzo Tamborelli, Agust\u00edn Bellone, Santiago Bustos, Marcos Ojeda, Maximiliano Romero, Lucas Kruspzky.<\/p>\n<p>Mediocampistas: Santiago Valenzuela, H\u00e9ctor Zabala, Mateo Maccari, Alan Sombra, Marcos Gim\u00e9nez, Gonzalo Lucero, Rodrigo V\u00e9lez, Brandon Obreg\u00f3n, Brian Nievas, Franco Perinciolo, Javier Iritier.<\/p>\n<p>Delanteros: Gonzalo Ca\u00f1ete, Alejandro Aquino, Daniel Gonz\u00e1lez, Gast\u00f3n Novero, Mat\u00edas Quiroga.<\/p>\n","protected":false},"excerpt":{"rendered":"<p>El pasado lunes comenz\u00f3 la etapa de concentraci\u00f3n, en un hotel de Resistencia, desde donde el plantel part\u00eda a los entrenamientos, alternando entre los predios de San Diego, el Centro Empleados de Comercio y el propio estadio Juan Alberto Garc\u00eda. La \u00faltima pr\u00e1ctica se dio este s\u00e1bado por la ma\u00f1ana en el \u201cgigante\u201d y los &hellip;<\/p>\n","protected":false},"author":3,"featured_media":4407,"comment_status":"open","ping_status":"open","sticky":false,"template":"","format":"standard","meta":{"footnotes":""},"categories":[5],"tags":[],"class_list":["post-4406","post","type-post","status-publish","format-standard","has-post-thumbnail","hentry","category-futbol"],"_links":{"self":[{"href":"https:\/\/www.sportchaco.com.ar\/index.php?rest_route=\/wp\/v2\/posts\/4406","targetHints":{"allow":["GET"]}}],"collection":[{"href":"https:\/\/www.sportchaco.com.ar\/index.php?rest_route=\/wp\/v2\/posts"}],"about":[{"href":"https:\/\/www.sportchaco.com.ar\/index.php?rest_route=\/wp\/v2\/types\/post"}],"author":[{"embeddable":true,"href":"https:\/\/www.sportchaco.com.ar\/index.php?rest_route=\/wp\/v2\/users\/3"}],"replies":[{"embeddable":true,"href":"https:\/\/www.sportchaco.com.ar\/index.php?rest_route=%2Fwp%2Fv2%2Fcomments&post=4406"}],"version-history":[{"count":1,"href":"https:\/\/www.sportchaco.com.ar\/index.php?rest_route=\/wp\/v2\/posts\/4406\/revisions"}],"predecessor-version":[{"id":4408,"href":"https:\/\/www.sportchaco.com.ar\/index.php?rest_route=\/wp\/v2\/posts\/4406\/revisions\/4408"}],"wp:featuredmedia":[{"embeddable":true,"href":"https:\/\/www.sportchaco.com.ar\/index.php?rest_route=\/wp\/v2\/media\/4407"}],"wp:attachment":[{"href":"https:\/\/www.sportchaco.com.ar\/index.php?rest_route=%2Fwp%2Fv2%2Fmedia&parent=4406"}],"wp:term":[{"taxonomy":"category","embeddable":true,"href":"https:\/\/www.sportchaco.com.ar\/index.php?rest_route=%2Fwp%2Fv2%2Fcategories&post=4406"},{"taxonomy":"post_tag","embeddable":true,"href":"https:\/\/www.sportchaco.com.ar\/index.php?rest_route=%2Fwp%2Fv2%2Ftags&post=4406"}],"curies":[{"name":"wp","href":"https:\/\/api.w.org\/{rel}","templated":true}]}}