{"id":4431,"date":"2024-01-14T18:03:16","date_gmt":"2024-01-14T21:03:16","guid":{"rendered":"https:\/\/www.sportchaco.com.ar\/?p=4431"},"modified":"2024-01-14T18:03:16","modified_gmt":"2024-01-14T21:03:16","slug":"juan-vargas-regreso-nuevamente-a-regatas","status":"publish","type":"post","link":"https:\/\/www.sportchaco.com.ar\/?p=4431","title":{"rendered":"Juan Vargas regres\u00f3 nuevamente a Regatas"},"content":{"rendered":"<p>El entrenador vuelve a la instituci\u00f3n de sus amores y ser\u00e1 nuevamente el coordinador del b\u00e1squet \u201cremero\u201d.<\/p>\n<p>De cara a lo que promete ser una temporada 2024 con mucha actividad y nivel de juego a lo largo y ancho de la provincia y Regatas de Resistencia es uno de los clubes que se est\u00e1 moviendo en el mercado de pases y en los \u00faltimos d\u00edas confirm\u00f3 el regreso de Juan Vargas como coordinador del b\u00e1squet \u201cremero\u201d.<\/p>\n<p>\u201cEstoy con todas las energ\u00edas para volver a arrancar este ciclo en el club. Creo que se da en un buen momento en mi carrera, donde le puedo seguir aportando cosas buenas a este club que me dio tanto, donde tambi\u00e9n quiero valorar el esfuerzo que hace la subcomisi\u00f3n que est\u00e1 ahora para que yo pueda regresar a Regatas\u201d, celebr\u00f3 el entrenador que ya tuvo experiencia en cert\u00e1menes provinciales, nacionales y con gran performance.<\/p>\n<p>Juan Vargas jug\u00f3 en Regatas en categor\u00edas formativas y Primera. Posteriormente comenz\u00f3 su etapa como entrenador en el minib\u00e1squet, pasando por todas las categor\u00edas formativas en las que consigui\u00f3 t\u00edtulos locales, provinciales y un hist\u00f3rico segundo puesto a nivel nacional con la categor\u00eda U15. Adem\u00e1s, ya como entrenador de la Primera de Regatas fue el entrenador principal del equipo en las participaciones del \u201cremero\u201d en la Liga Federal. Luego cruz\u00f3 el puente y dirigi\u00f3 el Pre \u2013 Federal con San Mart\u00edn de Curuz\u00fa Cuati\u00e1 alcanzando la final del certamen y permitiendo al equipo clasificar a la Liga Federal 2024.<\/p>\n<p>\u201cTrataremos de profesionalizar un poco m\u00e1s lo que es la estructura del b\u00e1squet, darle importancia a los chicos y el lugar que necesitan para que se puedan desarrollar en el club\u201d, resalt\u00f3 el coordinador, a\u00f1adiendo adem\u00e1s que \u201c y empezar a tener una idea de competencia de lo que es Primera divisi\u00f3n\u201d.<\/p>\n<p>En lo que respecta al trabajo en las categor\u00edas formativas, Regatas de Resistencia viene desarrollando un \u00edntegro y de calidad humana y deportiva en las distintas competencias locales, provinciales y nacionales, brillando la instituci\u00f3n en los primeros planos del b\u00e1squet formativo.<\/p>\n<p>\u201cTrabajaremos para volver a establecer una estructura s\u00f3lida de formativas que permita ser competitiva a nivel nacional con cualquier club de desarrollo de nuestro pa\u00eds\u201d, concluyendo Juan Vargas, \u201cla verdad que estoy muy contento de volver y espero que podamos, tanto por parte m\u00eda como de los dem\u00e1s entrenadores, hacer un buen trabajo para que nuestro trabajo se siga notando en lo que es el b\u00e1squet de Regatas\u201d.<\/p>\n","protected":false},"excerpt":{"rendered":"<p>El entrenador vuelve a la instituci\u00f3n de sus amores y ser\u00e1 nuevamente el coordinador del b\u00e1squet \u201cremero\u201d. De cara a lo que promete ser una temporada 2024 con mucha actividad y nivel de juego a lo largo y ancho de la provincia y Regatas de Resistencia es uno de los clubes que se est\u00e1 moviendo &hellip;<\/p>\n","protected":false},"author":3,"featured_media":4432,"comment_status":"open","ping_status":"open","sticky":false,"template":"","format":"standard","meta":{"footnotes":""},"categories":[3],"tags":[],"class_list":["post-4431","post","type-post","status-publish","format-standard","has-post-thumbnail","hentry","category-basquetbol"],"_links":{"self":[{"href":"https:\/\/www.sportchaco.com.ar\/index.php?rest_route=\/wp\/v2\/posts\/4431","targetHints":{"allow":["GET"]}}],"collection":[{"href":"https:\/\/www.sportchaco.com.ar\/index.php?rest_route=\/wp\/v2\/posts"}],"about":[{"href":"https:\/\/www.sportchaco.com.ar\/index.php?rest_route=\/wp\/v2\/types\/post"}],"author":[{"embeddable":true,"href":"https:\/\/www.sportchaco.com.ar\/index.php?rest_route=\/wp\/v2\/users\/3"}],"replies":[{"embeddable":true,"href":"https:\/\/www.sportchaco.com.ar\/index.php?rest_route=%2Fwp%2Fv2%2Fcomments&post=4431"}],"version-history":[{"count":1,"href":"https:\/\/www.sportchaco.com.ar\/index.php?rest_route=\/wp\/v2\/posts\/4431\/revisions"}],"predecessor-version":[{"id":4433,"href":"https:\/\/www.sportchaco.com.ar\/index.php?rest_route=\/wp\/v2\/posts\/4431\/revisions\/4433"}],"wp:featuredmedia":[{"embeddable":true,"href":"https:\/\/www.sportchaco.com.ar\/index.php?rest_route=\/wp\/v2\/media\/4432"}],"wp:attachment":[{"href":"https:\/\/www.sportchaco.com.ar\/index.php?rest_route=%2Fwp%2Fv2%2Fmedia&parent=4431"}],"wp:term":[{"taxonomy":"category","embeddable":true,"href":"https:\/\/www.sportchaco.com.ar\/index.php?rest_route=%2Fwp%2Fv2%2Fcategories&post=4431"},{"taxonomy":"post_tag","embeddable":true,"href":"https:\/\/www.sportchaco.com.ar\/index.php?rest_route=%2Fwp%2Fv2%2Ftags&post=4431"}],"curies":[{"name":"wp","href":"https:\/\/api.w.org\/{rel}","templated":true}]}}