{"id":4467,"date":"2024-01-15T20:54:03","date_gmt":"2024-01-15T23:54:03","guid":{"rendered":"https:\/\/www.sportchaco.com.ar\/?p=4467"},"modified":"2024-01-16T12:07:50","modified_gmt":"2024-01-16T15:07:50","slug":"sarmiento-sumo-dos-refuerzos-y-va-por-un-central-de-jerarquia","status":"publish","type":"post","link":"https:\/\/www.sportchaco.com.ar\/?p=4467","title":{"rendered":"Sarmiento sum\u00f3 dos refuerzos y va por un central de jerarqu\u00eda"},"content":{"rendered":"<p>Sarmiento se prepara para afrontar la temporada 2024 del torneo Federal A, que en principios comenzar\u00eda el 16 y 17 de marzo. Pensando en esto, Ra\u00fal Valdez, director t\u00e9cnico de la instituci\u00f3n, realiza el armado del nuevo plantel y a este ya se sumaron dos nuevos refuerzos.<\/p>\n<p>Se trata del lateral derecho Jean Carlos Valencia y el centro delantero Juan Montenegro, que ya llegaron a un acuerdo con la dirigencia y se sumar\u00e1n a la instituci\u00f3n en los pr\u00f3ximos d\u00edas.<\/p>\n<p>Valencia tiene 26 a\u00f1os y es de nacionalidad colombiana, viene de jugar en Club Ciudad Bolivar de Buenos Aires, que logr\u00f3 llegar a las semifinales en el \u00faltimo torneo. Tambi\u00e9n paso por Juares FC y Tigres FC de su pa\u00eds. Por el lado de Montenegro, tiene 26 a\u00f1os y naci\u00f3 en Argentina, llega libre desde el Club Atl\u00e9tico San Jorge de Santa Fe.<\/p>\n<p>El cuerpo t\u00e9cnico y la dirigencia llegaron a un acuerdo de poder traer algunos jugadores que le aporten experiencia al plantel, para luego complementarlo con jugadores que ya est\u00e1n en el club y tambi\u00e9n agregarle algunos futbolistas que se destaquen en la Liga Chaque\u00f1a.<\/p>\n<p>Por eso, el \u201cDecano\u201d est\u00e1 a punto de concretar la llegada de un zaguero central de mucha experiencia y envergadura en la categor\u00eda. Se trata Ya\u00edr Mar\u00edn, hombre que viene de quedar libre de nada m\u00e1s ni nada menos que el cl\u00e1sico rival, Chaco For Ever.<\/p>\n<p>Mar\u00edn tiene 33 a\u00f1os, naci\u00f3 en Viale, un pueblo ubicado en la provincia de Entre R\u00edos. Surgi\u00f3 de Arsenal de Viale y luego pas\u00f3 por Viale FBC. En 2010, se uni\u00f3 a las inferiores de San Lorenzo de Almagro donde lleg\u00f3 a marcar un gol para la reserva. Hizo su debut en primera en El Porvenir de Buenos Aires, luego emigr\u00f3 a Atl\u00e9tico Palmira de Mendoza (disput\u00f3 el viejo Federal B) y tras una buena temporada dio el salto la Primera Nacional, donde jug\u00f3 en Gimnasia e Independiente Rivadavia de Mendoza, Temperley y por \u00faltimo en For Ever.<\/p>\n<p>Ya\u00edr logr\u00f3 en el 2021 el ascenso a la Primera Nacional con el \u201cNegro\u201d, siendo capit\u00e1n y un gran referente del equipo dirigido por Daniel Cravero. Contin\u00fao en el equipo chaque\u00f1os toda la temporada 2022 y 2023, jugando casi siempre y siendo titular. Hoy por hoy, qued\u00f3 libre de For Ever y su intenci\u00f3n es seguir viviendo en la provincia, por eso, ve con muy buenos ojos la propuesta de Sarmiento y todo estar\u00eda en caminado para que se sume al \u201cDecano\u201d.<\/p>\n<p><strong>Los jugadores que llegar\u00edan del orden local<\/strong><\/p>\n<p>Luego de varios a\u00f1os sumando jugadores con experiencia y de afuera de la provincia, el \u201cDeca\u201d esta temporada buscar\u00e1 sumar a futbolistas que vengan teniendo buenas temporadas en la Liga Chaque\u00f1a.<\/p>\n<p>Mariano Villalba, volante de creaci\u00f3n, que se encuentra jugando en Juventud de Tirol, est\u00e1 en carpeta de la dirigencia. El jugador hace mucho tiempo vienen teniendo muy buenos rendimientos en el orden local, sobre todo este \u00faltimo tiempo, donde disput\u00f3 el Regional Amateur con \u201cLa Juven\u201d y deslumbr\u00f3 a todos.<\/p>\n<p>Tambi\u00e9n son\u00f3 el nombre de Dar\u00edo Cravero, defensore central que se encuentra jugando el regional en Resistencia Central. La traba en este caso es que el \u201cAlbo\u201d est\u00e1 disputando las semifinales del campeonato y para cuando Sarmiento arranque la preparaci\u00f3n el futbolista seguir\u00e1 comprometido con \u201cResi\u201d, pero habr\u00e1 que esperar.<\/p>\n<p><strong>El inicio de la pretemporada<\/strong><\/p>\n<p>Valdez y sus ayudantes establecieron que este mi\u00e9rcoles comenzar\u00e1n con los trabajos de preparaci\u00f3n, al margen de que no contar\u00e1n con el equipo completo. La idea es realizar lo queda de ma\u00f1ana al final de la semana entrenamientos de ambientaci\u00f3n y la siguiente ya comenzar con la preparaci\u00f3n f\u00edsica fuerte.<\/p>\n","protected":false},"excerpt":{"rendered":"<p>Sarmiento se prepara para afrontar la temporada 2024 del torneo Federal A, que en principios comenzar\u00eda el 16 y 17 de marzo. Pensando en esto, Ra\u00fal Valdez, director t\u00e9cnico de la instituci\u00f3n, realiza el armado del nuevo plantel y a este ya se sumaron dos nuevos refuerzos. Se trata del lateral derecho Jean Carlos Valencia &hellip;<\/p>\n","protected":false},"author":3,"featured_media":4468,"comment_status":"open","ping_status":"open","sticky":false,"template":"","format":"standard","meta":{"footnotes":""},"categories":[5],"tags":[],"class_list":["post-4467","post","type-post","status-publish","format-standard","has-post-thumbnail","hentry","category-futbol"],"_links":{"self":[{"href":"https:\/\/www.sportchaco.com.ar\/index.php?rest_route=\/wp\/v2\/posts\/4467","targetHints":{"allow":["GET"]}}],"collection":[{"href":"https:\/\/www.sportchaco.com.ar\/index.php?rest_route=\/wp\/v2\/posts"}],"about":[{"href":"https:\/\/www.sportchaco.com.ar\/index.php?rest_route=\/wp\/v2\/types\/post"}],"author":[{"embeddable":true,"href":"https:\/\/www.sportchaco.com.ar\/index.php?rest_route=\/wp\/v2\/users\/3"}],"replies":[{"embeddable":true,"href":"https:\/\/www.sportchaco.com.ar\/index.php?rest_route=%2Fwp%2Fv2%2Fcomments&post=4467"}],"version-history":[{"count":5,"href":"https:\/\/www.sportchaco.com.ar\/index.php?rest_route=\/wp\/v2\/posts\/4467\/revisions"}],"predecessor-version":[{"id":4477,"href":"https:\/\/www.sportchaco.com.ar\/index.php?rest_route=\/wp\/v2\/posts\/4467\/revisions\/4477"}],"wp:featuredmedia":[{"embeddable":true,"href":"https:\/\/www.sportchaco.com.ar\/index.php?rest_route=\/wp\/v2\/media\/4468"}],"wp:attachment":[{"href":"https:\/\/www.sportchaco.com.ar\/index.php?rest_route=%2Fwp%2Fv2%2Fmedia&parent=4467"}],"wp:term":[{"taxonomy":"category","embeddable":true,"href":"https:\/\/www.sportchaco.com.ar\/index.php?rest_route=%2Fwp%2Fv2%2Fcategories&post=4467"},{"taxonomy":"post_tag","embeddable":true,"href":"https:\/\/www.sportchaco.com.ar\/index.php?rest_route=%2Fwp%2Fv2%2Ftags&post=4467"}],"curies":[{"name":"wp","href":"https:\/\/api.w.org\/{rel}","templated":true}]}}