{"id":4487,"date":"2024-01-18T00:37:41","date_gmt":"2024-01-18T03:37:41","guid":{"rendered":"https:\/\/www.sportchaco.com.ar\/?p=4487"},"modified":"2024-01-18T10:26:25","modified_gmt":"2024-01-18T13:26:25","slug":"efemerides-del-18-de-enero","status":"publish","type":"post","link":"https:\/\/www.sportchaco.com.ar\/?p=4487","title":{"rendered":"Efem\u00e9rides del 18 de enero"},"content":{"rendered":"<p><strong>Esta es la Efem\u00e9rides del Deporte en el Chaco de un 18 de enero del periodista Luis Dar\u00edo Molodezky<\/strong><\/p>\n<p><img loading=\"lazy\" decoding=\"async\" class=\"alignnone size-medium wp-image-4416\" src=\"https:\/\/www.sportchaco.com.ar\/wp-content\/uploads\/2024\/01\/Molodezky-luis-sin-anteojos1.jpg-1-231x300.jpeg\" alt=\"\" width=\"231\" height=\"300\" srcset=\"https:\/\/www.sportchaco.com.ar\/wp-content\/uploads\/2024\/01\/Molodezky-luis-sin-anteojos1.jpg-1-231x300.jpeg 231w, https:\/\/www.sportchaco.com.ar\/wp-content\/uploads\/2024\/01\/Molodezky-luis-sin-anteojos1.jpg-1.jpeg 432w\" sizes=\"auto, (max-width: 231px) 100vw, 231px\" \/><\/p>\n<p>&nbsp;<\/p>\n<p>&nbsp;<\/p>\n<p><strong>1933 \/ <\/strong>Nace en San Miguel de Tucum\u00e1n Ricardo Nicol\u00e1s Barrionuevo, locutor, conductor radial, showman. Comenz\u00f3 a los 10 a\u00f1os pasando m\u00fasica en un Parque de Diversiones. Desde los 12 a\u00f1os anim\u00f3 bailes y a los 17 ya fue incorporado como locutor tras ganar un casting en LV7- Radio Tucum\u00e1n, donde necesitaban un relator de novelas. Luego de pasar por C\u00f3rdoba se incorpor\u00f3 a la Agencia de Publicidad de Walter y Coco Ruiz. Enseguida lo capt\u00f3 LT 5 Radio Chaco. Tuvo exitosos programas como \u201cLa Tortuga azul\u201d, Musicorama Club de Novedades, que desemboc\u00f3 en grandes bailes en la ciudad de Resistencia como en el Prado Asturiano. Fue productor de espect\u00e1culos trayendo a Resistencia a Los Iracundos, Leonardo Favio, Palito Ortega, Sandro, Leo Dan, Susana Gim\u00e9nez. Animador de los carnavales con los Carnavales en la Isla de la Alegr\u00eda del Parque Dos de Febrero. Es locutor Nacional, con carnet que lo habilita, otorgado por el Ministerio de Cultura de la Naci\u00f3n, el 13 de diciembre de 1960. Fue un \u00e9xito como locutor comercial en las transmisiones deportivas, por su calidad, vocalizaci\u00f3n y velocidad.<\/p>\n<p><strong>\u00a0<\/strong><\/p>\n<p><strong>\u00a0<\/strong><\/p>\n<p><strong>1981 <\/strong>\/ Nace en Tres Isletas el boxeador C\u00e9sar Ren\u00e9 Cuenca. El 14 de abril del 2004 se consagra campe\u00f3n argentino alternativo superligero, al vencer en Caseros por puntos a Pablo Barbero. El 30 de junio de 2005 supera por puntos a Wilfredo Vilchez unificando el t\u00edtulo. El 18 de marzo de 2009 logra el t\u00edtulo Latino OMB venciendo por puntos al puertorrique\u00f1o Alex De Jes\u00fas.<\/p>\n<p>&nbsp;<\/p>\n<p><strong>2003 <\/strong>\/ Javier \u00c1lvarez malogra la oportunidad de consagrarse campe\u00f3n argentino de los ligeros (antes livianos) al perder por descalificaci\u00f3n en el s\u00e9ptimo asalto frente a Ricardo Daniel Silva en Ciudad Evita en el octavo asalto. El peso de \u00c1lvarez fue de 61,150 kg.<\/p>\n<p>&nbsp;<\/p>\n<p><strong>2009 <\/strong>\/ Por resoluci\u00f3n del Ministerio de Educaci\u00f3n 115, se impone el nombre de Miguel \u00c1ngel Campos al CEF N\u00ba 1 de Resistencia, en reemplazo de teniente general Juan Carlos S\u00e1nchez, que llevaba desde su creaci\u00f3n en 1978.<\/p>\n<p>&nbsp;<\/p>\n<h3>Foto de Ricardo Nicol\u00e1s Barrionuevo<\/h3>\n","protected":false},"excerpt":{"rendered":"<p>Esta es la Efem\u00e9rides del Deporte en el Chaco de un 18 de enero del periodista Luis Dar\u00edo Molodezky &nbsp; &nbsp; 1933 \/ Nace en San Miguel de Tucum\u00e1n Ricardo Nicol\u00e1s Barrionuevo, locutor, conductor radial, showman. Comenz\u00f3 a los 10 a\u00f1os pasando m\u00fasica en un Parque de Diversiones. Desde los 12 a\u00f1os anim\u00f3 bailes y &hellip;<\/p>\n","protected":false},"author":2,"featured_media":4522,"comment_status":"open","ping_status":"open","sticky":false,"template":"","format":"standard","meta":{"footnotes":""},"categories":[45],"tags":[],"class_list":["post-4487","post","type-post","status-publish","format-standard","has-post-thumbnail","hentry","category-efemerides-dia-por-dia"],"_links":{"self":[{"href":"https:\/\/www.sportchaco.com.ar\/index.php?rest_route=\/wp\/v2\/posts\/4487","targetHints":{"allow":["GET"]}}],"collection":[{"href":"https:\/\/www.sportchaco.com.ar\/index.php?rest_route=\/wp\/v2\/posts"}],"about":[{"href":"https:\/\/www.sportchaco.com.ar\/index.php?rest_route=\/wp\/v2\/types\/post"}],"author":[{"embeddable":true,"href":"https:\/\/www.sportchaco.com.ar\/index.php?rest_route=\/wp\/v2\/users\/2"}],"replies":[{"embeddable":true,"href":"https:\/\/www.sportchaco.com.ar\/index.php?rest_route=%2Fwp%2Fv2%2Fcomments&post=4487"}],"version-history":[{"count":1,"href":"https:\/\/www.sportchaco.com.ar\/index.php?rest_route=\/wp\/v2\/posts\/4487\/revisions"}],"predecessor-version":[{"id":4489,"href":"https:\/\/www.sportchaco.com.ar\/index.php?rest_route=\/wp\/v2\/posts\/4487\/revisions\/4489"}],"wp:featuredmedia":[{"embeddable":true,"href":"https:\/\/www.sportchaco.com.ar\/index.php?rest_route=\/wp\/v2\/media\/4522"}],"wp:attachment":[{"href":"https:\/\/www.sportchaco.com.ar\/index.php?rest_route=%2Fwp%2Fv2%2Fmedia&parent=4487"}],"wp:term":[{"taxonomy":"category","embeddable":true,"href":"https:\/\/www.sportchaco.com.ar\/index.php?rest_route=%2Fwp%2Fv2%2Fcategories&post=4487"},{"taxonomy":"post_tag","embeddable":true,"href":"https:\/\/www.sportchaco.com.ar\/index.php?rest_route=%2Fwp%2Fv2%2Ftags&post=4487"}],"curies":[{"name":"wp","href":"https:\/\/api.w.org\/{rel}","templated":true}]}}