{"id":4490,"date":"2024-01-17T10:00:19","date_gmt":"2024-01-17T13:00:19","guid":{"rendered":"https:\/\/www.sportchaco.com.ar\/?p=4490"},"modified":"2024-01-17T12:55:59","modified_gmt":"2024-01-17T15:55:59","slug":"raul-mosqueda-buscara-reordenar-de-liga-chaquena","status":"publish","type":"post","link":"https:\/\/www.sportchaco.com.ar\/?p=4490","title":{"rendered":"Ra\u00fal Mosqueda buscar\u00e1 reordenar de Liga Chaque\u00f1a"},"content":{"rendered":"<p>RAUL MOSQUEDA a la izquierda y H\u00e9ctor G\u00f3mez a la derecha, encabezar\u00e1n una de las listas para las elecciones de la Liga Chaque\u00f1a. En di\u00e1logo con Cara y Ceca por Radio Provincia del Chaco, Puchi Mosqueda confirm\u00f3 la presentaci\u00f3n en las pr\u00f3ximas horas y habl\u00f3 de reordenar el funcionamiento de la Liga Chaque\u00f1a. <a href=\"https:\/\/youtu.be\/fWpmAdwhrVs\">https:\/\/youtu.be\/fWpmAdwhrVs<\/a><\/p>\n<p>&nbsp;<\/p>\n<h3><\/h3>\n","protected":false},"excerpt":{"rendered":"<p>RAUL MOSQUEDA a la izquierda y H\u00e9ctor G\u00f3mez a la derecha, encabezar\u00e1n una de las listas para las elecciones de la Liga Chaque\u00f1a. En di\u00e1logo con Cara y Ceca por Radio Provincia del Chaco, Puchi Mosqueda confirm\u00f3 la presentaci\u00f3n en las pr\u00f3ximas horas y habl\u00f3 de reordenar el funcionamiento de la Liga Chaque\u00f1a. https:\/\/youtu.be\/fWpmAdwhrVs &nbsp;<\/p>\n","protected":false},"author":2,"featured_media":4491,"comment_status":"open","ping_status":"open","sticky":false,"template":"","format":"standard","meta":{"footnotes":""},"categories":[5],"tags":[],"class_list":["post-4490","post","type-post","status-publish","format-standard","has-post-thumbnail","hentry","category-futbol"],"_links":{"self":[{"href":"https:\/\/www.sportchaco.com.ar\/index.php?rest_route=\/wp\/v2\/posts\/4490","targetHints":{"allow":["GET"]}}],"collection":[{"href":"https:\/\/www.sportchaco.com.ar\/index.php?rest_route=\/wp\/v2\/posts"}],"about":[{"href":"https:\/\/www.sportchaco.com.ar\/index.php?rest_route=\/wp\/v2\/types\/post"}],"author":[{"embeddable":true,"href":"https:\/\/www.sportchaco.com.ar\/index.php?rest_route=\/wp\/v2\/users\/2"}],"replies":[{"embeddable":true,"href":"https:\/\/www.sportchaco.com.ar\/index.php?rest_route=%2Fwp%2Fv2%2Fcomments&post=4490"}],"version-history":[{"count":2,"href":"https:\/\/www.sportchaco.com.ar\/index.php?rest_route=\/wp\/v2\/posts\/4490\/revisions"}],"predecessor-version":[{"id":4504,"href":"https:\/\/www.sportchaco.com.ar\/index.php?rest_route=\/wp\/v2\/posts\/4490\/revisions\/4504"}],"wp:featuredmedia":[{"embeddable":true,"href":"https:\/\/www.sportchaco.com.ar\/index.php?rest_route=\/wp\/v2\/media\/4491"}],"wp:attachment":[{"href":"https:\/\/www.sportchaco.com.ar\/index.php?rest_route=%2Fwp%2Fv2%2Fmedia&parent=4490"}],"wp:term":[{"taxonomy":"category","embeddable":true,"href":"https:\/\/www.sportchaco.com.ar\/index.php?rest_route=%2Fwp%2Fv2%2Fcategories&post=4490"},{"taxonomy":"post_tag","embeddable":true,"href":"https:\/\/www.sportchaco.com.ar\/index.php?rest_route=%2Fwp%2Fv2%2Ftags&post=4490"}],"curies":[{"name":"wp","href":"https:\/\/api.w.org\/{rel}","templated":true}]}}