{"id":4501,"date":"2024-01-17T12:54:50","date_gmt":"2024-01-17T15:54:50","guid":{"rendered":"https:\/\/www.sportchaco.com.ar\/?p=4501"},"modified":"2024-01-17T12:54:50","modified_gmt":"2024-01-17T15:54:50","slug":"se-portergo-el-inicio-de-la-pretemporada-de-sarmiento","status":"publish","type":"post","link":"https:\/\/www.sportchaco.com.ar\/?p=4501","title":{"rendered":"Se porterg\u00f3 el inicio de la pretemporada de Sarmiento"},"content":{"rendered":"<p>La pretemporada de Sarmiento para afrontar el torneo Federal \u00abA\u00bb de F\u00fatbol iba a comenzar este mi\u00e9rcoles, pero po diferentes circunstancias se decidi\u00f3 que la misma pase para el lunes 22 de enero.<\/p>\n<p>Uno de los motivos fueron las inclemencias del tiempo con lluvias y precipitaciones en la capital chaque\u00f1a y otra raz\u00f3n que algunos de los refuerzos que tiene acordado el \u00abdecano\u00bb a\u00fan no est\u00e1n en Resistencia.<\/p>\n<p>De esta manera los trabajos para afrontar el campeonato que arrancar\u00eda en el mes de marzo empezar\u00e1n la pr\u00f3xima semana bajo las ordenes de Ra\u00fal Valdez.<\/p>\n<p>La idea de la dirigencia de Sarmiento es contar ya con la mayor\u00eda de los refuerzos que fueron vincul\u00e1ndose con el club en el inicio de la misma.<\/p>\n","protected":false},"excerpt":{"rendered":"<p>La pretemporada de Sarmiento para afrontar el torneo Federal \u00abA\u00bb de F\u00fatbol iba a comenzar este mi\u00e9rcoles, pero po diferentes circunstancias se decidi\u00f3 que la misma pase para el lunes 22 de enero. Uno de los motivos fueron las inclemencias del tiempo con lluvias y precipitaciones en la capital chaque\u00f1a y otra raz\u00f3n que algunos &hellip;<\/p>\n","protected":false},"author":3,"featured_media":4502,"comment_status":"open","ping_status":"open","sticky":false,"template":"","format":"standard","meta":{"footnotes":""},"categories":[5],"tags":[],"class_list":["post-4501","post","type-post","status-publish","format-standard","has-post-thumbnail","hentry","category-futbol"],"_links":{"self":[{"href":"https:\/\/www.sportchaco.com.ar\/index.php?rest_route=\/wp\/v2\/posts\/4501","targetHints":{"allow":["GET"]}}],"collection":[{"href":"https:\/\/www.sportchaco.com.ar\/index.php?rest_route=\/wp\/v2\/posts"}],"about":[{"href":"https:\/\/www.sportchaco.com.ar\/index.php?rest_route=\/wp\/v2\/types\/post"}],"author":[{"embeddable":true,"href":"https:\/\/www.sportchaco.com.ar\/index.php?rest_route=\/wp\/v2\/users\/3"}],"replies":[{"embeddable":true,"href":"https:\/\/www.sportchaco.com.ar\/index.php?rest_route=%2Fwp%2Fv2%2Fcomments&post=4501"}],"version-history":[{"count":1,"href":"https:\/\/www.sportchaco.com.ar\/index.php?rest_route=\/wp\/v2\/posts\/4501\/revisions"}],"predecessor-version":[{"id":4503,"href":"https:\/\/www.sportchaco.com.ar\/index.php?rest_route=\/wp\/v2\/posts\/4501\/revisions\/4503"}],"wp:featuredmedia":[{"embeddable":true,"href":"https:\/\/www.sportchaco.com.ar\/index.php?rest_route=\/wp\/v2\/media\/4502"}],"wp:attachment":[{"href":"https:\/\/www.sportchaco.com.ar\/index.php?rest_route=%2Fwp%2Fv2%2Fmedia&parent=4501"}],"wp:term":[{"taxonomy":"category","embeddable":true,"href":"https:\/\/www.sportchaco.com.ar\/index.php?rest_route=%2Fwp%2Fv2%2Fcategories&post=4501"},{"taxonomy":"post_tag","embeddable":true,"href":"https:\/\/www.sportchaco.com.ar\/index.php?rest_route=%2Fwp%2Fv2%2Ftags&post=4501"}],"curies":[{"name":"wp","href":"https:\/\/api.w.org\/{rel}","templated":true}]}}