{"id":4515,"date":"2024-01-17T23:12:01","date_gmt":"2024-01-18T02:12:01","guid":{"rendered":"https:\/\/www.sportchaco.com.ar\/?p=4515"},"modified":"2024-01-17T23:12:01","modified_gmt":"2024-01-18T02:12:01","slug":"titulos-nacionales-e-internaciones","status":"publish","type":"post","link":"https:\/\/www.sportchaco.com.ar\/?p=4515","title":{"rendered":"T\u00edtulos nacionales e internaciones"},"content":{"rendered":"<h1><strong>T\u00cdTULOS<\/strong><\/h1>\n<p><span style=\"color: #000000;\"><u><a style=\"color: #000000;\" href=\"https:\/\/cablera.telam.com.ar\/cable\/deportes\/1491671\/argentina-plasmo-su-hegemonia-sobre-uruguay-en-el-premundial-de-handball\">HANDBALL-PREMUNDIAL<\/a><\/u><\/span><\/p>\n<p><span style=\"color: #000000;\"><u><a style=\"color: #000000;\" href=\"https:\/\/cablera.telam.com.ar\/cable\/deportes\/1491671\/argentina-plasmo-su-hegemonia-sobre-uruguay-en-el-premundial-de-handball\">Argentina plasm\u00f3 su hegemon\u00eda sobre Uruguay en el Premundial de handball<\/a><\/u><\/span><\/p>\n<p>&nbsp;<\/p>\n<p><span style=\"color: #000000;\"><u><a style=\"color: #000000;\" href=\"https:\/\/cablera.telam.com.ar\/cable\/deportes\/1491668\/velez-supero-a-belgrano-por-la-minima-en-la-serie-rio-de-la-plata\">F\u00daTBOL-SERIE R\u00cdO DE LA PLATA<\/a><\/u><\/span><\/p>\n<p><span style=\"color: #000000;\"><u><a style=\"color: #000000;\" href=\"https:\/\/cablera.telam.com.ar\/cable\/deportes\/1491668\/velez-supero-a-belgrano-por-la-minima-en-la-serie-rio-de-la-plata\">V\u00e9lez super\u00f3 a Belgrano por la m\u00ednima en la Serie R\u00edo de la Plata<\/a><\/u><\/span><\/p>\n<p>&nbsp;<\/p>\n<p><span style=\"color: #000000;\"><u><a style=\"color: #000000;\" href=\"https:\/\/cablera.telam.com.ar\/cable\/deportes\/1491651\/boca-juniors-dio-un-paso-en-falso-en-uruguay-por-la-champions-league-de-basquetbol-americanaoca\">B\u00c1SQUETBOL-CHAMPIONS LEAGUE AM\u00c9RICAS<\/a><\/u><\/span><\/p>\n<p><span style=\"color: #000000;\"><u><a style=\"color: #000000;\" href=\"https:\/\/cablera.telam.com.ar\/cable\/deportes\/1491651\/boca-juniors-dio-un-paso-en-falso-en-uruguay-por-la-champions-league-de-basquetbol-americanaoca\">Boca Juniors dio un paso en falso en Uruguay por la Champions League de b\u00e1squetbol americanaOCA<\/a><\/u><\/span><\/p>\n<p>&nbsp;<\/p>\n<p><span style=\"color: #000000;\"><u><a style=\"color: #000000;\" href=\"https:\/\/cablera.telam.com.ar\/cable\/deportes\/1491650\/mar-del-plata-abrio-inscripcion-para-clases-de-surf-gratuitas-para-locales-y-turistas\">SURF-MAR DEL PLATA<\/a><\/u><\/span><\/p>\n<p><span style=\"color: #000000;\"><u><a style=\"color: #000000;\" href=\"https:\/\/cablera.telam.com.ar\/cable\/deportes\/1491650\/mar-del-plata-abrio-inscripcion-para-clases-de-surf-gratuitas-para-locales-y-turistas\">Mar del Plata abri\u00f3 inscripci\u00f3n para clases de surf gratuitas para locales y turistas<\/a><\/u><\/span><\/p>\n<p>&nbsp;<\/p>\n<p><span style=\"color: #000000;\"><u><a style=\"color: #000000;\" href=\"https:\/\/cablera.telam.com.ar\/cable\/deportes\/1491638\/delegacion-argentina-de-deportistas-con-sindrome-de-down-competira-en-turquia\">DEPORTES-S\u00cdNDROME DE DOWN<\/a><\/u><\/span><\/p>\n<p><span style=\"color: #000000;\"><u><a style=\"color: #000000;\" href=\"https:\/\/cablera.telam.com.ar\/cable\/deportes\/1491638\/delegacion-argentina-de-deportistas-con-sindrome-de-down-competira-en-turquia\">Delegaci\u00f3n argentina de deportistas con s\u00edndrome de Down competir\u00e1 en Turqu\u00eda<\/a><\/u><\/span><\/p>\n<p>&nbsp;<\/p>\n<p><span style=\"color: #000000;\"><u><a style=\"color: #000000;\" href=\"https:\/\/cablera.telam.com.ar\/cable\/deportes\/1491630\/hay-dos-ofertas-por-coccaro-pero-deben-esforzarse-un-poco-mas-dijo-el-presidente-de-huracan\">F\u00daTBOL-HURAC\u00c1N<\/a><\/u><\/span><\/p>\n<p><span style=\"color: #000000;\"><u><a style=\"color: #000000;\" href=\"https:\/\/cablera.telam.com.ar\/cable\/deportes\/1491630\/hay-dos-ofertas-por-coccaro-pero-deben-esforzarse-un-poco-mas-dijo-el-presidente-de-huracan\">\u00abHay dos ofertas por C\u00f3ccaro, pero deben esforzarse un poco m\u00e1s\u00bb, dijo el presidente de Hurac\u00e1n<\/a><\/u><\/span><\/p>\n<p>&nbsp;<\/p>\n<p><span style=\"color: #000000;\"><u><a style=\"color: #000000;\" href=\"https:\/\/cablera.telam.com.ar\/cable\/deportes\/1491627\/nottingham-forest-con-argentinos-avanza-de-ronda-en-la-fa-cup-inglesa\">F\u00daTBOL-INGLATERRA-FA CUP<\/a><\/u><\/span><\/p>\n<p><span style=\"color: #000000;\"><u><a style=\"color: #000000;\" href=\"https:\/\/cablera.telam.com.ar\/cable\/deportes\/1491627\/nottingham-forest-con-argentinos-avanza-de-ronda-en-la-fa-cup-inglesa\">Nottingham Forest, con argentinos, avanza de ronda en la FA Cup inglesa<\/a><\/u><\/span><\/p>\n<p>&nbsp;<\/p>\n<p><span style=\"color: #000000;\"><u><a style=\"color: #000000;\" href=\"https:\/\/cablera.telam.com.ar\/cable\/deportes\/1491607\/atletico-y-real-madrid-jugaran-un-nuevo-clasico-en-busca-de-los-cuartos-de-final-de-la-copa-del-rey\">F\u00daTBOL-ESPA\u00d1A-COPA DEL REY<\/a><\/u><\/span><\/p>\n<p><span style=\"color: #000000;\"><u><a style=\"color: #000000;\" href=\"https:\/\/cablera.telam.com.ar\/cable\/deportes\/1491607\/atletico-y-real-madrid-jugaran-un-nuevo-clasico-en-busca-de-los-cuartos-de-final-de-la-copa-del-rey\">Atl\u00e9tico y Real Madrid jugar\u00e1n un nuevo cl\u00e1sico en busca de los cuartos de final de la Copa del Rey<\/a><\/u><\/span><\/p>\n<p>&nbsp;<\/p>\n<p><span style=\"color: #000000;\"><u><a style=\"color: #000000;\" href=\"https:\/\/cablera.telam.com.ar\/cable\/deportes\/1491615\/las-leonas-retomaron-los-entrenamientos-de-cara-a-la-fih-pro-league\">HOCKEY SOBRE C\u00c9SPED-LAS LEONAS<\/a><\/u><\/span><\/p>\n<p><span style=\"color: #000000;\"><u><a style=\"color: #000000;\" href=\"https:\/\/cablera.telam.com.ar\/cable\/deportes\/1491615\/las-leonas-retomaron-los-entrenamientos-de-cara-a-la-fih-pro-league\">Las Leonas retomaron los entrenamientos de cara a la FIH Pro League<\/a><\/u><\/span><\/p>\n<p>&nbsp;<\/p>\n<p><span style=\"color: #000000;\"><u><a style=\"color: #000000;\" href=\"https:\/\/cablera.telam.com.ar\/cable\/deportes\/1491613\/el-argentino-brussino-es-figura-pese-a-derrota-de-gran-canaria-por-basquetbol-de-europa\">B\u00c1SQUETBOL-EUROPA<\/a><\/u><\/span><\/p>\n<p><span style=\"color: #000000;\"><u><a style=\"color: #000000;\" href=\"https:\/\/cablera.telam.com.ar\/cable\/deportes\/1491613\/el-argentino-brussino-es-figura-pese-a-derrota-de-gran-canaria-por-basquetbol-de-europa\">El argentino Brussino es figura pese a derrota de Gran Canaria por b\u00e1squetbol de Europa<\/a><\/u><\/span><\/p>\n<p>&nbsp;<\/p>\n<p><span style=\"color: #000000;\"><u><a style=\"color: #000000;\" href=\"https:\/\/cablera.telam.com.ar\/cable\/deportes\/1491604\/a-alario-le-faltan-minutos-para-volver-a-river-tiene-que-volver-fuerte-explico-su-representante\">F\u00daTBOL-RIVER-ALARIO<\/a><\/u><\/span><\/p>\n<p><span style=\"color: #000000;\"><u><a style=\"color: #000000;\" href=\"https:\/\/cablera.telam.com.ar\/cable\/deportes\/1491604\/a-alario-le-faltan-minutos-para-volver-a-river-tiene-que-volver-fuerte-explico-su-representante\">\u00abA Alario le faltan minutos para volver a River; tiene que volver fuerte\u00bb, explic\u00f3 su representante<\/a><\/u><\/span><\/p>\n<p>&nbsp;<\/p>\n<p><span style=\"color: #000000;\"><u><a style=\"color: #000000;\" href=\"https:\/\/cablera.telam.com.ar\/cable\/deportes\/1491605\/marruecos-goleo-en-su-debut-en-la-copa-africana-de-naciones\">FUTBOL-COPA \u00c1FRICA<\/a><\/u><\/span><\/p>\n<p><span style=\"color: #000000;\"><u><a style=\"color: #000000;\" href=\"https:\/\/cablera.telam.com.ar\/cable\/deportes\/1491605\/marruecos-goleo-en-su-debut-en-la-copa-africana-de-naciones\">Marruecos gole\u00f3 en su debut en la Copa Africana de Naciones<\/a><\/u><\/span><\/p>\n<p>&nbsp;<\/p>\n<p><span style=\"color: #000000;\"><u><a style=\"color: #000000;\" href=\"https:\/\/cablera.telam.com.ar\/cable\/deportes\/1491606\/un-triunfo-para-gimnasia-y-otro-para-maipu-en-sendos-amistosos-de-preparacion\">F\u00daTBOL-NACIONAL-MENDOZA<\/a><\/u><\/span><\/p>\n<p><span style=\"color: #000000;\"><u><a style=\"color: #000000;\" href=\"https:\/\/cablera.telam.com.ar\/cable\/deportes\/1491606\/un-triunfo-para-gimnasia-y-otro-para-maipu-en-sendos-amistosos-de-preparacion\">Un triunfo para Gimnasia y otro para Maip\u00fa en sendos amistosos de preparaci\u00f3n<\/a><\/u><\/span><\/p>\n<p>&nbsp;<\/p>\n<p><span style=\"color: #000000;\"><u><a style=\"color: #000000;\" href=\"https:\/\/cablera.telam.com.ar\/cable\/deportes\/1491599\/el-clasico-entre-monteros-y-tucuman-de-gimnasia-le-abren-la-puerta-al-quinto-tour-de-la-lva\">V\u00d3LEIBOL-LIGA ARGENTINA<\/a><\/u><\/span><\/p>\n<p><span style=\"color: #000000;\"><u><a style=\"color: #000000;\" href=\"https:\/\/cablera.telam.com.ar\/cable\/deportes\/1491599\/el-clasico-entre-monteros-y-tucuman-de-gimnasia-le-abren-la-puerta-al-quinto-tour-de-la-lva\">El cl\u00e1sico entre Monteros y Tucum\u00e1n de Gimnasia le abren la puerta al quinto Tour de la LVA<\/a><\/u><\/span><\/p>\n<p>&nbsp;<\/p>\n<p><span style=\"color: #000000;\"><u><a style=\"color: #000000;\" href=\"https:\/\/cablera.telam.com.ar\/cable\/deportes\/1491592\/uruguay-desafecto-al-delantero-cristian-olivera-ante-el-pedido-de-los-ngeles-fc\">F\u00daTBOL-SUB-23-URUGUAY<\/a><\/u><\/span><\/p>\n<p><span style=\"color: #000000;\"><u><a style=\"color: #000000;\" href=\"https:\/\/cablera.telam.com.ar\/cable\/deportes\/1491592\/uruguay-desafecto-al-delantero-cristian-olivera-ante-el-pedido-de-los-ngeles-fc\">Uruguay desafect\u00f3 al delantero Cristian Olivera ante el pedido de Los \u00c1ngeles FC<\/a><\/u><\/span><\/p>\n<p>&nbsp;<\/p>\n<p><span style=\"color: #000000;\"><u><a style=\"color: #000000;\" href=\"https:\/\/cablera.telam.com.ar\/cable\/deportes\/1490661\/la-arquera-lara-esponda-sufrio-la-rotura-de-ligamento-cruzado-anterior-en-la-rodilla-derecha\">F\u00daTBOL-RIVER-FEMENINO<\/a><\/u><\/span><\/p>\n<p><span style=\"color: #000000;\"><u><a style=\"color: #000000;\" href=\"https:\/\/cablera.telam.com.ar\/cable\/deportes\/1490661\/la-arquera-lara-esponda-sufrio-la-rotura-de-ligamento-cruzado-anterior-en-la-rodilla-derecha\">La arquera Lara Esponda sufri\u00f3 la rotura de ligamento cruzado anterior en la rodilla derecha<\/a><\/u><\/span><\/p>\n<p>&nbsp;<\/p>\n<p><span style=\"color: #000000;\"><u><a style=\"color: #000000;\" href=\"https:\/\/cablera.telam.com.ar\/cable\/deportes\/1491578\/el-lateral-lorenzo-firma-su-vinculo-con-ferro\">F\u00daTBOL-NACIONAL-FERRO<\/a><\/u><\/span><\/p>\n<p><span style=\"color: #000000;\"><u><a style=\"color: #000000;\" href=\"https:\/\/cablera.telam.com.ar\/cable\/deportes\/1491578\/el-lateral-lorenzo-firma-su-vinculo-con-ferro\">El lateral Lorenzo firma su v\u00ednculo con Ferro<\/a><\/u><\/span><\/p>\n<p>&nbsp;<\/p>\n<p><span style=\"color: #000000;\"><u><a style=\"color: #000000;\" href=\"https:\/\/cablera.telam.com.ar\/cable\/deportes\/1491569\/platense-empato-con-deportivo-riestra-en-amistoso\">F\u00daTBOL-PLATENSE<\/a><\/u><\/span><\/p>\n<p><span style=\"color: #000000;\"><u><a style=\"color: #000000;\" href=\"https:\/\/cablera.telam.com.ar\/cable\/deportes\/1491569\/platense-empato-con-deportivo-riestra-en-amistoso\">Platense empat\u00f3 con Deportivo Riestra en amistoso<\/a><\/u><\/span><\/p>\n<p>&nbsp;<\/p>\n<p><span style=\"color: #000000;\"><u><a style=\"color: #000000;\" href=\"https:\/\/cablera.telam.com.ar\/cable\/deportes\/1491546\/la-afa-confirmo-el-dia-y-horario-para-el-cruce-entre-estudiantes-y-argentino-de-monte-maiz\">F\u00daTBOL-COPA ARGENTINA<\/a><\/u><\/span><\/p>\n<p><span style=\"color: #000000;\"><u><a style=\"color: #000000;\" href=\"https:\/\/cablera.telam.com.ar\/cable\/deportes\/1491546\/la-afa-confirmo-el-dia-y-horario-para-el-cruce-entre-estudiantes-y-argentino-de-monte-maiz\">La AFA confirm\u00f3 el d\u00eda y horario para el cruce entre Estudiantes y Argentino de Monte Ma\u00edz<\/a><\/u><\/span><\/p>\n<p>&nbsp;<\/p>\n<h3><\/h3>\n","protected":false},"excerpt":{"rendered":"<p>T\u00cdTULOS HANDBALL-PREMUNDIAL Argentina plasm\u00f3 su hegemon\u00eda sobre Uruguay en el Premundial de handball &nbsp; F\u00daTBOL-SERIE R\u00cdO DE LA PLATA V\u00e9lez super\u00f3 a Belgrano por la m\u00ednima en la Serie R\u00edo de la Plata &nbsp; B\u00c1SQUETBOL-CHAMPIONS LEAGUE AM\u00c9RICAS Boca Juniors dio un paso en falso en Uruguay por la Champions League de b\u00e1squetbol americanaOCA &nbsp; SURF-MAR &hellip;<\/p>\n","protected":false},"author":2,"featured_media":4516,"comment_status":"open","ping_status":"open","sticky":false,"template":"","format":"standard","meta":{"footnotes":""},"categories":[6],"tags":[],"class_list":["post-4515","post","type-post","status-publish","format-standard","has-post-thumbnail","hentry","category-internacionales"],"_links":{"self":[{"href":"https:\/\/www.sportchaco.com.ar\/index.php?rest_route=\/wp\/v2\/posts\/4515","targetHints":{"allow":["GET"]}}],"collection":[{"href":"https:\/\/www.sportchaco.com.ar\/index.php?rest_route=\/wp\/v2\/posts"}],"about":[{"href":"https:\/\/www.sportchaco.com.ar\/index.php?rest_route=\/wp\/v2\/types\/post"}],"author":[{"embeddable":true,"href":"https:\/\/www.sportchaco.com.ar\/index.php?rest_route=\/wp\/v2\/users\/2"}],"replies":[{"embeddable":true,"href":"https:\/\/www.sportchaco.com.ar\/index.php?rest_route=%2Fwp%2Fv2%2Fcomments&post=4515"}],"version-history":[{"count":1,"href":"https:\/\/www.sportchaco.com.ar\/index.php?rest_route=\/wp\/v2\/posts\/4515\/revisions"}],"predecessor-version":[{"id":4517,"href":"https:\/\/www.sportchaco.com.ar\/index.php?rest_route=\/wp\/v2\/posts\/4515\/revisions\/4517"}],"wp:featuredmedia":[{"embeddable":true,"href":"https:\/\/www.sportchaco.com.ar\/index.php?rest_route=\/wp\/v2\/media\/4516"}],"wp:attachment":[{"href":"https:\/\/www.sportchaco.com.ar\/index.php?rest_route=%2Fwp%2Fv2%2Fmedia&parent=4515"}],"wp:term":[{"taxonomy":"category","embeddable":true,"href":"https:\/\/www.sportchaco.com.ar\/index.php?rest_route=%2Fwp%2Fv2%2Fcategories&post=4515"},{"taxonomy":"post_tag","embeddable":true,"href":"https:\/\/www.sportchaco.com.ar\/index.php?rest_route=%2Fwp%2Fv2%2Ftags&post=4515"}],"curies":[{"name":"wp","href":"https:\/\/api.w.org\/{rel}","templated":true}]}}