{"id":4523,"date":"2024-01-18T10:54:41","date_gmt":"2024-01-18T13:54:41","guid":{"rendered":"https:\/\/www.sportchaco.com.ar\/?p=4523"},"modified":"2024-01-18T12:06:10","modified_gmt":"2024-01-18T15:06:10","slug":"gustavo-peloso-hizo-balance-al-frente-de-la-liga-chaquena","status":"publish","type":"post","link":"https:\/\/www.sportchaco.com.ar\/?p=4523","title":{"rendered":"Gustavo Peloso hizo balance al frente de la Liga Chaque\u00f1a"},"content":{"rendered":"<p>GUSTAVO PELOSO, presidente de la Liga Chaque\u00f1a de F\u00fatbol en un balance de su gesti\u00f3n, antes de la Asamblea de febrero. La semana pr\u00f3xima decidir\u00e1 si contin\u00faa o apoya a otro postulante para la Liga, para enfrentar a la f\u00f3rmula Mosqueda G- G\u00f3mez que ya anunci\u00f3 que competir\u00e1n por la presidencia.. <a href=\"https:\/\/youtu.be\/_RQviLeTDOM\">https:\/\/youtu.be\/_RQviLeTDOM<\/a><\/p>\n<p>&nbsp;<\/p>\n<p>&nbsp;<\/p>\n<h5><strong>Foto de Gustavo Peloso<\/strong><\/h5>\n","protected":false},"excerpt":{"rendered":"<p>GUSTAVO PELOSO, presidente de la Liga Chaque\u00f1a de F\u00fatbol en un balance de su gesti\u00f3n, antes de la Asamblea de febrero. La semana pr\u00f3xima decidir\u00e1 si contin\u00faa o apoya a otro postulante para la Liga, para enfrentar a la f\u00f3rmula Mosqueda G- G\u00f3mez que ya anunci\u00f3 que competir\u00e1n por la presidencia.. https:\/\/youtu.be\/_RQviLeTDOM &nbsp; &nbsp; Foto &hellip;<\/p>\n","protected":false},"author":2,"featured_media":4524,"comment_status":"open","ping_status":"open","sticky":false,"template":"","format":"standard","meta":{"footnotes":""},"categories":[5],"tags":[],"class_list":["post-4523","post","type-post","status-publish","format-standard","has-post-thumbnail","hentry","category-futbol"],"_links":{"self":[{"href":"https:\/\/www.sportchaco.com.ar\/index.php?rest_route=\/wp\/v2\/posts\/4523","targetHints":{"allow":["GET"]}}],"collection":[{"href":"https:\/\/www.sportchaco.com.ar\/index.php?rest_route=\/wp\/v2\/posts"}],"about":[{"href":"https:\/\/www.sportchaco.com.ar\/index.php?rest_route=\/wp\/v2\/types\/post"}],"author":[{"embeddable":true,"href":"https:\/\/www.sportchaco.com.ar\/index.php?rest_route=\/wp\/v2\/users\/2"}],"replies":[{"embeddable":true,"href":"https:\/\/www.sportchaco.com.ar\/index.php?rest_route=%2Fwp%2Fv2%2Fcomments&post=4523"}],"version-history":[{"count":2,"href":"https:\/\/www.sportchaco.com.ar\/index.php?rest_route=\/wp\/v2\/posts\/4523\/revisions"}],"predecessor-version":[{"id":4526,"href":"https:\/\/www.sportchaco.com.ar\/index.php?rest_route=\/wp\/v2\/posts\/4523\/revisions\/4526"}],"wp:featuredmedia":[{"embeddable":true,"href":"https:\/\/www.sportchaco.com.ar\/index.php?rest_route=\/wp\/v2\/media\/4524"}],"wp:attachment":[{"href":"https:\/\/www.sportchaco.com.ar\/index.php?rest_route=%2Fwp%2Fv2%2Fmedia&parent=4523"}],"wp:term":[{"taxonomy":"category","embeddable":true,"href":"https:\/\/www.sportchaco.com.ar\/index.php?rest_route=%2Fwp%2Fv2%2Fcategories&post=4523"},{"taxonomy":"post_tag","embeddable":true,"href":"https:\/\/www.sportchaco.com.ar\/index.php?rest_route=%2Fwp%2Fv2%2Ftags&post=4523"}],"curies":[{"name":"wp","href":"https:\/\/api.w.org\/{rel}","templated":true}]}}