{"id":4527,"date":"2024-01-18T12:20:47","date_gmt":"2024-01-18T15:20:47","guid":{"rendered":"https:\/\/www.sportchaco.com.ar\/?p=4527"},"modified":"2024-01-18T12:22:42","modified_gmt":"2024-01-18T15:22:42","slug":"pablo-rios-no-seguira-en-sol-de-america","status":"publish","type":"post","link":"https:\/\/www.sportchaco.com.ar\/?p=4527","title":{"rendered":"Pablo R\u00edos no seguir\u00e1 en Sol de Am\u00e9rica"},"content":{"rendered":"<p>Pablo R\u00edos no renovar\u00e1 su v\u00ednculo con Sol de Am\u00e9rica por motivos laborales y personales. Es un hecho que el DT chaque\u00f1o no estar\u00e1 en el banco de suplentes en la pr\u00f3xima temporada.<\/p>\n<p>Adem\u00e1s con la dirigencia del club formose\u00f1o hasta el momento no hubo charlas que encaminen una posible continuidad.<\/p>\n<p>Cabe destacar la gran labor realizada por el joven entrenador chaque\u00f1o que lleg\u00f3 a Formosa para reemplazar a Marcelo Bonetto cuando el equipo hab\u00eda caido en un baj\u00f3n futbol\u00edstico que lo estaba sacando de las primeras posiciones en la tabla.<\/p>\n<p>Tras tomar el mando R\u00edos encarril\u00f3 al \u00abSolense\u00bb y lo clasific\u00f3 a los play offs del Torneo Federal A,\u00a0 donde cay\u00f3 ante Ciudad Bolivar dejando una muy buena im\u00e1gen.<\/p>\n","protected":false},"excerpt":{"rendered":"<p>Pablo R\u00edos no renovar\u00e1 su v\u00ednculo con Sol de Am\u00e9rica por motivos laborales y personales. Es un hecho que el DT chaque\u00f1o no estar\u00e1 en el banco de suplentes en la pr\u00f3xima temporada. Adem\u00e1s con la dirigencia del club formose\u00f1o hasta el momento no hubo charlas que encaminen una posible continuidad. Cabe destacar la gran &hellip;<\/p>\n","protected":false},"author":3,"featured_media":4528,"comment_status":"open","ping_status":"open","sticky":false,"template":"","format":"standard","meta":{"footnotes":""},"categories":[5],"tags":[],"class_list":["post-4527","post","type-post","status-publish","format-standard","has-post-thumbnail","hentry","category-futbol"],"_links":{"self":[{"href":"https:\/\/www.sportchaco.com.ar\/index.php?rest_route=\/wp\/v2\/posts\/4527","targetHints":{"allow":["GET"]}}],"collection":[{"href":"https:\/\/www.sportchaco.com.ar\/index.php?rest_route=\/wp\/v2\/posts"}],"about":[{"href":"https:\/\/www.sportchaco.com.ar\/index.php?rest_route=\/wp\/v2\/types\/post"}],"author":[{"embeddable":true,"href":"https:\/\/www.sportchaco.com.ar\/index.php?rest_route=\/wp\/v2\/users\/3"}],"replies":[{"embeddable":true,"href":"https:\/\/www.sportchaco.com.ar\/index.php?rest_route=%2Fwp%2Fv2%2Fcomments&post=4527"}],"version-history":[{"count":1,"href":"https:\/\/www.sportchaco.com.ar\/index.php?rest_route=\/wp\/v2\/posts\/4527\/revisions"}],"predecessor-version":[{"id":4529,"href":"https:\/\/www.sportchaco.com.ar\/index.php?rest_route=\/wp\/v2\/posts\/4527\/revisions\/4529"}],"wp:featuredmedia":[{"embeddable":true,"href":"https:\/\/www.sportchaco.com.ar\/index.php?rest_route=\/wp\/v2\/media\/4528"}],"wp:attachment":[{"href":"https:\/\/www.sportchaco.com.ar\/index.php?rest_route=%2Fwp%2Fv2%2Fmedia&parent=4527"}],"wp:term":[{"taxonomy":"category","embeddable":true,"href":"https:\/\/www.sportchaco.com.ar\/index.php?rest_route=%2Fwp%2Fv2%2Fcategories&post=4527"},{"taxonomy":"post_tag","embeddable":true,"href":"https:\/\/www.sportchaco.com.ar\/index.php?rest_route=%2Fwp%2Fv2%2Ftags&post=4527"}],"curies":[{"name":"wp","href":"https:\/\/api.w.org\/{rel}","templated":true}]}}