{"id":4557,"date":"2024-01-19T18:52:19","date_gmt":"2024-01-19T21:52:19","guid":{"rendered":"https:\/\/www.sportchaco.com.ar\/?p=4557"},"modified":"2024-01-19T18:52:19","modified_gmt":"2024-01-19T21:52:19","slug":"san-lorenzo-suma-a-prestamo-a-ferreira-cuello-y-tapia","status":"publish","type":"post","link":"https:\/\/www.sportchaco.com.ar\/?p=4557","title":{"rendered":"San Lorenzo suma a pr\u00e9stamo a Ferreira, Cuello y Tapia"},"content":{"rendered":"<p id=\"titulo_cable\" class=\"title\">\n<div id=\"div_cuerpo\" class=\"content cable-content\">San Lorenzo acord\u00f3 hoy la incorporaci\u00f3n a pr\u00e9stamo del mediocampista ofensivo Cristian Ferreira, especialmente pedido por el DT Rub\u00e9n Dar\u00edo Ins\u00faa, el extremo Alexis Cuello, y el volante Iv\u00e1n Tapia, quienes se sumar\u00e1n al plantel en la semana previa al debut en la Copa de la Liga Profesional de F\u00fatbol (LPF).<\/p>\n<p>Ferreira, de 24 a\u00f1os, llega cedido por un a\u00f1o desde River Plate, que le renov\u00f3 el contrato luego de su regreso desde Newell&#8217;s Old Boys de Rosario.<\/p>\n<p>El cordob\u00e9s fue elegido por el entrenador \u00abazulgrana\u00bb por su condiciones para ejecutar la pelota parada, un recurso que pretende explotar esta temporada en la que asumir\u00e1 la habitual competencia local y la Copa Libertadores.<\/p>\n<p>Ferreira, tambi\u00e9n con pasado en Col\u00f3n de Santa Fe, se incorpor\u00f3 a Newell&#8217;s a mediados de 2022 y desde entonces disput\u00f3 47 partidos y anot\u00f3 cinco goles, dos de ellos justamente a San Lorenzo en el Nuevo Gas\u00f3metro.<\/p>\n<p>Por su parte, Alexis Cuello, de 23 a\u00f1os, formado en Racing Club, proviene en la misma condici\u00f3n desde Almagro, de la Primera Nacional, con el que particip\u00f3 en 35 juegos y registr\u00f3 ocho tantos.<\/p>\n<p>Iv\u00e1n Tapia -hijo de Claudio Tapia, titular de la AFA-, con 25 a\u00f1os, lleg\u00f3 tambi\u00e9n a pr\u00e9stamo al club de Boedo por un a\u00f1o, con opci\u00f3n de compra y proveniente de Barracas Central. Ma\u00f1ana se har\u00e1 la revisaci\u00f3n m\u00e9dica y, de salir bien, se incorporar\u00e1 al plantel.<\/p>\n<p>Ferreira, Cuello y Tapia se suman a la n\u00f3mina de refuerzos de San Lorenzo que ya integraban Cristian Tarragona, Eric Remedi, Jhohan Roma\u00f1a, Nicol\u00e1s Hern\u00e1ndez, Gast\u00f3n G\u00f3mez y Sebasti\u00e1n Blanco, quien todav\u00eda no firm\u00f3 contrato.<\/p>\n<p>Asimismo, en las pr\u00f3ximas horas, se resolver\u00e1 una nueva contrataci\u00f3n: la del delantero Christian Ortiz (31), procedente de Tijuana de M\u00e9xico despu\u00e9s de una larga trayectoria en el f\u00fatbol sudamericano.<\/p>\n<p>El plantel \u00abazulgrana\u00bb regres\u00f3 hoy de Montevideo, donde realiz\u00f3 parte de la pretemporada y perdi\u00f3 los dos amistosos realizados ante Gimnasia y Esgrima La Plata y Vasco da Gama de Brasil.<\/p>\n<p>San Lorenzo debutar\u00e1 en la Copa de la Liga como local de Lan\u00fas, el s\u00e1bado 27 a las 17:00 en el Nuevo Gas\u00f3metro.<\/p><\/div>\n<div><\/div>\n<h4><strong>Foto de Iv\u00e1n Tapia.<\/strong><\/h4>\n","protected":false},"excerpt":{"rendered":"<p>San Lorenzo acord\u00f3 hoy la incorporaci\u00f3n a pr\u00e9stamo del mediocampista ofensivo Cristian Ferreira, especialmente pedido por el DT Rub\u00e9n Dar\u00edo Ins\u00faa, el extremo Alexis Cuello, y el volante Iv\u00e1n Tapia, quienes se sumar\u00e1n al plantel en la semana previa al debut en la Copa de la Liga Profesional de F\u00fatbol (LPF). Ferreira, de 24 a\u00f1os, &hellip;<\/p>\n","protected":false},"author":2,"featured_media":4558,"comment_status":"open","ping_status":"open","sticky":false,"template":"","format":"standard","meta":{"footnotes":""},"categories":[5],"tags":[],"class_list":["post-4557","post","type-post","status-publish","format-standard","has-post-thumbnail","hentry","category-futbol"],"_links":{"self":[{"href":"https:\/\/www.sportchaco.com.ar\/index.php?rest_route=\/wp\/v2\/posts\/4557","targetHints":{"allow":["GET"]}}],"collection":[{"href":"https:\/\/www.sportchaco.com.ar\/index.php?rest_route=\/wp\/v2\/posts"}],"about":[{"href":"https:\/\/www.sportchaco.com.ar\/index.php?rest_route=\/wp\/v2\/types\/post"}],"author":[{"embeddable":true,"href":"https:\/\/www.sportchaco.com.ar\/index.php?rest_route=\/wp\/v2\/users\/2"}],"replies":[{"embeddable":true,"href":"https:\/\/www.sportchaco.com.ar\/index.php?rest_route=%2Fwp%2Fv2%2Fcomments&post=4557"}],"version-history":[{"count":1,"href":"https:\/\/www.sportchaco.com.ar\/index.php?rest_route=\/wp\/v2\/posts\/4557\/revisions"}],"predecessor-version":[{"id":4559,"href":"https:\/\/www.sportchaco.com.ar\/index.php?rest_route=\/wp\/v2\/posts\/4557\/revisions\/4559"}],"wp:featuredmedia":[{"embeddable":true,"href":"https:\/\/www.sportchaco.com.ar\/index.php?rest_route=\/wp\/v2\/media\/4558"}],"wp:attachment":[{"href":"https:\/\/www.sportchaco.com.ar\/index.php?rest_route=%2Fwp%2Fv2%2Fmedia&parent=4557"}],"wp:term":[{"taxonomy":"category","embeddable":true,"href":"https:\/\/www.sportchaco.com.ar\/index.php?rest_route=%2Fwp%2Fv2%2Fcategories&post=4557"},{"taxonomy":"post_tag","embeddable":true,"href":"https:\/\/www.sportchaco.com.ar\/index.php?rest_route=%2Fwp%2Fv2%2Ftags&post=4557"}],"curies":[{"name":"wp","href":"https:\/\/api.w.org\/{rel}","templated":true}]}}