{"id":5013,"date":"2024-01-22T20:09:43","date_gmt":"2024-01-22T23:09:43","guid":{"rendered":"https:\/\/www.sportchaco.com.ar\/?p=5013"},"modified":"2024-01-22T20:33:22","modified_gmt":"2024-01-22T23:33:22","slug":"sarmiento-inicio-con-los-trabajos-de-pretemporada","status":"publish","type":"post","link":"https:\/\/www.sportchaco.com.ar\/?p=5013","title":{"rendered":"Sarmiento inici\u00f3 con los trabajos de pretemporada"},"content":{"rendered":"<p>El plantel de Sarmiento inici\u00f3 este lunes desde las 17 horas con sus trabajos de pretemporada bajo las \u00f3rdenes del entrenador Ra\u00fal Valdez de cara al torneo Federal \u00abA\u00bb de f\u00fatbol que comenzar\u00e1 el 24 de marzo y que tendr\u00e1 el \u00abDecano\u00bb como \u00fanico representante chaque\u00f1o.<\/p>\n<p>Hubo una presentaci\u00f3n de rigor y luego los jugadores comenzaron los entrenamientos en el estadio \u00abCentenario\u00bb.<\/p>\n<p>La semana incluir\u00e1 entrenamientos el martes en el Centro de Alto Rendimiento (CAR), mi\u00e9rcoles en la cancha auxiliar, jueves en el CAR, viernes en cancha auxiliar y s\u00e1bado en el estadio. Todas las pr\u00e1cticas comenzar\u00e1n a partir de las 7:30 de la ma\u00f1ana.<\/p>\n<p>Los nuevos jugadores del \u00abDecano\u00bb son el lateral derecho colombiano Jhan Carlos Valencia (viene de jugar en Ciudad Bol\u00edvar; Federal A); el zaguero central Valent\u00edn Rodr\u00edguez (Comunicaciones de Munro; Primera B Metropolitana); el lateral izquierdo Tom\u00e1s Squie (Sportivo Pe\u00f1arol de Chimbas, San Juan); los volantes Juli\u00e1n Villal\u00f3n (V\u00e9lez de Oliva, Buenos Aires); Antonio \u00abTurco\u00bb Kaial (Central C\u00f3rdoba de Rosario; Primera C), Gast\u00f3n Br\u00edtes (Juventud de Tirol; Regional Amateur); y los delanteros Iv\u00e1n Escobares (Juventud Antoniana de Salta; Federal A) y Juan Sebasti\u00e1n Montenegro (Atl\u00e9tico San Jorge; San Jorge, Santa Fe).<\/p>\n<p>A ellos se sumar\u00e1n los futbolistas de la Liga Chaque\u00f1a de F\u00fatbol que ya fueron parte en algunos partidos del Federal \u00abA\u00bb en la temporada pasada. Entre ellos los defensores Franco Dom\u00ednguez, Nahuel Peloso, Renzo Arzamendia, Juan Jos\u00e9 Sol\u00eds, Jonathan Alegre; los volantes Pablo Mart\u00ednez, Rodrigo Montenegro y Franco Lagioia; y los delanteros Max Pared, Franco Falc\u00f3n y Ren\u00e9 Escobar.<\/p>\n<p><em><strong>Foto:\u00a0<\/strong>Programa Offside<\/em><\/p>\n","protected":false},"excerpt":{"rendered":"<p>El plantel de Sarmiento inici\u00f3 este lunes desde las 17 horas con sus trabajos de pretemporada bajo las \u00f3rdenes del entrenador Ra\u00fal Valdez de cara al torneo Federal \u00abA\u00bb de f\u00fatbol que comenzar\u00e1 el 24 de marzo y que tendr\u00e1 el \u00abDecano\u00bb como \u00fanico representante chaque\u00f1o. Hubo una presentaci\u00f3n de rigor y luego los jugadores &hellip;<\/p>\n","protected":false},"author":3,"featured_media":5019,"comment_status":"open","ping_status":"open","sticky":false,"template":"","format":"standard","meta":{"footnotes":""},"categories":[5],"tags":[],"class_list":["post-5013","post","type-post","status-publish","format-standard","has-post-thumbnail","hentry","category-futbol"],"_links":{"self":[{"href":"https:\/\/www.sportchaco.com.ar\/index.php?rest_route=\/wp\/v2\/posts\/5013","targetHints":{"allow":["GET"]}}],"collection":[{"href":"https:\/\/www.sportchaco.com.ar\/index.php?rest_route=\/wp\/v2\/posts"}],"about":[{"href":"https:\/\/www.sportchaco.com.ar\/index.php?rest_route=\/wp\/v2\/types\/post"}],"author":[{"embeddable":true,"href":"https:\/\/www.sportchaco.com.ar\/index.php?rest_route=\/wp\/v2\/users\/3"}],"replies":[{"embeddable":true,"href":"https:\/\/www.sportchaco.com.ar\/index.php?rest_route=%2Fwp%2Fv2%2Fcomments&post=5013"}],"version-history":[{"count":3,"href":"https:\/\/www.sportchaco.com.ar\/index.php?rest_route=\/wp\/v2\/posts\/5013\/revisions"}],"predecessor-version":[{"id":5021,"href":"https:\/\/www.sportchaco.com.ar\/index.php?rest_route=\/wp\/v2\/posts\/5013\/revisions\/5021"}],"wp:featuredmedia":[{"embeddable":true,"href":"https:\/\/www.sportchaco.com.ar\/index.php?rest_route=\/wp\/v2\/media\/5019"}],"wp:attachment":[{"href":"https:\/\/www.sportchaco.com.ar\/index.php?rest_route=%2Fwp%2Fv2%2Fmedia&parent=5013"}],"wp:term":[{"taxonomy":"category","embeddable":true,"href":"https:\/\/www.sportchaco.com.ar\/index.php?rest_route=%2Fwp%2Fv2%2Fcategories&post=5013"},{"taxonomy":"post_tag","embeddable":true,"href":"https:\/\/www.sportchaco.com.ar\/index.php?rest_route=%2Fwp%2Fv2%2Ftags&post=5013"}],"curies":[{"name":"wp","href":"https:\/\/api.w.org\/{rel}","templated":true}]}}