{"id":5037,"date":"2024-01-22T22:59:19","date_gmt":"2024-01-23T01:59:19","guid":{"rendered":"https:\/\/www.sportchaco.com.ar\/?p=5037"},"modified":"2024-01-22T22:59:19","modified_gmt":"2024-01-23T01:59:19","slug":"boca-presento-a-kevin-zenon-quien-entrenara-con-el-plantel","status":"publish","type":"post","link":"https:\/\/www.sportchaco.com.ar\/?p=5037","title":{"rendered":"Boca present\u00f3 a Kevin Zen\u00f3n, quien entrenar\u00e1 con el plantel"},"content":{"rendered":"<p id=\"titulo_cable\" class=\"title\">\n<div id=\"div_cuerpo\" class=\"content cable-content\">\n<p>Boca Juniors anunci\u00f3 hoy oficialmente la incorporaci\u00f3n del volante Kevin Zen\u00f3n, quien ma\u00f1ana se entrenar\u00e1 en el predio que el club tienen en Ezeiza, con el plantel que dirige Diego Mart\u00ednez.<\/p>\n<p>\u00abLos sue\u00f1os est\u00e1n para cumplirse. \u00a1Bienvenido a casa, Kevin!\u00bb, public\u00f3 el club de la Ribera en su p\u00e1gina oficial y en sus redes sociales, con la foto del futbolista con la camiseta de Boca y festejando con el gesto del Topo Gigio que patentara mundialmente el actual presidente Juan Rom\u00e1n Riquelme, en sus \u00e9pocas de jugador e \u00eddolo \u00abxeneize\u00bb.<\/p>\n<p>El mediocampista zurdo procedente de Uni\u00f3n de Santa Fe se sumar\u00e1 ma\u00f1ana al entrenamiento matutino, en el regreso del plantel a las pr\u00e1cticas tras el triunfo por 2 a 1 en la noche del s\u00e1bado ante Talleres en C\u00f3rdoba, en el tercer amistoso de la pretemporada, tras derrotar a Gimnasia y Tiro en Salta (1-0) y a Estudiantes de Buenos Aires (2-0).<\/p>\n<p>Zen\u00f3n, de 22 a\u00f1os, se realiz\u00f3 el s\u00e1bado la revisi\u00f3n m\u00e9dica correspondiente en el Centro M\u00e9dico Deragopyan y ya firm\u00f3 su contrato. Su presentaci\u00f3n ante la prensa, junto con el otro refuerzo, el defensor Cristian Lema, se realizar\u00eda ma\u00f1ana por la tarde.<\/p>\n<p>Tras varias semanas de negociaci\u00f3n, la dirigencia encabezada por Juan Rom\u00e1n Riquelme pudo destrabar el viernes pasado una dif\u00edcil negociaci\u00f3n ante el \u201cTatengue\u201d, para cerrar la compra del 80 por ciento del pase del futbolista en un valor de 3.500.000 d\u00f3lares.<\/p>\n<p>En la operaci\u00f3n, adem\u00e1s, Boca cedi\u00f3 el 25 por ciento de los derechos econ\u00f3micos de Mauro Luna Diale, quien juega en Uni\u00f3n desde 2020, que ya pose\u00eda el 50. Tambi\u00e9n acord\u00f3 el pr\u00e9stamo -sin cargo- del juvenil mediocampista Sim\u00f3n Rivero.<\/p>\n<p>Seg\u00fan indicaron a T\u00e9lam allegados al Consejo de F\u00fatbol boquense, el \u00abxeneize\u00bb est\u00e1 a la b\u00fasqueda de otros dos refuerzos, cuyos nombre no trascendieron. Los clubes tienen tiempo para incorporar jugadores hasta las 20.00 del viernes 26 de enero. Pero en caso de ceder a pr\u00e9stamo o vender al exterior el plazo ser\u00e1 hasta el 9 de febrero.<\/p>\n<p>Y en ese punto justamente hoy se fren\u00f3 el pase a pr\u00e9stamo del volante Aaron Molinas, de 23 a\u00f1os, quien hab\u00eda retornado a fines del a\u00f1o pasado tras jugar todo ese a\u00f1o tambi\u00e9n en condici\u00f3n de cedido en Tigre y al que Boca iba a transferir en la misma l\u00ednea a Olimpia, de Paraguay (el padre del jugador es de esa nacionalidad).<\/p>\n<p>Molinas rechaz\u00f3 por eso irse a pr\u00e9stamo a Uni\u00f3n, de Santa Fe, pero cuando parec\u00eda todo arreglado con el \u00abDecano\u00bb asunce\u00f1o este club quiso establecer una opci\u00f3n de compra por el 50 por ciento del pase en un valor que a la directiva boquense le pareci\u00f3 exigua, y por eso la transferencia qued\u00f3 circunstancialmente trunca, aunque las negociaciones todav\u00eda est\u00e1n a tiempo de retomarse.<\/p>\n<p>Por lo pronto, Boca debutar\u00e1 en la Copa de la Liga Profesional 2024 el s\u00e1bado pr\u00f3ximo a las 19, en condici\u00f3n de visitante ante Platense.<\/p><\/div>\n<p>&nbsp;<\/p>\n<p>&nbsp;<\/p>\n<h3>Foto de Kevin Zen\u00f3n con el t\u00e9cnico de Boca Diego Mart\u00ednez.<\/h3>\n","protected":false},"excerpt":{"rendered":"<p>Boca Juniors anunci\u00f3 hoy oficialmente la incorporaci\u00f3n del volante Kevin Zen\u00f3n, quien ma\u00f1ana se entrenar\u00e1 en el predio que el club tienen en Ezeiza, con el plantel que dirige Diego Mart\u00ednez. \u00abLos sue\u00f1os est\u00e1n para cumplirse. \u00a1Bienvenido a casa, Kevin!\u00bb, public\u00f3 el club de la Ribera en su p\u00e1gina oficial y en sus redes sociales, &hellip;<\/p>\n","protected":false},"author":2,"featured_media":5038,"comment_status":"open","ping_status":"open","sticky":false,"template":"","format":"standard","meta":{"footnotes":""},"categories":[47],"tags":[],"class_list":["post-5037","post","type-post","status-publish","format-standard","has-post-thumbnail","hentry","category-nacionales"],"_links":{"self":[{"href":"https:\/\/www.sportchaco.com.ar\/index.php?rest_route=\/wp\/v2\/posts\/5037","targetHints":{"allow":["GET"]}}],"collection":[{"href":"https:\/\/www.sportchaco.com.ar\/index.php?rest_route=\/wp\/v2\/posts"}],"about":[{"href":"https:\/\/www.sportchaco.com.ar\/index.php?rest_route=\/wp\/v2\/types\/post"}],"author":[{"embeddable":true,"href":"https:\/\/www.sportchaco.com.ar\/index.php?rest_route=\/wp\/v2\/users\/2"}],"replies":[{"embeddable":true,"href":"https:\/\/www.sportchaco.com.ar\/index.php?rest_route=%2Fwp%2Fv2%2Fcomments&post=5037"}],"version-history":[{"count":1,"href":"https:\/\/www.sportchaco.com.ar\/index.php?rest_route=\/wp\/v2\/posts\/5037\/revisions"}],"predecessor-version":[{"id":5039,"href":"https:\/\/www.sportchaco.com.ar\/index.php?rest_route=\/wp\/v2\/posts\/5037\/revisions\/5039"}],"wp:featuredmedia":[{"embeddable":true,"href":"https:\/\/www.sportchaco.com.ar\/index.php?rest_route=\/wp\/v2\/media\/5038"}],"wp:attachment":[{"href":"https:\/\/www.sportchaco.com.ar\/index.php?rest_route=%2Fwp%2Fv2%2Fmedia&parent=5037"}],"wp:term":[{"taxonomy":"category","embeddable":true,"href":"https:\/\/www.sportchaco.com.ar\/index.php?rest_route=%2Fwp%2Fv2%2Fcategories&post=5037"},{"taxonomy":"post_tag","embeddable":true,"href":"https:\/\/www.sportchaco.com.ar\/index.php?rest_route=%2Fwp%2Fv2%2Ftags&post=5037"}],"curies":[{"name":"wp","href":"https:\/\/api.w.org\/{rel}","templated":true}]}}