{"id":5082,"date":"2024-01-24T22:54:54","date_gmt":"2024-01-25T01:54:54","guid":{"rendered":"https:\/\/www.sportchaco.com.ar\/?p=5082"},"modified":"2024-01-26T17:26:55","modified_gmt":"2024-01-26T20:26:55","slug":"aldo-paredes-reemplazo-a-pablo-rios-en-sol","status":"publish","type":"post","link":"https:\/\/www.sportchaco.com.ar\/?p=5082","title":{"rendered":"Aldo Paredes reemplazo a Pablo R\u00edos en Sol"},"content":{"rendered":"<div class=\"xdj266r x11i5rnm xat24cr x1mh8g0r x1vvkbs x126k92a\">\n<h3 dir=\"auto\">ALDO PAREDES ES EL FLAMANTE ENTRENADOR DE SOL DE AM\u00c9RICA (Foto)<\/h3>\n<div dir=\"auto\"><\/div>\n<\/div>\n<div class=\"x11i5rnm xat24cr x1mh8g0r x1vvkbs xtlvy1s x126k92a\">\n<div dir=\"auto\">La instituci\u00f3n formose\u00f1a confirm\u00f3 quien tomar\u00e1 el mando del primer equipo profesional. Se trata de Aldo Paredes, ex futbol\u00edsta formose\u00f1o que llega a Sol para afrontar el torneo Federal A.<\/div>\n<div dir=\"auto\"><\/div>\n<\/div>\n<div class=\"x11i5rnm xat24cr x1mh8g0r x1vvkbs xtlvy1s x126k92a\">\n<div dir=\"auto\">Sol de Am\u00e9rica de Formosa puso primera y anunci\u00f3 al \u00abdoctor\u00bb Aldo Paredes como DT con vistas al inicio de una nueva temporada en el Torneo Federal A.<\/div>\n<div dir=\"auto\"><\/div>\n<div dir=\"auto\">El flamante entrenador es un ex futbolista formose\u00f1o nacido un 17 de febrero de 1972. Jugaba como defensor lateral derecho o izquierdo. Surgido de las inferiores de Boca Juniors, debut\u00f3 en 1994, en 1995 pas\u00f3 a Ferro Carril Oeste donde estuvo hasta 1997. En ese mismo a\u00f1o pas\u00f3 a San Lorenzo de Almagro, club con el cual tuvo el mayor rendimiento futbol\u00edstico de su carrera consiguiendo 3 t\u00edtulos con el cicl\u00f3n: Clausura 2001, Copa Mercosur 2001 y Copa Sudamericana 2002.<\/div>\n<div dir=\"auto\"><\/div>\n<\/div>\n<div class=\"x11i5rnm xat24cr x1mh8g0r x1vvkbs xtlvy1s x126k92a\">\n<div dir=\"auto\">Paredes llega para reemplazar a Pablo R\u00edos quien no renov\u00f3 su v\u00ednculo con Sol de Am\u00e9rica.<\/div>\n<\/div>\n<div dir=\"auto\"><\/div>\n<div dir=\"auto\"><em><strong>Fuente:<\/strong>\u00a0\u00abLitoral en Ascenso\u00bb.<\/em><\/div>\n","protected":false},"excerpt":{"rendered":"<p>ALDO PAREDES ES EL FLAMANTE ENTRENADOR DE SOL DE AM\u00c9RICA (Foto) La instituci\u00f3n formose\u00f1a confirm\u00f3 quien tomar\u00e1 el mando del primer equipo profesional. Se trata de Aldo Paredes, ex futbol\u00edsta formose\u00f1o que llega a Sol para afrontar el torneo Federal A. Sol de Am\u00e9rica de Formosa puso primera y anunci\u00f3 al \u00abdoctor\u00bb Aldo Paredes como &hellip;<\/p>\n","protected":false},"author":2,"featured_media":5083,"comment_status":"open","ping_status":"open","sticky":false,"template":"","format":"standard","meta":{"footnotes":""},"categories":[5],"tags":[],"class_list":["post-5082","post","type-post","status-publish","format-standard","has-post-thumbnail","hentry","category-futbol"],"_links":{"self":[{"href":"https:\/\/www.sportchaco.com.ar\/index.php?rest_route=\/wp\/v2\/posts\/5082","targetHints":{"allow":["GET"]}}],"collection":[{"href":"https:\/\/www.sportchaco.com.ar\/index.php?rest_route=\/wp\/v2\/posts"}],"about":[{"href":"https:\/\/www.sportchaco.com.ar\/index.php?rest_route=\/wp\/v2\/types\/post"}],"author":[{"embeddable":true,"href":"https:\/\/www.sportchaco.com.ar\/index.php?rest_route=\/wp\/v2\/users\/2"}],"replies":[{"embeddable":true,"href":"https:\/\/www.sportchaco.com.ar\/index.php?rest_route=%2Fwp%2Fv2%2Fcomments&post=5082"}],"version-history":[{"count":2,"href":"https:\/\/www.sportchaco.com.ar\/index.php?rest_route=\/wp\/v2\/posts\/5082\/revisions"}],"predecessor-version":[{"id":5149,"href":"https:\/\/www.sportchaco.com.ar\/index.php?rest_route=\/wp\/v2\/posts\/5082\/revisions\/5149"}],"wp:featuredmedia":[{"embeddable":true,"href":"https:\/\/www.sportchaco.com.ar\/index.php?rest_route=\/wp\/v2\/media\/5083"}],"wp:attachment":[{"href":"https:\/\/www.sportchaco.com.ar\/index.php?rest_route=%2Fwp%2Fv2%2Fmedia&parent=5082"}],"wp:term":[{"taxonomy":"category","embeddable":true,"href":"https:\/\/www.sportchaco.com.ar\/index.php?rest_route=%2Fwp%2Fv2%2Fcategories&post=5082"},{"taxonomy":"post_tag","embeddable":true,"href":"https:\/\/www.sportchaco.com.ar\/index.php?rest_route=%2Fwp%2Fv2%2Ftags&post=5082"}],"curies":[{"name":"wp","href":"https:\/\/api.w.org\/{rel}","templated":true}]}}