{"id":5096,"date":"2024-01-25T10:31:27","date_gmt":"2024-01-25T13:31:27","guid":{"rendered":"https:\/\/www.sportchaco.com.ar\/?p=5096"},"modified":"2024-01-25T10:31:27","modified_gmt":"2024-01-25T13:31:27","slug":"preolimpico-primera-victoria-de-argentina","status":"publish","type":"post","link":"https:\/\/www.sportchaco.com.ar\/?p=5096","title":{"rendered":"Preol\u00edmpico: Primera victoria de Argentina"},"content":{"rendered":"<div class=\"lay --apertura\">\n<div class=\"row\">\n<div class=\"col-12\">\n<div class=\"hidden\">\n<h1 class=\"com-title --font-primary --sixxl --font-extra\">As\u00ed est\u00e1n las tablas de posiciones del Preol\u00edmpico Sub 23, grupo por grupo. Tras la primera fecha Ecuador y la Argentina lideran cada una de las zonas, con cuatro puntos cada uno; Brasil y Paraguay se mantienen segundos<\/h1>\n<\/div>\n<\/div>\n<\/div>\n<\/div>\n<div class=\"lay-sidebar\">\n<div class=\"sidebar__main\">\n<div class=\"row\">\n<div class=\"col-12 \">\n<div class=\"hidden\"><span class=\"mod-date\"><time class=\"com-date --twoxs\" datetime=\"25 de enero de 2024\">25 de enero de 2024<\/time><time class=\"com-hour --twoxs\">10:12<\/time><\/span><\/div>\n<div class=\"hidden\">\n<div class=\"row FirmaAutor\">\n<div class=\"col-12\">\n<section class=\"mod-autor\">\n<div class=\"container-text\">\n<div class=\"container-firma\"><\/div>\n<\/div>\n<\/section>\n<\/div>\n<\/div>\n<\/div>\n<div class=\"hidden\">\n<section class=\"mod-opening\">\n<div class=\"content-media\">\n<section id=\"PXOL3XLYN5CB5JOZ7CEEHH4RBY\" class=\"mod-media   \" role=\"button\">\n<figure class=\"mod-figure --horizontal\" role=\"button\">\n<div class=\"placeholder \">\n<div class=\"com-image\"><picture><source srcset=\"https:\/\/www.lanacion.com.ar\/resizer\/v2\/thiago-almada-abrio-el-marcador-de-la-argentina-PXOL3XLYN5CB5JOZ7CEEHH4RBY.JPG?auth=878a9bb7bbf7cfb8c29963f35dec970b78f4514c824f92080eb21179f36ee010&amp;width=880&amp;height=586&amp;quality=70&amp;smart=true\" media=\"(min-width: 768px)\" \/><img loading=\"lazy\" decoding=\"async\" class=\"image flex com-image --cover\" src=\"https:\/\/www.lanacion.com.ar\/resizer\/v2\/thiago-almada-abrio-el-marcador-de-la-argentina-PXOL3XLYN5CB5JOZ7CEEHH4RBY.JPG?auth=878a9bb7bbf7cfb8c29963f35dec970b78f4514c824f92080eb21179f36ee010&amp;width=420&amp;height=280&amp;quality=70&amp;smart=true\" alt=\"Thiago Almada abri\u00f3 el marcador de la Argentina ante Per\u00fa; el triunfo le permiti\u00f3 a la albiceleste treparse a la cima de la zona B\" width=\"768\" height=\"513\" \/><\/picture><\/div>\n<\/div><figcaption class=\"mod-figcaption\"><span class=\"com-text --caption --twoxs\">Thiago Almada abri\u00f3 el marcador de la Argentina ante Per\u00fa; el triunfo le permiti\u00f3 a la albiceleste treparse a la cima de la zona B<\/span><span class=\"com-text --credit --twoxs\">Matias Delacroix &#8211; AP<\/span><\/figcaption><\/figure>\n<\/section>\n<\/div>\n<\/section>\n<\/div>\n<div class=\"hidden\"><\/div>\n<\/div>\n<\/div>\n<section class=\"cuerpo__nota\">\n<div class=\"row\">\n<div class=\"col-12 col-desksm-1\">\n<div class=\"mod-share-container --no-app\"><\/div>\n<\/div>\n<div class=\"col-deskxl-10 offset-deskxl-1 col-desksm-11\">\n<div class=\"row\">\n<div class=\"col-12\">\n<div id=\"audio-player-desktop\" class=\"btn-container\"><\/div>\n<p class=\"com-paragraph   --s\">Se complet\u00f3 este mi\u00e9rcoles la segunda fecha del Preol\u00edmpico Sudamericano\u00a0que se desarrolla en Venezuela y otorga dos cupos a los Juegos Ol\u00edmpicos de este a\u00f1o. Ecuador y la selecci\u00f3n Argentina dominan las zonas A y B, respectivamente, seguidos de Brasil y Paraguay. A falta de tres jornadas, esos cuatro seleccionados son los que se estar\u00edan clasificando a la segunda ronda del certamen para disputarse las dos plazas disponibles para Par\u00eds 2024,<\/p>\n<div class=\"hidden\"><\/div>\n<div class=\"hidden\"><\/div>\n<p class=\"com-paragraph   --s\">En la zona A, la Tri empat\u00f3 1 a 1 con Venezuela\u00a0(Yaimar Medina hizo el tanto ecuatoriano y Kevin Kelsy, el venezolano), mientras que\u00a0Brasil venci\u00f3 por la m\u00ednima diferencia a Bolivia\u00a0con un gol de Endrick. En la B,\u00a0el equipo dirigido por Javier Mascherano venci\u00f3 2 a 0 a Per\u00fa\u00a0con anotaciones de Thiago Almada y Luciano Gondou, y\u00a0Paraguay venci\u00f3 al Uruguay de Marcelo Bielsa en un partidazo que se cerr\u00f3 en 4 a 3\u00a0(Diego G\u00f3mez en dos oportunidades, Ronaldo De Jes\u00fas L\u00f3pez y Marcelo Ben\u00edtez convirtieron para el conjunto guaran\u00ed; en tanto que Luciano Rodr\u00edguez anot\u00f3 un hat-trick para la Celeste).<\/p>\n<div class=\"hidden\"><\/div>\n<ul class=\"com-unordered\">\n<li class=\"com-item\">Colombia y Chile quedaron libres en los grupos A y B, respectivamente.<\/li>\n<\/ul>\n<div class=\"content-media\">\n<section class=\"mod-media --zoom  \" role=\"button\">\n<figure class=\"mod-figure \" role=\"button\">\n<div class=\"placeholder \">\n<div class=\"com-image\"><picture><source srcset=\"https:\/\/resizer.glanacion.com\/resizer\/v2\/marcelo-bielsa-es-el-dt-de-la-seleccion-de-Q56CRP7LRJA2JDGAS6ZGSZSWMA.JPG?auth=b6766b0336a5c2eda23e1787d652fd25218dc36a5dabd83f5dbcae5e3e896510&amp;width=780&amp;height=520&amp;quality=70&amp;smart=true\" media=\"(min-width: 768px)\" \/><img loading=\"lazy\" decoding=\"async\" class=\"image flex com-image --cover\" src=\"https:\/\/resizer.glanacion.com\/resizer\/v2\/marcelo-bielsa-es-el-dt-de-la-seleccion-de-Q56CRP7LRJA2JDGAS6ZGSZSWMA.JPG?auth=b6766b0336a5c2eda23e1787d652fd25218dc36a5dabd83f5dbcae5e3e896510&amp;width=420&amp;height=280&amp;quality=70&amp;smart=true\" alt=\"Marcelo Bielsa es el DT de la selecci\u00f3n de Uruguay Sub 23, que debut\u00f3 con una derrota\" width=\"2000\" height=\"1333\" \/><\/picture><\/div>\n<\/div><figcaption class=\"mod-figcaption\"><span class=\"com-text --caption --twoxs\">Marcelo Bielsa es el DT de la selecci\u00f3n de Uruguay Sub 23, que debut\u00f3 con una derrota<\/span><span class=\"com-text --credit --twoxs\">JUAN CARLOS HERNANDEZ &#8211; AFP<\/span><\/figcaption><\/figure>\n<\/section>\n<\/div>\n<div class=\"hidden\"><\/div>\n<p class=\"com-paragraph   --s\"><strong>El campeonato continuar\u00e1 este viernes con la tercera jornada, tras un jueves sin actividad. Bolivia se medir\u00e1 con Ecuador y Brasil ante Colombia; mientras que este s\u00e1bado jugar\u00e1n Paraguay vs. Per\u00fa y Uruguay vs. Chile (la Argentina quedar\u00e1 libre al igual que Venezuela).\u00a0<\/strong>Todos los partidos del certamen se transmiten en vivo a trav\u00e9s de DSports y la plataforma digital DGO y, adem\u00e1s,\u00a0<a class=\"com-link\" title=\"se pueden seguir el minuto a minuto en Canchallena.\" href=\"https:\/\/canchallena.lanacion.com.ar\/futbol\/preolimpico-conmebol-2024\/\" target=\"_blank\" rel=\"noopener\" data-reactroot=\"\">se pueden seguir el minuto a minuto en Canchallena.<\/a>\u00a0Los encuentros de la albiceleste y otros destacados tambi\u00e9n se emiten por TyC Sports.<\/p>\n<div class=\"hidden\"><\/div>\n<ul class=\"com-unordered\">\n<li class=\"com-item\">Concluida la primera etapa, los dos l\u00edderes de cada grupo avanzar\u00e1n a la Fase Final y, en ella, se enfrentar\u00e1n todos contra todos nuevamente. Los dos mejores de esa etapa clasificar\u00e1n a los Juegos Ol\u00edmpicos Par\u00eds 2024.<\/li>\n<\/ul>\n<h2 class=\"com-title --font-primary --xl --font-extra\">Fixture y posiciones de la primera etapa<\/h2>\n<h3 class=\"com-title --font-primary --l --font-extra\">Grupo A<\/h3>\n<p class=\"com-paragraph   --s\"><u><strong>Fecha 1<\/strong><\/u><\/p>\n<div class=\"hidden\"><\/div>\n<div class=\"hidden\"><\/div>\n<ul class=\"com-unordered\">\n<li class=\"com-item\">Ecuador 3-0 Colombia.<\/li>\n<li class=\"com-item\">Venezuela 3-3 Bolivia.<\/li>\n<li class=\"com-item\">Libre: Brasil.<\/li>\n<\/ul>\n<p class=\"com-paragraph   --s\"><u><strong>Fecha 2<\/strong><\/u><\/p>\n<div class=\"hidden\"><\/div>\n<ul class=\"com-unordered\">\n<li class=\"com-item\">Bolivia 0-1 Brasil.<\/li>\n<li class=\"com-item\">Ecuador 1-1 Venezuela.<\/li>\n<li class=\"com-item\">Libre: Colombia.<\/li>\n<\/ul>\n<p class=\"com-paragraph   --s\"><u><strong>Fecha 3<\/strong><\/u><\/p>\n<div class=\"hidden\"><\/div>\n<ul class=\"com-unordered\">\n<li class=\"com-item\">Bolivia vs. Ecuador &#8211; Viernes 26 de enero a las 17.<\/li>\n<li class=\"com-item\">Brasil vs. Colombia &#8211; Viernes 26 de enero a las 20.<\/li>\n<li class=\"com-item\">Libre: Venezuela.<\/li>\n<\/ul>\n<p class=\"com-paragraph   --s\"><u><strong>Fecha 4<\/strong><\/u><\/p>\n<ul class=\"com-unordered\">\n<li class=\"com-item\">Brasil vs. Ecuador &#8211; Lunes 29 de enero a las 17.<\/li>\n<li class=\"com-item\">Colombia vs. Venezuela &#8211; Lunes 29 de enero a las 20.<\/li>\n<li class=\"com-item\">Libre: Bolivia.<\/li>\n<\/ul>\n<p class=\"com-paragraph   --s\"><u><strong>Fecha 5<\/strong><\/u><\/p>\n<div class=\"hidden\"><\/div>\n<ul class=\"com-unordered\">\n<li class=\"com-item\">Venezuela vs. Brasil &#8211; Jueves 1 de febrero a las 20.<\/li>\n<li class=\"com-item\">Colombia vs. Bolivia &#8211; Jueves 1 de febrero a las 20.<\/li>\n<li class=\"com-item\">Libre: Ecuador.<\/li>\n<\/ul>\n<div class=\"content-media\">\n<section class=\"mod-media   \" role=\"button\">\n<figure class=\"mod-figure \" role=\"button\">\n<div class=\"placeholder \">\n<div class=\"com-image\"><picture><source srcset=\"https:\/\/resizer.glanacion.com\/resizer\/v2\/asi-esta-la-tabla-de-posiciones-del-grupo-a-del-DXM6GO62UBCPPNIE6DTSY7MA2A.png?auth=ac182b5632408c2e7a2ec4c0fcbf75c452484bdabed480a1e8c0473b067ad4a7&amp;width=780&amp;height=387&amp;quality=70&amp;smart=true\" media=\"(min-width: 768px)\" \/><img loading=\"lazy\" decoding=\"async\" class=\"image flex com-image --cover\" src=\"https:\/\/resizer.glanacion.com\/resizer\/v2\/asi-esta-la-tabla-de-posiciones-del-grupo-a-del-DXM6GO62UBCPPNIE6DTSY7MA2A.png?auth=ac182b5632408c2e7a2ec4c0fcbf75c452484bdabed480a1e8c0473b067ad4a7&amp;width=420&amp;height=208&amp;quality=70&amp;smart=true\" alt=\"As\u00ed est\u00e1 la tabla de posiciones del grupo A del Preol\u00edmpico Sudamericano Sub 23, tras la fecha 2\" width=\"693\" height=\"344\" \/><\/picture><\/div>\n<\/div><figcaption class=\"mod-figcaption\"><span class=\"com-text --caption --twoxs\">As\u00ed est\u00e1 la tabla de posiciones del grupo A del Preol\u00edmpico Sudamericano Sub 23, tras la fecha 2<\/span><span class=\"com-text --credit --twoxs\">Canchallena<\/span><\/figcaption><\/figure>\n<\/section>\n<\/div>\n<h3 class=\"com-title --font-primary --l --font-extra\">Grupo B<\/h3>\n<p class=\"com-paragraph   --s\"><u><strong>Fecha 1<\/strong><\/u><\/p>\n<div class=\"hidden\"><\/div>\n<ul class=\"com-unordered\">\n<li class=\"com-item\">Per\u00fa 1-0 Chile.<\/li>\n<li class=\"com-item\">Argentina 1-1 Paraguay.<\/li>\n<li class=\"com-item\">Libre: Uruguay.<\/li>\n<\/ul>\n<p class=\"com-paragraph   --s\"><u><strong>Fecha 2<\/strong><\/u><\/p>\n<ul class=\"com-unordered\">\n<li class=\"com-item\">Paraguay 4-3 Uruguay.<\/li>\n<li class=\"com-item\">Per\u00fa 0-2 Argentina.<\/li>\n<li class=\"com-item\">Libre: Chile.<\/li>\n<\/ul>\n<p class=\"com-paragraph   --s\"><u><strong>Fecha 3<\/strong><\/u><\/p>\n<div class=\"hidden\"><\/div>\n<ul class=\"com-unordered\">\n<li class=\"com-item\">Paraguay vs. Per\u00fa &#8211; S\u00e1bado 27 de enero a las 17.<\/li>\n<li class=\"com-item\">Uruguay vs. Chile &#8211; S\u00e1bado 27 de enero a las 17.<\/li>\n<li class=\"com-item\">Libre: Argentina.<\/li>\n<\/ul>\n<p class=\"com-paragraph   --s\"><u><strong>Fecha 4<\/strong><\/u><\/p>\n<ul class=\"com-unordered\">\n<li class=\"com-item\">Uruguay vs. Per\u00fa &#8211; Martes 30 de enero a las 17.<\/li>\n<li class=\"com-item\">Chile vs. Argentina &#8211; Martes 30 de enero a las 20.<\/li>\n<li class=\"com-item\">Libre: Paraguay.<\/li>\n<\/ul>\n<p class=\"com-paragraph   --s\"><u><strong>Fecha 5<\/strong><\/u><\/p>\n<div class=\"hidden\"><\/div>\n<ul class=\"com-unordered\">\n<li class=\"com-item\">Argentina vs. Uruguay &#8211; Viernes 2 de febrero a las 20.<\/li>\n<li class=\"com-item\">Chile vs. Paraguay &#8211; Viernes 2 de febrero a las 20.<\/li>\n<li class=\"com-item\">Libre: Per\u00fa.<\/li>\n<\/ul>\n<div class=\"content-media\">\n<section class=\"mod-media   \" role=\"button\">\n<div class=\"placeholder \">\n<div class=\"com-image\"><picture><source srcset=\"https:\/\/resizer.glanacion.com\/resizer\/v2\/asi-esta-la-tabla-de-posiciones-del-grupo-b-del-MVDCDSPECBFTJBZOOZSFXDDKBA.png?auth=88d7240abde9aa40e85f841786898d55ad82583a7f4f9721b3d5575e777bc8b7&amp;width=780&amp;height=386&amp;quality=70&amp;smart=true\" media=\"(min-width: 768px)\" \/><img loading=\"lazy\" decoding=\"async\" class=\"image flex com-image --cover\" src=\"https:\/\/resizer.glanacion.com\/resizer\/v2\/asi-esta-la-tabla-de-posiciones-del-grupo-b-del-MVDCDSPECBFTJBZOOZSFXDDKBA.png?auth=88d7240abde9aa40e85f841786898d55ad82583a7f4f9721b3d5575e777bc8b7&amp;width=420&amp;height=208&amp;quality=70&amp;smart=true\" alt=\"As\u00ed est\u00e1 la tabla de posiciones del grupo B del Preol\u00edmpico Sudamericano Sub 23, tras la fecha 2\" width=\"691\" height=\"342\" \/><\/picture><\/div>\n<\/div>\n<h6 class=\"mod-figure \" role=\"button\"><span class=\"com-text --caption --twoxs\">As\u00ed est\u00e1 la tabla de posiciones del grupo B del Preol\u00edmpico Sudamericano Sub 23, tras la fecha<\/p>\n<p>Fuente La Naci\u00f3n\u00a0&#8211; Cancha llena<\/p>\n<p>Foto de Luciano Gondou marcando el segundo<\/span><\/h6>\n<\/section>\n<\/div>\n<div class=\"hidden\">\n<div class=\"row FirmaAutor\">\n<div class=\"col-12\"><\/div>\n<\/div>\n<\/div>\n<\/div>\n<\/div>\n<\/div>\n<\/div>\n<\/section>\n<\/div>\n<\/div>\n","protected":false},"excerpt":{"rendered":"<p>As\u00ed est\u00e1n las tablas de posiciones del Preol\u00edmpico Sub 23, grupo por grupo. Tras la primera fecha Ecuador y la Argentina lideran cada una de las zonas, con cuatro puntos cada uno; Brasil y Paraguay se mantienen segundos 25 de enero de 202410:12 Thiago Almada abri\u00f3 el marcador de la Argentina ante Per\u00fa; el triunfo &hellip;<\/p>\n","protected":false},"author":2,"featured_media":5097,"comment_status":"open","ping_status":"open","sticky":false,"template":"","format":"standard","meta":{"footnotes":""},"categories":[6],"tags":[],"class_list":["post-5096","post","type-post","status-publish","format-standard","has-post-thumbnail","hentry","category-internacionales"],"_links":{"self":[{"href":"https:\/\/www.sportchaco.com.ar\/index.php?rest_route=\/wp\/v2\/posts\/5096","targetHints":{"allow":["GET"]}}],"collection":[{"href":"https:\/\/www.sportchaco.com.ar\/index.php?rest_route=\/wp\/v2\/posts"}],"about":[{"href":"https:\/\/www.sportchaco.com.ar\/index.php?rest_route=\/wp\/v2\/types\/post"}],"author":[{"embeddable":true,"href":"https:\/\/www.sportchaco.com.ar\/index.php?rest_route=\/wp\/v2\/users\/2"}],"replies":[{"embeddable":true,"href":"https:\/\/www.sportchaco.com.ar\/index.php?rest_route=%2Fwp%2Fv2%2Fcomments&post=5096"}],"version-history":[{"count":1,"href":"https:\/\/www.sportchaco.com.ar\/index.php?rest_route=\/wp\/v2\/posts\/5096\/revisions"}],"predecessor-version":[{"id":5098,"href":"https:\/\/www.sportchaco.com.ar\/index.php?rest_route=\/wp\/v2\/posts\/5096\/revisions\/5098"}],"wp:featuredmedia":[{"embeddable":true,"href":"https:\/\/www.sportchaco.com.ar\/index.php?rest_route=\/wp\/v2\/media\/5097"}],"wp:attachment":[{"href":"https:\/\/www.sportchaco.com.ar\/index.php?rest_route=%2Fwp%2Fv2%2Fmedia&parent=5096"}],"wp:term":[{"taxonomy":"category","embeddable":true,"href":"https:\/\/www.sportchaco.com.ar\/index.php?rest_route=%2Fwp%2Fv2%2Fcategories&post=5096"},{"taxonomy":"post_tag","embeddable":true,"href":"https:\/\/www.sportchaco.com.ar\/index.php?rest_route=%2Fwp%2Fv2%2Ftags&post=5096"}],"curies":[{"name":"wp","href":"https:\/\/api.w.org\/{rel}","templated":true}]}}