{"id":5101,"date":"2024-01-25T12:32:24","date_gmt":"2024-01-25T15:32:24","guid":{"rendered":"https:\/\/www.sportchaco.com.ar\/?p=5101"},"modified":"2024-01-25T12:32:53","modified_gmt":"2024-01-25T15:32:53","slug":"inclusion-liguista-se-presento-para-las-elecciones-en-la-liga-chaquena","status":"publish","type":"post","link":"https:\/\/www.sportchaco.com.ar\/?p=5101","title":{"rendered":"\u201cInclusi\u00f3n Liguista\u201d se present\u00f3 para las elecciones en la Liga Chaque\u00f1a"},"content":{"rendered":"<p>La lista \u201cInclusi\u00f3n Liguista\u201d fue presentada este mi\u00e9rcoles por la noche en las inmediaciones del Club Atl\u00e9tico Estudiantes. Este grupo de dirigentes comandado por Osvaldo Nardoni (presidente de Don Orione) como presidente, Pablo Miranda (titular de Deportivo G\u00fciraldes) vicepresidente y Marta Pereyra (presidenta del Club V\u00e9lez Sarsfield) como vicepresidenta segunda se postulan para las elecciones que se llevar\u00e1n a cabo en febrero para comandar durante dos a\u00f1os la Liga Chaque\u00f1a de F\u00fatbol.<\/p>\n<p>\u00abInclusi\u00f3n Liguista\u00bb cont\u00f3 en la presentaci\u00f3n con el apoyo de muchos clubes liguistas que se hicieron presentes para escuchar las propuestas del cambio que se pretende y compartir una cena entre colegas.<\/p>\n<p>Esta lista competir\u00e1 junto a \u201cConsenso Liguista\u201d, que se encuentra encabezada por Ra\u00fal \u201cPuchi\u201d Mosqueda (CUNE) como presidente y H\u00e9ctor G\u00f3mez (For Ever) como vice. De esta manera, Gustavo Peloso no se present\u00f3 para su continuidad, pero apoyar\u00e1 a \u00abInclusi\u00f3n liguista\u00bb.<\/p>\n<p><b>JUVENTUD Y COMPROMISO<\/b><br \/>\n\u201cEstamos trabajando con mucho entusiasmo y dedicaci\u00f3n. Tenemos un compromiso fuerte con esta nueva dirigencia, que incluye mucha juventud y un gran empuje nuevo\u201d, comenz\u00f3 diciendo Pablo Miranda, en exclusiva para \u201cEntretiempo\u201d.<\/p>\n<p>Luego contin\u00fao: \u201cDecidimos poner el nombre de Inclusi\u00f3n Liguista porque la idea central es que todos los clubes que integran la Liga Chaque\u00f1a se sumen a nosotros y poder tener el apoyo de todos los presidentes posibles, que eso es muy importante para poder trabajar\u201d.<\/p>\n<p>\u201cEl objetivo principal es iniciar las gestiones correspondientes para poder trabajar y concentrarnos en tener el predio propio de la Liga listo lo antes posible, que es un su momento fue cedido a la instituci\u00f3n y todav\u00eda no se le pudo dar uso. Tambi\u00e9n concentrarnos en las inferiores, es uno de los grandes proyectos que tenemos, trabajar de manera seria en las divisiones formativas. Sabemos que hay mucho material en el futbolista chaque\u00f1o y buscaremos fortalecer y potenciar a los j\u00f3venes\u201d, asegur\u00f3 el actual presidente de G\u00fciraldes.<\/p>\n<p>\u201cHay un mixto de personas que integran la lista, porque creemos que todos somos importantes, pero los j\u00f3venes buscamos sumarnos y poder aportar lo nuestro. Desde una cuesti\u00f3n generacional es necesario realizar algunos cambios, meter nuevas caras, ideas y energ\u00edas. Creemos que podemos ganar y ser los pr\u00f3ximos en comandar la Liga Chaque\u00f1a. Uno hablando con los distintos dirigentes se va dando cuenta de que muchos nos brindan su apoyo, que les gusta nuestra propuesta y que tenemos la fuerza necesaria ser los pr\u00f3ximos elegidos\u201d, finaliz\u00f3 el postulante a vicepresidente, tras charlar con \u201cEntretiempo\u201d.<\/p>\n<p><b>TRIUNVIRATO<\/b><br \/>\nOtras de las caras visibles y claves en la lista para esta elecci\u00f3n es Marta Pereyra, que hace m\u00e1s de diez a\u00f1os es presidenta del Club V\u00e9lez Sarsfield y tiene una fuerte presencia en lo que respecta al \u00e1mbito institucional liguista.<\/p>\n<p>\u201cNosotros exponemos tres puntos importantes a la hora de presentar la lista. Primero: ninguno que haya ocupado el cargo de presidente y vicepresidente de la Liga puede repetir. Ya tuvieron su oportunidad, dieron lo que pod\u00edan dar y mostraron sus habilidades, pero es hora del cambio. Segundo: tenemos que realizar la inclusi\u00f3n de los j\u00f3venes, caso de Nardoni (presidente de Don Orione) y Miranda (presidente de G\u00fciraldes) e incluir a la mujer en la conducci\u00f3n deportiva, que en este caso yo tratar\u00e9 de cumplir esa parte de incluir al g\u00e9nero femenino al poder liguista. Y tercero: demostramos una amplitud generosa, llamamos y hablamos con todos los clubes para que se sumen a este nuevo proyecto. Buscamos que todos los presidentes y dirigentes sepan que brindaremos una presidencia colegiada, es decir, que los tres (presidente, vicepresidente y vicepresidente segundo) vamos a estar de acuerdo a la hora de la toma de decisiones, buscando ser pr\u00e1cticamente un triunvirato como el viejo gobierno del R\u00edo de La Plata. Buscaremos hacer un cambio efectivo e innovador\u201d, se\u00f1al\u00f3.<\/p>\n<p>Pereyra tambi\u00e9n hizo hincapi\u00e9 en la relaci\u00f3n que tendr\u00e1n con el gobierno provincial y dijo: \u201cEstamos dispuestos a seguir la l\u00ednea que baje el gobernador Zdero acerca del deporte y por supuesto tambi\u00e9n acatar lo que diga Fabio V\u00e1zquez, presidente del Instituto del Deporte. De igual manera, todav\u00eda no logramos juntarnos con las autoridades de la provincia, pero ni bien esto comience eso ser\u00e1 lo primero que haremos. La primera palabra la tendr\u00e1 Zdero, nosotros acompa\u00f1aremos sus decisiones\u201d.<\/p>\n<p>\u201cAc\u00e1 hay candidatos en la lista que nunca ocuparon un cargo en la Liga Chaque\u00f1a, es la primera vez que estas personas van a poder hacerlo. Aprovecharemos la juventud en el pa\u00eds, Javier Milei presidente, Leandro Zdero gobernador, dos grandes j\u00f3venes, y nosotros queremos ir por lo mismo, pero nunca dejando de lado la voz de la experiencia \u00a1Esto es el cambio, Inclusi\u00f3n Liguista es el cambio!\u201d, culmin\u00f3 Marta Pereyra.<\/p>\n<p>&nbsp;<\/p>\n<p><em><strong>Fuente:<\/strong> Entretiempo<\/em><\/p>\n","protected":false},"excerpt":{"rendered":"<p>La lista \u201cInclusi\u00f3n Liguista\u201d fue presentada este mi\u00e9rcoles por la noche en las inmediaciones del Club Atl\u00e9tico Estudiantes. Este grupo de dirigentes comandado por Osvaldo Nardoni (presidente de Don Orione) como presidente, Pablo Miranda (titular de Deportivo G\u00fciraldes) vicepresidente y Marta Pereyra (presidenta del Club V\u00e9lez Sarsfield) como vicepresidenta segunda se postulan para las elecciones &hellip;<\/p>\n","protected":false},"author":3,"featured_media":5102,"comment_status":"open","ping_status":"open","sticky":false,"template":"","format":"standard","meta":{"footnotes":""},"categories":[5],"tags":[],"class_list":["post-5101","post","type-post","status-publish","format-standard","has-post-thumbnail","hentry","category-futbol"],"_links":{"self":[{"href":"https:\/\/www.sportchaco.com.ar\/index.php?rest_route=\/wp\/v2\/posts\/5101","targetHints":{"allow":["GET"]}}],"collection":[{"href":"https:\/\/www.sportchaco.com.ar\/index.php?rest_route=\/wp\/v2\/posts"}],"about":[{"href":"https:\/\/www.sportchaco.com.ar\/index.php?rest_route=\/wp\/v2\/types\/post"}],"author":[{"embeddable":true,"href":"https:\/\/www.sportchaco.com.ar\/index.php?rest_route=\/wp\/v2\/users\/3"}],"replies":[{"embeddable":true,"href":"https:\/\/www.sportchaco.com.ar\/index.php?rest_route=%2Fwp%2Fv2%2Fcomments&post=5101"}],"version-history":[{"count":2,"href":"https:\/\/www.sportchaco.com.ar\/index.php?rest_route=\/wp\/v2\/posts\/5101\/revisions"}],"predecessor-version":[{"id":5104,"href":"https:\/\/www.sportchaco.com.ar\/index.php?rest_route=\/wp\/v2\/posts\/5101\/revisions\/5104"}],"wp:featuredmedia":[{"embeddable":true,"href":"https:\/\/www.sportchaco.com.ar\/index.php?rest_route=\/wp\/v2\/media\/5102"}],"wp:attachment":[{"href":"https:\/\/www.sportchaco.com.ar\/index.php?rest_route=%2Fwp%2Fv2%2Fmedia&parent=5101"}],"wp:term":[{"taxonomy":"category","embeddable":true,"href":"https:\/\/www.sportchaco.com.ar\/index.php?rest_route=%2Fwp%2Fv2%2Fcategories&post=5101"},{"taxonomy":"post_tag","embeddable":true,"href":"https:\/\/www.sportchaco.com.ar\/index.php?rest_route=%2Fwp%2Fv2%2Ftags&post=5101"}],"curies":[{"name":"wp","href":"https:\/\/api.w.org\/{rel}","templated":true}]}}