{"id":5117,"date":"2024-01-25T22:45:09","date_gmt":"2024-01-26T01:45:09","guid":{"rendered":"https:\/\/www.sportchaco.com.ar\/?p=5117"},"modified":"2024-01-25T22:45:09","modified_gmt":"2024-01-26T01:45:09","slug":"boca-compro-al-lateral-lautaro-blanco","status":"publish","type":"post","link":"https:\/\/www.sportchaco.com.ar\/?p=5117","title":{"rendered":"Boca compr\u00f3 al lateral Lautaro Blanco"},"content":{"rendered":"<p id=\"titulo_cable\" class=\"title\">\n<div id=\"div_cuerpo\" class=\"content cable-content\">El lateral Frank Fabra regresar\u00e1 al primer equipo de Boca Juniors en reemplazo del lesionado uruguayo Marcelo Saracchi para el debut oficial del t\u00e9cnico Diego Mart\u00ednez, que se producir\u00e1 el s\u00e1bado ante Platense en Vicente L\u00f3pez, por el Grupo B de la Copa de la Liga Profesional, pero como el colombiano puede marcharse a Estados Unidos hoy el \u00abxeneize\u00bb adquiri\u00f3 el pase del rosarino Lautaro Blanco.<\/p>\n<p>Blanco, que el 19 de febrero cumplir\u00e1 25 a\u00f1os, surgi\u00f3 de Rosario Central, estaba en el Elche espa\u00f1ol y fue convocado para el seleccionado argentino por Lionel Scaloni en los amistosos de marzo del a\u00f1o pasado ante Curazao y Guatemala. Puede actuar tambi\u00e9n como carrilero por izquierda.<\/p>\n<p>Por su parte Mart\u00ednez dispuso este jueves un ensayo futbol\u00edstico con la alineaci\u00f3n planeada para ese partido con Platense: Sergio Romero; Luis Adv\u00edncula, Cristian Lema, Nicol\u00e1s Figal y Fabra; Guillermo \u00abPol\u00bb Fern\u00e1ndez, Jorman Campuzano y Juan Ram\u00edrez; Ezequiel Bullaude; Miguel Merentiel y Luca Langoni.<\/p>\n<p>La alineaci\u00f3n suplente incluy\u00f3 a Javier Garc\u00eda; Marcelo Weigandt, Aaron Anselmino, Bruno Valdez y Lucas Blondel; Jabes Saralegui, Mauricio Ben\u00edtez y Kevin Zen\u00f3n; Lucas Janson; Edinson Cavani y Dar\u00edo Benedetto.<\/p>\n<p>De esta manera, el t\u00e9cnico introducir\u00e1 dos variantes respecto de la formaci\u00f3n que le gan\u00f3 el \u00faltimo amistoso a Talleres y las dos se producir\u00e1n en los laterales de la defensa: Adv\u00edncula por Blondel y Fabra por Saracchi.<\/p>\n<p>El colombiano jugar\u00e1 su primer partido tras la final de la Copa Libertadores ante Fluminense (1-2), el 4 de noviembre del a\u00f1o pasado. En aquella oportunidad, fue expulsado en el tiempo suplementario por agredir a un rival cuando Boca ten\u00eda un hombre de m\u00e1s por la expulsi\u00f3n del delantero brasile\u00f1o John Kennedy.<\/p>\n<p>Esa acci\u00f3n fue repudiada por los hinchas \u00abxeneizes\u00bb, quienes reclamaron su salida del club, pero Juan Rom\u00e1n Riquelme lo defendi\u00f3 p\u00fablicamente y el colombiano continu\u00f3 en el club, pese a no volver a jugar.<\/p>\n<p>Su regreso se producir\u00e1 por el desgarro de Saracchi en el aductor derecho, lo que lo tendr\u00e1 fuera de las canchas por 20 d\u00edas.<\/p>\n<p>Esto oblig\u00f3 a la dirigencia boquense a moverse r\u00e1pido en la b\u00fasqueda de un refuerzo para ocupar ese lugar, ya que en las \u00faltimas horas adem\u00e1s surgi\u00f3 el rumor de que al colombiano lo vendr\u00edan a buscar de Portland Timbers, de la MLS estadounidense.<\/p>\n<p>Y el nombre que surgi\u00f3 fue el de Lautaro Blanco, el ex Rosario Central, con poco lugar en el Elche, de la segunda divisi\u00f3n de Espa\u00f1a, que se cerr\u00f3 en las \u00faltimas horas con la compra del 50 por ciento del pase de parte de Boca Juniors, mientras que Defensa y Justicia adquirir\u00e1 el 50 por ciento del volante Aaron Molinas, que pasar\u00e1 del \u00abxeneize\u00bb al \u00abHalc\u00f3n\u00bb.<\/p>\n<p>Todo esto es posible porque el empresario Christian Bragarnik tiene activa participaci\u00f3n en la conducci\u00f3n futbol\u00edstica del club de Florencio Varela pero, fundamentalmente, es el propietario de Elche.<\/p>\n<p>Por, contrapartida, la que se complic\u00f3 fue la llegada del volante chileno Carlos Palacios, ya que el presidente del directorio del club due\u00f1o de su pase, Colo Colo, Alfredo St\u00f6hwing, anunci\u00f3 hoy que \u00abde no ocurrir nada extra\u00f1o, el jugador se quedar\u00e1 en la instituci\u00f3n, Es cierto que tiene una cl\u00e1usula de rescisi\u00f3n de Vasco da Gama, de Brasil, pero se realizaron todas las gestiones para que siga en Colo Colo\u00bb.<\/p>\n<p>Y apoyando estas referencias el m\u00e1ximo accionista de Colo Colo, An\u00edbal Mosa, indic\u00f3 que el directorio aprob\u00f3 \u00abde forma un\u00e1nime un aumento salarial para Palacios con el objetivo de contar con \u00e9l por toda la temporada. Fue una propuesta realizada por su representaci\u00f3n aprobada un\u00e1nimemente por la gerencia general\u00bb.<\/p>\n<p>El uruguayo Cavani, que sum\u00f3 sus primeros minutos del a\u00f1o el pasado s\u00e1bado en C\u00f3rdoba, comenzar\u00e1 en el banco de suplentes.<\/p>\n<p>En el inicio de la temporada, Boca no cuenta con los futbolistas convocados al seleccionado sub 23 que disputa el Preol\u00edmpico en Venezuela: el Leandro Brey, el defensor Nicol\u00e1s Valentini y los mediocampistas Ezequiel Fern\u00e1ndez y Cristian Medina.<\/p>\n<p>Zen\u00f3n, la \u00faltima incorporaci\u00f3n de Boca en este mercado de pases, ser\u00e1 convocado y estar\u00e1 en el banco de los relevos.<\/p>\n<p>Tambi\u00e9n en las \u00faltimas horas y por la ejecuci\u00f3n de la patria potestad, Boca hab\u00eda perdido al prometedor joven de las inferiores Roberto Barid\u00f3, de 16 a\u00f1os. El chico de Adrogu\u00e9 (surgi\u00f3 del club local Progreso) se incorporar\u00eda posiblemente a la Juventus, de Italia, ya que su familia tiene intenciones de radicarse en ese pa\u00eds.<\/p>\n<p>En tanto el plantel profesional volver\u00e1 a las pr\u00e1cticas ma\u00f1ana desde las 9.00 en Ezeiza y por la noche quedar\u00e1 concentrado en el Hotel Intercontinental.<\/p>\n<p>En otro orden, el primer partido de local en la Copa de la Liga, ante Sarmiento el 1 de febrero, se disputar\u00e1 en el estadio de San Lorenzo (ya fue oficializado) por el estado del c\u00e9sped de La Bombonera, que fue resembrado tras las elecciones celebradas en diciembre.<\/p>\n<p>Para este encuentro Mart\u00ednez, en su primera convocatoria para un compromiso oficial, cit\u00f3 a los arqueros Sergio Romero, yJavier Garc\u00eda; los defensores Jorge Nicol\u00e1s Figal,<\/p>\n<p>Cristian Lema, Aaron Anselmino, Bruno Vald\u00e9z (tiene ofertas para irse a Olimpia, de su pa\u00eds natal, Paraguay, y una ya oficializada de Pe\u00f1arol, de Uruguay), Luis Adv\u00edncula,<\/p>\n<p>Frank Fabra, Lucas Blondel y Marcelo Weigandt. y<\/p>\n<p>Los mediocampistas Jorman Campuzano, Guillermo Fern\u00e1ndez, Mauricio Ben\u00edtez, Rom\u00e1n Rodr\u00edguez, Juan Ram\u00edrez, Ezequiel Bullaude, Kevin Zen\u00f3n y Jabes Saralegui y los delanteros Lucas Janson, Luca Langoni, Edinson Cavani, Miguel Merentiel, Dar\u00edo Benedetto y Norberto Briasco<\/p>\n<p>Los que por distintas razones no pueden ser de la partida son los volantes Cristian Medina y Ezequiel Fern\u00e1ndez, el defensor Nicol\u00e1s Valentini y el arquero Leandro Brey, todos con el seleccionado argentino en el Preol\u00edmpico de Venezuela, y el zaguero central Marcos Rojo, con un desgarro en el gemelo de la pierna izquierda.<\/p><\/div>\n<div><\/div>\n<div><\/div>\n<h3>Foto de Lautaro Blanco, nuevo jugador de Boca<\/h3>\n","protected":false},"excerpt":{"rendered":"<p>El lateral Frank Fabra regresar\u00e1 al primer equipo de Boca Juniors en reemplazo del lesionado uruguayo Marcelo Saracchi para el debut oficial del t\u00e9cnico Diego Mart\u00ednez, que se producir\u00e1 el s\u00e1bado ante Platense en Vicente L\u00f3pez, por el Grupo B de la Copa de la Liga Profesional, pero como el colombiano puede marcharse a Estados &hellip;<\/p>\n","protected":false},"author":2,"featured_media":5118,"comment_status":"open","ping_status":"open","sticky":false,"template":"","format":"standard","meta":{"footnotes":""},"categories":[5,47],"tags":[],"class_list":["post-5117","post","type-post","status-publish","format-standard","has-post-thumbnail","hentry","category-futbol","category-nacionales"],"_links":{"self":[{"href":"https:\/\/www.sportchaco.com.ar\/index.php?rest_route=\/wp\/v2\/posts\/5117","targetHints":{"allow":["GET"]}}],"collection":[{"href":"https:\/\/www.sportchaco.com.ar\/index.php?rest_route=\/wp\/v2\/posts"}],"about":[{"href":"https:\/\/www.sportchaco.com.ar\/index.php?rest_route=\/wp\/v2\/types\/post"}],"author":[{"embeddable":true,"href":"https:\/\/www.sportchaco.com.ar\/index.php?rest_route=\/wp\/v2\/users\/2"}],"replies":[{"embeddable":true,"href":"https:\/\/www.sportchaco.com.ar\/index.php?rest_route=%2Fwp%2Fv2%2Fcomments&post=5117"}],"version-history":[{"count":1,"href":"https:\/\/www.sportchaco.com.ar\/index.php?rest_route=\/wp\/v2\/posts\/5117\/revisions"}],"predecessor-version":[{"id":5119,"href":"https:\/\/www.sportchaco.com.ar\/index.php?rest_route=\/wp\/v2\/posts\/5117\/revisions\/5119"}],"wp:featuredmedia":[{"embeddable":true,"href":"https:\/\/www.sportchaco.com.ar\/index.php?rest_route=\/wp\/v2\/media\/5118"}],"wp:attachment":[{"href":"https:\/\/www.sportchaco.com.ar\/index.php?rest_route=%2Fwp%2Fv2%2Fmedia&parent=5117"}],"wp:term":[{"taxonomy":"category","embeddable":true,"href":"https:\/\/www.sportchaco.com.ar\/index.php?rest_route=%2Fwp%2Fv2%2Fcategories&post=5117"},{"taxonomy":"post_tag","embeddable":true,"href":"https:\/\/www.sportchaco.com.ar\/index.php?rest_route=%2Fwp%2Fv2%2Ftags&post=5117"}],"curies":[{"name":"wp","href":"https:\/\/api.w.org\/{rel}","templated":true}]}}