{"id":5141,"date":"2024-01-26T10:29:32","date_gmt":"2024-01-26T13:29:32","guid":{"rendered":"https:\/\/www.sportchaco.com.ar\/?p=5141"},"modified":"2024-01-26T10:29:40","modified_gmt":"2024-01-26T13:29:40","slug":"medvedev-sera-el-rival-de-sinne","status":"publish","type":"post","link":"https:\/\/www.sportchaco.com.ar\/?p=5141","title":{"rendered":"Medvedev ser\u00e1 el rival de Sinner"},"content":{"rendered":"<div class=\"ue-l-article__header\">\n<div class=\"ue-l-article__main-column\">\n<div class=\"ue-c-article__header \">\n<div class=\"ue-l-article__header-content ue-l-article--expand-right-full-from-tablet ue-l-article--expand-right-half-from-desktop\">\n<h1 id=\"H1_js_65b3ae98e2704e8c0f8b458e\" class=\"ue-c-article__headline js-headline js-headlineb\"><\/h1>\n<p class=\"ue-c-article__standfirst\">El ruso se jugar\u00e1 el t\u00edtulo ante el italiano Sinner, verdugo de Djokovic en cuatro sets<\/p>\n<\/div>\n<\/div>\n<\/div>\n<\/div>\n<div class=\"ue-l-article__body\" data-section=\"articleBody\">\n<div class=\"ue-l-article__main-column ue-l-article--minimum-content-from-tablet\">\n<figure class=\"ue-c-article__media ue-c-article__media--image ue-c-article--media-icon-m-from-phablet ue-l-article--expand-left-full-from-tablet ue-c-article__media--main-media\">\n<div class=\"ue-c-article__media-img-container ue-l-article--expand-edge-right-until-tablet ue-l-article--expand-edge-left-until-tablet\"><picture><source srcset=\"https:\/\/phantom-marca.unidadeditorial.es\/dc066aa83d99cfe247c51681defc7049\/resize\/360\/f\/webp\/assets\/multimedia\/imagenes\/2024\/01\/26\/17062742931345.jpg 360w,https:\/\/phantom-marca.unidadeditorial.es\/4a0d9aafa6a433fc7256751aea98f281\/resize\/375\/f\/webp\/assets\/multimedia\/imagenes\/2024\/01\/26\/17062742931345.jpg 375w,https:\/\/phantom-marca.unidadeditorial.es\/fe6d2d1c98b227a58a8d0b94f06dd233\/resize\/414\/f\/webp\/assets\/multimedia\/imagenes\/2024\/01\/26\/17062742931345.jpg 414w,https:\/\/phantom-marca.unidadeditorial.es\/d0e553ea3acd50e87bf4a33966bd473e\/resize\/660\/f\/webp\/assets\/multimedia\/imagenes\/2024\/01\/26\/17062742931345.jpg 660w,https:\/\/phantom-marca.unidadeditorial.es\/21d68219c2dc1938bb0dbe73d35e0377\/resize\/720\/f\/webp\/assets\/multimedia\/imagenes\/2024\/01\/26\/17062742931345.jpg 720w,https:\/\/phantom-marca.unidadeditorial.es\/11367b84b6961d8e664fa7d608032a44\/resize\/750\/f\/webp\/assets\/multimedia\/imagenes\/2024\/01\/26\/17062742931345.jpg 750w,https:\/\/phantom-marca.unidadeditorial.es\/c1531383465b1bc20be9532be55dfc97\/resize\/828\/f\/webp\/assets\/multimedia\/imagenes\/2024\/01\/26\/17062742931345.jpg 828w,https:\/\/phantom-marca.unidadeditorial.es\/26fab2c13afca886e4f4f22a7f24d290\/resize\/1320\/f\/webp\/assets\/multimedia\/imagenes\/2024\/01\/26\/17062742931345.jpg 1320w\" type=\"image\/webp\" sizes=\"(min-width: 1010px) 660px, (min-width: 980px) calc(100vw - 330px), (min-width: 740px) calc(100vw - 310px), 100vw\" \/><source srcset=\"https:\/\/phantom-marca.unidadeditorial.es\/4741954ca58ecddfbb1b7bff05062939\/resize\/360\/f\/jpg\/assets\/multimedia\/imagenes\/2024\/01\/26\/17062742931345.jpg 360w,https:\/\/phantom-marca.unidadeditorial.es\/a316bad280c78e15952b9bdc54da3342\/resize\/375\/f\/jpg\/assets\/multimedia\/imagenes\/2024\/01\/26\/17062742931345.jpg 375w,https:\/\/phantom-marca.unidadeditorial.es\/0e12bafeb66b659d750fdf6016c96c9e\/resize\/414\/f\/jpg\/assets\/multimedia\/imagenes\/2024\/01\/26\/17062742931345.jpg 414w,https:\/\/phantom-marca.unidadeditorial.es\/4233f7ac4d73976726a6ac5c795f5071\/resize\/660\/f\/jpg\/assets\/multimedia\/imagenes\/2024\/01\/26\/17062742931345.jpg 660w,https:\/\/phantom-marca.unidadeditorial.es\/f9b48491594dcbea750ab39299ba7bdd\/resize\/720\/f\/jpg\/assets\/multimedia\/imagenes\/2024\/01\/26\/17062742931345.jpg 720w,https:\/\/phantom-marca.unidadeditorial.es\/13d1cdf731c21aa64e6d3f127e58c3fe\/resize\/750\/f\/jpg\/assets\/multimedia\/imagenes\/2024\/01\/26\/17062742931345.jpg 750w,https:\/\/phantom-marca.unidadeditorial.es\/67c633833614c8d09648e037a9675890\/resize\/828\/f\/jpg\/assets\/multimedia\/imagenes\/2024\/01\/26\/17062742931345.jpg 828w,https:\/\/phantom-marca.unidadeditorial.es\/ef5dcffb0e38451ad38c07c449ddfeed\/resize\/1320\/f\/jpg\/assets\/multimedia\/imagenes\/2024\/01\/26\/17062742931345.jpg 1320w\" type=\"image\/jpeg\" sizes=\"(min-width: 1010px) 660px, (min-width: 980px) calc(100vw - 330px), (min-width: 740px) calc(100vw - 310px), 100vw\" \/><img decoding=\"async\" class=\"ue-c-article__image\" src=\"https:\/\/phantom-marca.unidadeditorial.es\/ef5dcffb0e38451ad38c07c449ddfeed\/resize\/1320\/f\/jpg\/assets\/multimedia\/imagenes\/2024\/01\/26\/17062742931345.jpg\" alt=\"Medvedev, en el momento del saque\" width=\"1980px\" height=\"1320px\" \/><\/picture><\/div><figcaption class=\"ue-c-article__media-caption\">\n<div class=\"ue-c-article__media-caption-inner\"><span class=\"ue-c-article__media-description\">Medvedev, en el momento del saque <\/span><span class=\"ue-c-article__media-source\"><span class=\"ue-c-article__media-author\">EFE<\/span><\/span><\/div>\n<\/figcaption><\/figure>\n<div class=\"ue-c-article__bar ue-c-article__bar--horizontal-from-tablet\">\n<div class=\"ue-c-article__bar-body\">\n<ul class=\"ue-c-article__byline ue-l-article--grow-from-desktop\" aria-label=\"Redacci\u00f3n:\">\n<li class=\"ue-c-article__byline-item\"><\/li>\n<\/ul>\n<div class=\"ue-c-article__publishdate\" aria-label=\"Fecha de publicaci\u00f3n\"><\/div>\n<\/div>\n<\/div>\n<div class=\"ue-c-article__bar-secondary ue-u-hide-until-tablet ue-l-article--leftcol-width-from-tablet ue-l-article--float-left-from-tablet-no-margin ue-l-article--move-to-leftcol-from-tablet ue-u-sticky-top-80\"><button class=\"ue-c-article__button ue-c-article__button--shadow ue-c-article__button--rounded ue-c-article__button--rounded-vertical ue-l-article--separate-100-top-from-tablet comments-btn js-comentar-65b3ae98e2704e8c0f8b458e\" title=\"Ver comentarios\"><span class=\"ue-c-article__button-text\">8<\/span><\/button><\/div>\n<div class=\"ue-c-article__body\">\n<p class=\"ue-c-article--first-letter-highlighted\"><span style=\"color: #000000;\">Alexander Zverev\u00a0sigue sin sacarse la etiqueta de perdedor en los grandes escenarios de la raqueta. El mismo tenista que perdi\u00f3 en 2020 su \u00fanica final de &#8216;Grand Slam&#8217; en el US Open,\u00a0tras ceder una renta de dos sets a cero ante Dominic Thiem, ha vuelto a repetir este viernes un hundimiento parecido.<\/span><\/p>\n<p><span style=\"color: #000000;\">Esta vez su verdugo ha sido el rocoso\u00a0Daniil Medvedev, que cerr\u00f3 un marcador favorable de\u00a05-7, 3-6, 7-6(4), 7-6(5) y 6-3, en 4 horas y 18 minutos. Ser\u00e1 la tercera final del primer grande para el ruso, que cedi\u00f3 la de 2021 con Novak Djokovic y un a\u00f1o despu\u00e9s ante Rafael Nadal.<\/span><\/p>\n<p><span style=\"color: #000000;\">El domingo le espera Jannik Sinner, un novato a estas alturas de competici\u00f3n y\u00a0<a style=\"color: #000000;\" href=\"https:\/\/www.marca.com\/tenis\/open-australia\/2024\/01\/26\/65b34046268e3eaa648b45e0.html\">que ha dado buena cuenta de Djokovic en la primera semifinal<\/a>. Si el pupilo de Gilles Cervara se corona en las pistas del Melbourne Park\u00a0desplazar\u00e1 a Carlos Alcaraz al tercer puesto del ranking ATP.<\/span><\/p>\n<div class=\"midwidget-taboola\">\n<div id=\"taboola-mid-article-mca-oc-1706275483678\" class=\"taboola-mid-article-widget\"><\/div>\n<\/div>\n<p>El campe\u00f3n del US Ope<span style=\"color: #000000;\">n,\u00a0<a style=\"color: #000000;\" href=\"https:\/\/www.marca.com\/tenis\/us-open\/2021\/09\/13\/613e61f6e2704e0e048b4583.html\">en la edici\u00f3n de 2021<\/a>,<\/span> ha jugado tres de sus seis partidos en las pistas de Melbourne Park a cinco sets.<\/p>\n<p><span style=\"color: #000000;\">Daniil sigue bromeando con lo poco que est\u00e1 durmiendo en la capital de Victoria desde que termin\u00f3\u00a0<a style=\"color: #000000;\" href=\"https:\/\/www.marca.com\/tenis\/open-australia\/2024\/01\/18\/65a9687c22601d3a228b45a7.html\">su segunda ronda con el finland\u00e9s Emil Ruusuvuiori a las 3.40 de la madrugada<\/a>. Por eso firm\u00f3 en la c\u00e1mara de televisi\u00f3n: \u00abNo he tenido muchas horas de sue\u00f1o pero aqu\u00ed sigo\u00bb.<\/span><\/p>\n<\/div>\n<\/div>\n<\/div>\n","protected":false},"excerpt":{"rendered":"<p>El ruso se jugar\u00e1 el t\u00edtulo ante el italiano Sinner, verdugo de Djokovic en cuatro sets Medvedev, en el momento del saque EFE 8 Alexander Zverev\u00a0sigue sin sacarse la etiqueta de perdedor en los grandes escenarios de la raqueta. El mismo tenista que perdi\u00f3 en 2020 su \u00fanica final de &#8216;Grand Slam&#8217; en el US &hellip;<\/p>\n","protected":false},"author":2,"featured_media":5142,"comment_status":"open","ping_status":"open","sticky":false,"template":"","format":"standard","meta":{"footnotes":""},"categories":[6,46],"tags":[],"class_list":["post-5141","post","type-post","status-publish","format-standard","has-post-thumbnail","hentry","category-internacionales","category-tenis"],"_links":{"self":[{"href":"https:\/\/www.sportchaco.com.ar\/index.php?rest_route=\/wp\/v2\/posts\/5141","targetHints":{"allow":["GET"]}}],"collection":[{"href":"https:\/\/www.sportchaco.com.ar\/index.php?rest_route=\/wp\/v2\/posts"}],"about":[{"href":"https:\/\/www.sportchaco.com.ar\/index.php?rest_route=\/wp\/v2\/types\/post"}],"author":[{"embeddable":true,"href":"https:\/\/www.sportchaco.com.ar\/index.php?rest_route=\/wp\/v2\/users\/2"}],"replies":[{"embeddable":true,"href":"https:\/\/www.sportchaco.com.ar\/index.php?rest_route=%2Fwp%2Fv2%2Fcomments&post=5141"}],"version-history":[{"count":2,"href":"https:\/\/www.sportchaco.com.ar\/index.php?rest_route=\/wp\/v2\/posts\/5141\/revisions"}],"predecessor-version":[{"id":5144,"href":"https:\/\/www.sportchaco.com.ar\/index.php?rest_route=\/wp\/v2\/posts\/5141\/revisions\/5144"}],"wp:featuredmedia":[{"embeddable":true,"href":"https:\/\/www.sportchaco.com.ar\/index.php?rest_route=\/wp\/v2\/media\/5142"}],"wp:attachment":[{"href":"https:\/\/www.sportchaco.com.ar\/index.php?rest_route=%2Fwp%2Fv2%2Fmedia&parent=5141"}],"wp:term":[{"taxonomy":"category","embeddable":true,"href":"https:\/\/www.sportchaco.com.ar\/index.php?rest_route=%2Fwp%2Fv2%2Fcategories&post=5141"},{"taxonomy":"post_tag","embeddable":true,"href":"https:\/\/www.sportchaco.com.ar\/index.php?rest_route=%2Fwp%2Fv2%2Ftags&post=5141"}],"curies":[{"name":"wp","href":"https:\/\/api.w.org\/{rel}","templated":true}]}}