{"id":52,"date":"2023-09-25T14:55:52","date_gmt":"2023-09-25T14:55:52","guid":{"rendered":"https:\/\/nuevo.sportchaco.com.ar\/?p=52"},"modified":"2023-09-25T14:55:52","modified_gmt":"2023-09-25T14:55:52","slug":"sarmiento-presento-la-3a-edicion-del-torneo-infantil-el-decanito","status":"publish","type":"post","link":"https:\/\/www.sportchaco.com.ar\/?p=52","title":{"rendered":"Sarmiento present\u00f3 la 3\u00aa edici\u00f3n del torneo infantil \u00abEl decanito\u00bb"},"content":{"rendered":"<p>El evento, que reunir\u00e1 a ni\u00f1as y ni\u00f1os (de 4 a 12 a\u00f1os de edad) de diferentes clubes y equipos, es organizado por la Subcomisi\u00f3n de F\u00fatbol Infantil del club Decano, desde donde dieron detalles del certamen.<br \/>\n\u201cLos equipos ser\u00e1n divididos por categor\u00edas. Por un lado, las y los nacidos en 2012, 2013 y 2014 jugar\u00e1n en canchas reducidas; y por otro lado, habr\u00e1 competencia de las categor\u00edas \u201cEscuelita\u201d para las y los nacidos en 2015, 2016, 2027 y 2018\u201d, inform\u00f3 el presidente de la Subcomisi\u00f3n de F\u00fatbol Infantil, Camilo Rol\u00f3n.<\/p>\n<p>El directivo destac\u00f3 adem\u00e1s que \u201cm\u00e1s all\u00e1 de la competencia en s\u00ed, habr\u00e1 actividades recreativas tanto para los m\u00e1s chicos como para los m\u00e1s grandes que se acerquen al evento\u201d.<br \/>\nDe la presentaci\u00f3n, realizada en la sala de conferencia del Centenario, participaron tambi\u00e9n el vicepresidente del Club Sarmiento, Javier Besga; y la y el directivo: Sandra Pucheta y Mart\u00edn Rudaz; la integrante de la Subcomisi\u00f3n de F\u00fatbol, Gabriela Arg\u00fcello; el futbolista del plantel del Federal A, Sergio Sagarzazu; y los entrenadores de las divisiones inferiores, Jos\u00e9 Guastalla, Fabi\u00e1n Pibernus y Lucas Chaparro.<\/p>\n<p>Inscripciones e informaciones<br \/>\nEn la presentaci\u00f3n, las autoridades del Sarmiento informaron que los clubes o instituciones o equipos interesados en participar pueden inscribirse y\/o realizar consultas al email: <a href=\"mailto:sarmientochacofutbolinferiores@gmail.com\">sarmientochacofutbolinferiores@gmail.com<\/a>, o bien a los n\u00fameros de TE 3624-220216 (Gabriela) o 3624-542527 (Mart\u00edn).<\/p>\n<p>\u201cEstamos manejando costos de inscripci\u00f3n bastante bajos, con el objetivo de que el recurso econ\u00f3mico no sea un impedimento mayor para que los chicos se acerquen a competir, jugar y disfrutar\u201d, agreg\u00f3 Rol\u00f3n, quien adem\u00e1s destac\u00f3 como \u201cfundamental\u201d, el acompa\u00f1amiento de la familia de las y los chicos, as\u00ed como el aval, aporte y respaldo de la comisi\u00f3n directiva, profesores, entrenadores y empleados del club. \u201cSin el acompa\u00f1amiento de todas las partes, ser\u00eda muy dificultoso llevar adelante este evento\u201d, finaliz\u00f3.<\/p>\n<p>Amistad, deportes y familia<br \/>\nA su turno, el vicepresidente Javier Besga destac\u00f3 la realizaci\u00f3n del evento. \u201cEl Decanito se realiz\u00f3 en dos ocasiones anteriores a la pandemia por Covid-19 con una gran participaci\u00f3n y resultados muy positivos. Por eso es gratificante y muy importante que en este 2023 se vuelva a retomar el cauce de llevarlo a cabo, porque debe ser instalada como una marca registrada y una tradici\u00f3n para Sarmiento y el f\u00fatbol infantil de la regi\u00f3n\u201d, manifest\u00f3.<\/p>\n<p>Asimismo, Besga resalt\u00f3 el vital trabajo que realizan las subcomisiones \u201cpara darle impulso a cada disciplina deportiva, pero tambi\u00e9n para fomentar cada actividad, como lo es este torneo, promoviendo la amistad, la pr\u00e1ctica de deportes, la competencia sana y saludable y el poder compartir con las familias o seres queridos\u201d, resalt\u00f3.<\/p>\n","protected":false},"excerpt":{"rendered":"<p>El evento, que reunir\u00e1 a ni\u00f1as y ni\u00f1os (de 4 a 12 a\u00f1os de edad) de diferentes clubes y equipos, es organizado por la Subcomisi\u00f3n de F\u00fatbol Infantil del club Decano, desde donde dieron detalles del certamen. \u201cLos equipos ser\u00e1n divididos por categor\u00edas. Por un lado, las y los nacidos en 2012, 2013 y 2014 &hellip;<\/p>\n","protected":false},"author":1,"featured_media":53,"comment_status":"open","ping_status":"open","sticky":false,"template":"","format":"standard","meta":{"footnotes":""},"categories":[5],"tags":[],"class_list":["post-52","post","type-post","status-publish","format-standard","has-post-thumbnail","hentry","category-futbol"],"_links":{"self":[{"href":"https:\/\/www.sportchaco.com.ar\/index.php?rest_route=\/wp\/v2\/posts\/52","targetHints":{"allow":["GET"]}}],"collection":[{"href":"https:\/\/www.sportchaco.com.ar\/index.php?rest_route=\/wp\/v2\/posts"}],"about":[{"href":"https:\/\/www.sportchaco.com.ar\/index.php?rest_route=\/wp\/v2\/types\/post"}],"author":[{"embeddable":true,"href":"https:\/\/www.sportchaco.com.ar\/index.php?rest_route=\/wp\/v2\/users\/1"}],"replies":[{"embeddable":true,"href":"https:\/\/www.sportchaco.com.ar\/index.php?rest_route=%2Fwp%2Fv2%2Fcomments&post=52"}],"version-history":[{"count":1,"href":"https:\/\/www.sportchaco.com.ar\/index.php?rest_route=\/wp\/v2\/posts\/52\/revisions"}],"predecessor-version":[{"id":54,"href":"https:\/\/www.sportchaco.com.ar\/index.php?rest_route=\/wp\/v2\/posts\/52\/revisions\/54"}],"wp:featuredmedia":[{"embeddable":true,"href":"https:\/\/www.sportchaco.com.ar\/index.php?rest_route=\/wp\/v2\/media\/53"}],"wp:attachment":[{"href":"https:\/\/www.sportchaco.com.ar\/index.php?rest_route=%2Fwp%2Fv2%2Fmedia&parent=52"}],"wp:term":[{"taxonomy":"category","embeddable":true,"href":"https:\/\/www.sportchaco.com.ar\/index.php?rest_route=%2Fwp%2Fv2%2Fcategories&post=52"},{"taxonomy":"post_tag","embeddable":true,"href":"https:\/\/www.sportchaco.com.ar\/index.php?rest_route=%2Fwp%2Fv2%2Ftags&post=52"}],"curies":[{"name":"wp","href":"https:\/\/api.w.org\/{rel}","templated":true}]}}