{"id":5204,"date":"2024-01-28T14:54:10","date_gmt":"2024-01-28T17:54:10","guid":{"rendered":"https:\/\/www.sportchaco.com.ar\/?p=5204"},"modified":"2024-01-28T14:54:10","modified_gmt":"2024-01-28T17:54:10","slug":"el-demonio-vargas-en-el-radar-de-sarmiento","status":"publish","type":"post","link":"https:\/\/www.sportchaco.com.ar\/?p=5204","title":{"rendered":"El \u00abdemonio\u00bb Vargas en el radar de Sarmiento"},"content":{"rendered":"<p>Vargas tiene 27 a\u00f1os, sali\u00f3 del Central Norte salte\u00f1o y tuvo pasos por For Ever y Juventud Unida de Gualeguaych\u00fa. Es un delantero que le gusta moverse por las bandas, es veloz y puede jugar suelto por todo el frente de ataque.<\/p>\n<p>El entrenador Ra\u00fal Valdez ya habl\u00f3 con el media punta y le se\u00f1al\u00f3 que quiere contar con \u00e9l para la pr\u00f3xima temporada en el \u00abdecano\u00bb. De no mediar inconvenientes, Vargas arribar\u00eda la semana que viene a Resistencia.<\/p>\n<p>Con Vargas, ser\u00e1n 12 los refuerzos del \u00abdecano\u00bb de cara al campeonato que comenzar\u00e1 el 24 de marzo. Asimismo, est\u00e1 entrenando en Sarmiento el delantero Leonel Niz, nacido en Vilelas, que podr\u00eda ser otra incorporaci\u00f3n para el elenco chaque\u00f1o.<\/p>\n<p>El \u00abaurirrojo\u00bb complet\u00f3 su primera semana de trabajo. La idea del cuerpo t\u00e9cnico comandado por Ra\u00fal Valdez es que el plantel quede 10 puntos desde lo f\u00edsico en las primeras cuatro semanas de preparaci\u00f3n.<\/p>\n","protected":false},"excerpt":{"rendered":"<p>Vargas tiene 27 a\u00f1os, sali\u00f3 del Central Norte salte\u00f1o y tuvo pasos por For Ever y Juventud Unida de Gualeguaych\u00fa. Es un delantero que le gusta moverse por las bandas, es veloz y puede jugar suelto por todo el frente de ataque. El entrenador Ra\u00fal Valdez ya habl\u00f3 con el media punta y le se\u00f1al\u00f3 &hellip;<\/p>\n","protected":false},"author":3,"featured_media":5205,"comment_status":"open","ping_status":"open","sticky":false,"template":"","format":"standard","meta":{"footnotes":""},"categories":[5],"tags":[],"class_list":["post-5204","post","type-post","status-publish","format-standard","has-post-thumbnail","hentry","category-futbol"],"_links":{"self":[{"href":"https:\/\/www.sportchaco.com.ar\/index.php?rest_route=\/wp\/v2\/posts\/5204","targetHints":{"allow":["GET"]}}],"collection":[{"href":"https:\/\/www.sportchaco.com.ar\/index.php?rest_route=\/wp\/v2\/posts"}],"about":[{"href":"https:\/\/www.sportchaco.com.ar\/index.php?rest_route=\/wp\/v2\/types\/post"}],"author":[{"embeddable":true,"href":"https:\/\/www.sportchaco.com.ar\/index.php?rest_route=\/wp\/v2\/users\/3"}],"replies":[{"embeddable":true,"href":"https:\/\/www.sportchaco.com.ar\/index.php?rest_route=%2Fwp%2Fv2%2Fcomments&post=5204"}],"version-history":[{"count":1,"href":"https:\/\/www.sportchaco.com.ar\/index.php?rest_route=\/wp\/v2\/posts\/5204\/revisions"}],"predecessor-version":[{"id":5206,"href":"https:\/\/www.sportchaco.com.ar\/index.php?rest_route=\/wp\/v2\/posts\/5204\/revisions\/5206"}],"wp:featuredmedia":[{"embeddable":true,"href":"https:\/\/www.sportchaco.com.ar\/index.php?rest_route=\/wp\/v2\/media\/5205"}],"wp:attachment":[{"href":"https:\/\/www.sportchaco.com.ar\/index.php?rest_route=%2Fwp%2Fv2%2Fmedia&parent=5204"}],"wp:term":[{"taxonomy":"category","embeddable":true,"href":"https:\/\/www.sportchaco.com.ar\/index.php?rest_route=%2Fwp%2Fv2%2Fcategories&post=5204"},{"taxonomy":"post_tag","embeddable":true,"href":"https:\/\/www.sportchaco.com.ar\/index.php?rest_route=%2Fwp%2Fv2%2Ftags&post=5204"}],"curies":[{"name":"wp","href":"https:\/\/api.w.org\/{rel}","templated":true}]}}