{"id":5262,"date":"2024-01-30T10:28:55","date_gmt":"2024-01-30T13:28:55","guid":{"rendered":"https:\/\/www.sportchaco.com.ar\/?p=5262"},"modified":"2024-01-30T10:28:55","modified_gmt":"2024-01-30T13:28:55","slug":"adultos-mayores-cerraron-colonia-2024","status":"publish","type":"post","link":"https:\/\/www.sportchaco.com.ar\/?p=5262","title":{"rendered":"Adultos mayores cerraron Colonia 2024"},"content":{"rendered":"<p>Se realiz\u00f3 el cierre del \u00faltimo turno de la colonia adultos mayores en las instalaciones del Instituto del Deporte Chaque\u00f1o.<br \/>\nUn trabajo del Gobierno del Chaco llevado a cabo entre el Instituto del Deporte Chaque\u00f1o y el Ministerio de Desarrollo Humano, Subsecretaria de ni\u00f1ez, adolescencia, familia y adultos mayores.<br \/>\nUna ma\u00f1ana \u00fanica que se inici\u00f3 con el arr\u00edo de banderas por parte del Vicepte del IDCH Prof. Gabriel Pellegrini y por parte del Ministerio de Desarrollo humano, el subsecretario de ni\u00f1ez, adolescencia, familia y adultos mayores Fernando Dami\u00e1n Samudio.<br \/>\nLos colonos participaron en juegos, actividades recreativas, pileta, refrigerio y el baile le dieron un marco \u00fanico al cierre.<br \/>\nEl Pte. del IDCH Prof. Fabio V\u00e1zquez \u201cPor indicaci\u00f3n del Sr Gobernador Leandro Zdero, una vez m\u00e1s llevando adelante la colonia adultos mayores, de manera articulada entre Idch , desarrollo humano y tambi\u00e9n el Insssep; hoy cerramos este turno de adultos mayores, y ma\u00f1ana cerramos la colonia de los ni\u00f1os, pero continuaremos en el mes de febrero con las mismas\u201d<br \/>\nLas autoridades presentes agradecieron a los profesores y coordinadores que llevaron adelante el trabajo realizado con respeto y cari\u00f1o hacia nuestros \u201ccolonos adultos mayores\u201d<\/p>\n","protected":false},"excerpt":{"rendered":"<p>Se realiz\u00f3 el cierre del \u00faltimo turno de la colonia adultos mayores en las instalaciones del Instituto del Deporte Chaque\u00f1o. Un trabajo del Gobierno del Chaco llevado a cabo entre el Instituto del Deporte Chaque\u00f1o y el Ministerio de Desarrollo Humano, Subsecretaria de ni\u00f1ez, adolescencia, familia y adultos mayores. Una ma\u00f1ana \u00fanica que se inici\u00f3 &hellip;<\/p>\n","protected":false},"author":2,"featured_media":5263,"comment_status":"open","ping_status":"open","sticky":false,"template":"","format":"standard","meta":{"footnotes":""},"categories":[8,44],"tags":[],"class_list":["post-5262","post","type-post","status-publish","format-standard","has-post-thumbnail","hentry","category-sport-nea","category-varios"],"_links":{"self":[{"href":"https:\/\/www.sportchaco.com.ar\/index.php?rest_route=\/wp\/v2\/posts\/5262","targetHints":{"allow":["GET"]}}],"collection":[{"href":"https:\/\/www.sportchaco.com.ar\/index.php?rest_route=\/wp\/v2\/posts"}],"about":[{"href":"https:\/\/www.sportchaco.com.ar\/index.php?rest_route=\/wp\/v2\/types\/post"}],"author":[{"embeddable":true,"href":"https:\/\/www.sportchaco.com.ar\/index.php?rest_route=\/wp\/v2\/users\/2"}],"replies":[{"embeddable":true,"href":"https:\/\/www.sportchaco.com.ar\/index.php?rest_route=%2Fwp%2Fv2%2Fcomments&post=5262"}],"version-history":[{"count":1,"href":"https:\/\/www.sportchaco.com.ar\/index.php?rest_route=\/wp\/v2\/posts\/5262\/revisions"}],"predecessor-version":[{"id":5264,"href":"https:\/\/www.sportchaco.com.ar\/index.php?rest_route=\/wp\/v2\/posts\/5262\/revisions\/5264"}],"wp:featuredmedia":[{"embeddable":true,"href":"https:\/\/www.sportchaco.com.ar\/index.php?rest_route=\/wp\/v2\/media\/5263"}],"wp:attachment":[{"href":"https:\/\/www.sportchaco.com.ar\/index.php?rest_route=%2Fwp%2Fv2%2Fmedia&parent=5262"}],"wp:term":[{"taxonomy":"category","embeddable":true,"href":"https:\/\/www.sportchaco.com.ar\/index.php?rest_route=%2Fwp%2Fv2%2Fcategories&post=5262"},{"taxonomy":"post_tag","embeddable":true,"href":"https:\/\/www.sportchaco.com.ar\/index.php?rest_route=%2Fwp%2Fv2%2Ftags&post=5262"}],"curies":[{"name":"wp","href":"https:\/\/api.w.org\/{rel}","templated":true}]}}