{"id":5292,"date":"2024-01-30T23:06:46","date_gmt":"2024-01-31T02:06:46","guid":{"rendered":"https:\/\/www.sportchaco.com.ar\/?p=5292"},"modified":"2024-01-30T23:06:46","modified_gmt":"2024-01-31T02:06:46","slug":"evento-solidario-de-exjugadores","status":"publish","type":"post","link":"https:\/\/www.sportchaco.com.ar\/?p=5292","title":{"rendered":"Evento solidario de exjugadores"},"content":{"rendered":"<div class=\"xdj266r x11i5rnm xat24cr x1mh8g0r x1vvkbs x126k92a\">\n<div dir=\"auto\"><\/div>\n<\/div>\n<div class=\"x11i5rnm xat24cr x1mh8g0r x1vvkbs xtlvy1s x126k92a\">\n<div dir=\"auto\">Ex jugadores de Chaco For Ever y Sarmiento se encuentran organizando un encuentro deportivo para colaborar con el ex futbolista N\u00e9stor Anchava que atraviesa un momento delicado de salud.<\/div>\n<div dir=\"auto\">Sera este s\u00e1bado 3 de febrero a partir de las 17.30 hs., en el estadio Centenario, donde se ubicara una urna para que los presentes puedan ayudar con lo que puedan.<\/div>\n<div dir=\"auto\">Ademas del Albinegro y el Decano tambi\u00e9n participaran Don Orione, Central Norte, San Fernando, Defensores de Vilelas, un equipo de Makall\u00e9 y varios conjuntos de la liga de veteranos. Acompa\u00f1emos esta obra de bien. Del Face de Inocencio Gonz\u00e1lez.<\/div>\n<\/div>\n<div dir=\"auto\"><\/div>\n<h3 dir=\"auto\">Foto de N\u00e9stor Anchava<\/h3>\n","protected":false},"excerpt":{"rendered":"<p>Ex jugadores de Chaco For Ever y Sarmiento se encuentran organizando un encuentro deportivo para colaborar con el ex futbolista N\u00e9stor Anchava que atraviesa un momento delicado de salud. Sera este s\u00e1bado 3 de febrero a partir de las 17.30 hs., en el estadio Centenario, donde se ubicara una urna para que los presentes puedan &hellip;<\/p>\n","protected":false},"author":2,"featured_media":5293,"comment_status":"open","ping_status":"open","sticky":false,"template":"","format":"standard","meta":{"footnotes":""},"categories":[1,44],"tags":[],"class_list":["post-5292","post","type-post","status-publish","format-standard","has-post-thumbnail","hentry","category-fotos-del-recuerdo","category-varios"],"_links":{"self":[{"href":"https:\/\/www.sportchaco.com.ar\/index.php?rest_route=\/wp\/v2\/posts\/5292","targetHints":{"allow":["GET"]}}],"collection":[{"href":"https:\/\/www.sportchaco.com.ar\/index.php?rest_route=\/wp\/v2\/posts"}],"about":[{"href":"https:\/\/www.sportchaco.com.ar\/index.php?rest_route=\/wp\/v2\/types\/post"}],"author":[{"embeddable":true,"href":"https:\/\/www.sportchaco.com.ar\/index.php?rest_route=\/wp\/v2\/users\/2"}],"replies":[{"embeddable":true,"href":"https:\/\/www.sportchaco.com.ar\/index.php?rest_route=%2Fwp%2Fv2%2Fcomments&post=5292"}],"version-history":[{"count":1,"href":"https:\/\/www.sportchaco.com.ar\/index.php?rest_route=\/wp\/v2\/posts\/5292\/revisions"}],"predecessor-version":[{"id":5294,"href":"https:\/\/www.sportchaco.com.ar\/index.php?rest_route=\/wp\/v2\/posts\/5292\/revisions\/5294"}],"wp:featuredmedia":[{"embeddable":true,"href":"https:\/\/www.sportchaco.com.ar\/index.php?rest_route=\/wp\/v2\/media\/5293"}],"wp:attachment":[{"href":"https:\/\/www.sportchaco.com.ar\/index.php?rest_route=%2Fwp%2Fv2%2Fmedia&parent=5292"}],"wp:term":[{"taxonomy":"category","embeddable":true,"href":"https:\/\/www.sportchaco.com.ar\/index.php?rest_route=%2Fwp%2Fv2%2Fcategories&post=5292"},{"taxonomy":"post_tag","embeddable":true,"href":"https:\/\/www.sportchaco.com.ar\/index.php?rest_route=%2Fwp%2Fv2%2Ftags&post=5292"}],"curies":[{"name":"wp","href":"https:\/\/api.w.org\/{rel}","templated":true}]}}