{"id":5328,"date":"2024-02-01T08:16:15","date_gmt":"2024-02-01T11:16:15","guid":{"rendered":"https:\/\/www.sportchaco.com.ar\/?p=5328"},"modified":"2024-03-11T10:41:41","modified_gmt":"2024-03-11T13:41:41","slug":"mario-valenzuela-regreso-a-villa-alvear","status":"publish","type":"post","link":"https:\/\/www.sportchaco.com.ar\/?p=5328","title":{"rendered":"Mario Valenzuela regres\u00f3 a Villa Alvear"},"content":{"rendered":"<p>01-02-2024<\/p>\n<p>Villa Alvear tiene nuevo DT para encarar el a\u00f1o liguista 2024. Se trata nada m\u00e1s ni nada menos que Mario Valenzuela que tendr\u00e1 su segundo ciclo como entrenador del CAVA.<\/p>\n<p>Valenzuela estuvo en el a\u00f1o 2020 cuando el \u00abfunebrero\u00bb se armaba para competir en el Regional Amateur. En esta ocasi\u00f3n estar\u00e1 acompa\u00f1ado por Enzo Alsina y Fernando \u201cPomelo\u201d Melgratti.<\/p>\n<p>La llegada del del entrenador se da luego del torneo dirigido por Oscar S\u00e1nchez quien reemplaz\u00f3 en el banco a Sebasti\u00e1n Guti\u00e9rrez.<\/p>\n<p><img loading=\"lazy\" decoding=\"async\" class=\"alignnone  wp-image-6573 aligncenter\" src=\"https:\/\/www.sportchaco.com.ar\/wp-content\/uploads\/2024\/03\/AVISO1-1-300x50.jpeg\" alt=\"\" width=\"474\" height=\"79\" srcset=\"https:\/\/www.sportchaco.com.ar\/wp-content\/uploads\/2024\/03\/AVISO1-1-300x50.jpeg 300w, https:\/\/www.sportchaco.com.ar\/wp-content\/uploads\/2024\/03\/AVISO1-1-1024x171.jpeg 1024w, https:\/\/www.sportchaco.com.ar\/wp-content\/uploads\/2024\/03\/AVISO1-1-768x129.jpeg 768w, https:\/\/www.sportchaco.com.ar\/wp-content\/uploads\/2024\/03\/AVISO1-1.jpeg 1201w\" sizes=\"auto, (max-width: 474px) 100vw, 474px\" \/><\/p>\n<p>Cabe recordar que Mario Valenzuela dirigi\u00f3 en Resistencia Central y Fontana, adem\u00e1s estuvo integrando cuerpos t\u00e9cnicos en Estudiantes (Liga Chaque\u00f1a), en For Ever (Primera Nacional) y Mandiy\u00fa de Corrientes (Regional Amateur).<\/p>\n","protected":false},"excerpt":{"rendered":"<p>01-02-2024 Villa Alvear tiene nuevo DT para encarar el a\u00f1o liguista 2024. Se trata nada m\u00e1s ni nada menos que Mario Valenzuela que tendr\u00e1 su segundo ciclo como entrenador del CAVA. Valenzuela estuvo en el a\u00f1o 2020 cuando el \u00abfunebrero\u00bb se armaba para competir en el Regional Amateur. En esta ocasi\u00f3n estar\u00e1 acompa\u00f1ado por Enzo &hellip;<\/p>\n","protected":false},"author":3,"featured_media":5329,"comment_status":"open","ping_status":"open","sticky":false,"template":"","format":"standard","meta":{"footnotes":""},"categories":[5],"tags":[],"class_list":["post-5328","post","type-post","status-publish","format-standard","has-post-thumbnail","hentry","category-futbol"],"_links":{"self":[{"href":"https:\/\/www.sportchaco.com.ar\/index.php?rest_route=\/wp\/v2\/posts\/5328","targetHints":{"allow":["GET"]}}],"collection":[{"href":"https:\/\/www.sportchaco.com.ar\/index.php?rest_route=\/wp\/v2\/posts"}],"about":[{"href":"https:\/\/www.sportchaco.com.ar\/index.php?rest_route=\/wp\/v2\/types\/post"}],"author":[{"embeddable":true,"href":"https:\/\/www.sportchaco.com.ar\/index.php?rest_route=\/wp\/v2\/users\/3"}],"replies":[{"embeddable":true,"href":"https:\/\/www.sportchaco.com.ar\/index.php?rest_route=%2Fwp%2Fv2%2Fcomments&post=5328"}],"version-history":[{"count":2,"href":"https:\/\/www.sportchaco.com.ar\/index.php?rest_route=\/wp\/v2\/posts\/5328\/revisions"}],"predecessor-version":[{"id":6761,"href":"https:\/\/www.sportchaco.com.ar\/index.php?rest_route=\/wp\/v2\/posts\/5328\/revisions\/6761"}],"wp:featuredmedia":[{"embeddable":true,"href":"https:\/\/www.sportchaco.com.ar\/index.php?rest_route=\/wp\/v2\/media\/5329"}],"wp:attachment":[{"href":"https:\/\/www.sportchaco.com.ar\/index.php?rest_route=%2Fwp%2Fv2%2Fmedia&parent=5328"}],"wp:term":[{"taxonomy":"category","embeddable":true,"href":"https:\/\/www.sportchaco.com.ar\/index.php?rest_route=%2Fwp%2Fv2%2Fcategories&post=5328"},{"taxonomy":"post_tag","embeddable":true,"href":"https:\/\/www.sportchaco.com.ar\/index.php?rest_route=%2Fwp%2Fv2%2Ftags&post=5328"}],"curies":[{"name":"wp","href":"https:\/\/api.w.org\/{rel}","templated":true}]}}