{"id":5343,"date":"2024-02-01T21:37:01","date_gmt":"2024-02-02T00:37:01","guid":{"rendered":"https:\/\/www.sportchaco.com.ar\/?p=5343"},"modified":"2024-02-01T21:37:01","modified_gmt":"2024-02-02T00:37:01","slug":"for-ever-presento-a-sus-refuerzos-y-la-indumentaria-para-este-campeonato","status":"publish","type":"post","link":"https:\/\/www.sportchaco.com.ar\/?p=5343","title":{"rendered":"For Ever present\u00f3 a sus refuerzos y la indumentaria para este campeonato"},"content":{"rendered":"<p>D\u00edas separan a For Ever de su debut en la temporada 2024 de la Primera Nacional. Ser\u00e1 el pr\u00f3ximo domingo, cuando se enfrente en Salta a Gimnasia y Tiro a partir de las 17 horas.<\/p>\n<p>Mientras el plantel ajusta los \u00faltimos detalles antes de su viaje, la instituci\u00f3n en conjunto con la marca que viste al equipo realizaron una conferencia de prensa en la cual presentaron la indumentaria para esta temporada.<\/p>\n<p>Con varios de sus actuales futbolistas profesionales y los 22 refuerzos adquiridos, en la presentaci\u00f3n se pudo observar todos los modelos de camisetas que tendr\u00e1 el club para este 2024. La tradicional blanca y negra, la alternativa de color blanco y una suplente m\u00e1s totalmente negra, adem\u00e1s de la ropa de los arqueros.<\/p>\n","protected":false},"excerpt":{"rendered":"<p>D\u00edas separan a For Ever de su debut en la temporada 2024 de la Primera Nacional. Ser\u00e1 el pr\u00f3ximo domingo, cuando se enfrente en Salta a Gimnasia y Tiro a partir de las 17 horas. Mientras el plantel ajusta los \u00faltimos detalles antes de su viaje, la instituci\u00f3n en conjunto con la marca que viste &hellip;<\/p>\n","protected":false},"author":3,"featured_media":5344,"comment_status":"open","ping_status":"open","sticky":false,"template":"","format":"standard","meta":{"footnotes":""},"categories":[5],"tags":[],"class_list":["post-5343","post","type-post","status-publish","format-standard","has-post-thumbnail","hentry","category-futbol"],"_links":{"self":[{"href":"https:\/\/www.sportchaco.com.ar\/index.php?rest_route=\/wp\/v2\/posts\/5343","targetHints":{"allow":["GET"]}}],"collection":[{"href":"https:\/\/www.sportchaco.com.ar\/index.php?rest_route=\/wp\/v2\/posts"}],"about":[{"href":"https:\/\/www.sportchaco.com.ar\/index.php?rest_route=\/wp\/v2\/types\/post"}],"author":[{"embeddable":true,"href":"https:\/\/www.sportchaco.com.ar\/index.php?rest_route=\/wp\/v2\/users\/3"}],"replies":[{"embeddable":true,"href":"https:\/\/www.sportchaco.com.ar\/index.php?rest_route=%2Fwp%2Fv2%2Fcomments&post=5343"}],"version-history":[{"count":1,"href":"https:\/\/www.sportchaco.com.ar\/index.php?rest_route=\/wp\/v2\/posts\/5343\/revisions"}],"predecessor-version":[{"id":5345,"href":"https:\/\/www.sportchaco.com.ar\/index.php?rest_route=\/wp\/v2\/posts\/5343\/revisions\/5345"}],"wp:featuredmedia":[{"embeddable":true,"href":"https:\/\/www.sportchaco.com.ar\/index.php?rest_route=\/wp\/v2\/media\/5344"}],"wp:attachment":[{"href":"https:\/\/www.sportchaco.com.ar\/index.php?rest_route=%2Fwp%2Fv2%2Fmedia&parent=5343"}],"wp:term":[{"taxonomy":"category","embeddable":true,"href":"https:\/\/www.sportchaco.com.ar\/index.php?rest_route=%2Fwp%2Fv2%2Fcategories&post=5343"},{"taxonomy":"post_tag","embeddable":true,"href":"https:\/\/www.sportchaco.com.ar\/index.php?rest_route=%2Fwp%2Fv2%2Ftags&post=5343"}],"curies":[{"name":"wp","href":"https:\/\/api.w.org\/{rel}","templated":true}]}}