{"id":5349,"date":"2024-02-02T08:33:44","date_gmt":"2024-02-02T11:33:44","guid":{"rendered":"https:\/\/www.sportchaco.com.ar\/?p=5349"},"modified":"2024-03-11T10:45:03","modified_gmt":"2024-03-11T13:45:03","slug":"defensores-se-quedo-sin-dt-y-cuerpo-tecnico","status":"publish","type":"post","link":"https:\/\/www.sportchaco.com.ar\/?p=5349","title":{"rendered":"Defensores se qued\u00f3 sin DT y cuerpo t\u00e9cnico"},"content":{"rendered":"<p>02-02-2024<\/p>\n<p>Defensores es otro de los equipos que decide cambiar para el 2024. Lo cierto es que el equipo de Puerto Vilelas anunci\u00f3 la salida de su entrenador Rolando Ricardone y de su preparador f\u00edsico Fabi\u00e1n Maffei.<\/p>\n<p>El ex entrenador de Crucero del Norte (Federal A) y El Nacional (Liga Chaque\u00f1a) estuvo a cargo de el \u00abverde\u00bb durante un a\u00f1o tras su llegado en enero del 2023.<\/p>\n<p><img loading=\"lazy\" decoding=\"async\" class=\"alignnone size-medium wp-image-6497 aligncenter\" src=\"https:\/\/www.sportchaco.com.ar\/wp-content\/uploads\/2024\/03\/Feb-1-1-300x250.jpeg\" alt=\"\" width=\"300\" height=\"250\" srcset=\"https:\/\/www.sportchaco.com.ar\/wp-content\/uploads\/2024\/03\/Feb-1-1-300x250.jpeg 300w, https:\/\/www.sportchaco.com.ar\/wp-content\/uploads\/2024\/03\/Feb-1-1-1024x854.jpeg 1024w, https:\/\/www.sportchaco.com.ar\/wp-content\/uploads\/2024\/03\/Feb-1-1-768x640.jpeg 768w, https:\/\/www.sportchaco.com.ar\/wp-content\/uploads\/2024\/03\/Feb-1-1.jpeg 1250w\" sizes=\"auto, (max-width: 300px) 100vw, 300px\" \/><\/p>\n<p>Ahora el conjunto portuario buscar\u00e1 un nuevo entrenador para su primer equipo y empezar a diagramar la pretemporada para afrontar los torneos de la Liga Chaque\u00f1a de F\u00fatbol.<\/p>\n","protected":false},"excerpt":{"rendered":"<p>02-02-2024 Defensores es otro de los equipos que decide cambiar para el 2024. Lo cierto es que el equipo de Puerto Vilelas anunci\u00f3 la salida de su entrenador Rolando Ricardone y de su preparador f\u00edsico Fabi\u00e1n Maffei. El ex entrenador de Crucero del Norte (Federal A) y El Nacional (Liga Chaque\u00f1a) estuvo a cargo de &hellip;<\/p>\n","protected":false},"author":3,"featured_media":5350,"comment_status":"open","ping_status":"open","sticky":false,"template":"","format":"standard","meta":{"footnotes":""},"categories":[5],"tags":[],"class_list":["post-5349","post","type-post","status-publish","format-standard","has-post-thumbnail","hentry","category-futbol"],"_links":{"self":[{"href":"https:\/\/www.sportchaco.com.ar\/index.php?rest_route=\/wp\/v2\/posts\/5349","targetHints":{"allow":["GET"]}}],"collection":[{"href":"https:\/\/www.sportchaco.com.ar\/index.php?rest_route=\/wp\/v2\/posts"}],"about":[{"href":"https:\/\/www.sportchaco.com.ar\/index.php?rest_route=\/wp\/v2\/types\/post"}],"author":[{"embeddable":true,"href":"https:\/\/www.sportchaco.com.ar\/index.php?rest_route=\/wp\/v2\/users\/3"}],"replies":[{"embeddable":true,"href":"https:\/\/www.sportchaco.com.ar\/index.php?rest_route=%2Fwp%2Fv2%2Fcomments&post=5349"}],"version-history":[{"count":2,"href":"https:\/\/www.sportchaco.com.ar\/index.php?rest_route=\/wp\/v2\/posts\/5349\/revisions"}],"predecessor-version":[{"id":6764,"href":"https:\/\/www.sportchaco.com.ar\/index.php?rest_route=\/wp\/v2\/posts\/5349\/revisions\/6764"}],"wp:featuredmedia":[{"embeddable":true,"href":"https:\/\/www.sportchaco.com.ar\/index.php?rest_route=\/wp\/v2\/media\/5350"}],"wp:attachment":[{"href":"https:\/\/www.sportchaco.com.ar\/index.php?rest_route=%2Fwp%2Fv2%2Fmedia&parent=5349"}],"wp:term":[{"taxonomy":"category","embeddable":true,"href":"https:\/\/www.sportchaco.com.ar\/index.php?rest_route=%2Fwp%2Fv2%2Fcategories&post=5349"},{"taxonomy":"post_tag","embeddable":true,"href":"https:\/\/www.sportchaco.com.ar\/index.php?rest_route=%2Fwp%2Fv2%2Ftags&post=5349"}],"curies":[{"name":"wp","href":"https:\/\/api.w.org\/{rel}","templated":true}]}}