{"id":5371,"date":"2024-02-02T22:40:24","date_gmt":"2024-02-03T01:40:24","guid":{"rendered":"https:\/\/www.sportchaco.com.ar\/?p=5371"},"modified":"2024-02-02T22:40:24","modified_gmt":"2024-02-03T01:40:24","slug":"alejo-veliz-fue-presentado-como-nuevo-jugador-del-sevilla","status":"publish","type":"post","link":"https:\/\/www.sportchaco.com.ar\/?p=5371","title":{"rendered":"Alejo V\u00e9liz fue presentado como nuevo jugador del Sevilla"},"content":{"rendered":"<p id=\"titulo_cable\" class=\"title\">\n<div id=\"div_cuerpo\" class=\"content cable-content\">El delantero argentino Alejo V\u00e9liz fue presentado hoy como nuevo jugador del Sevilla de Espa\u00f1a, donde firm\u00f3 contrato hasta el final de la temporada.<\/p>\n<p>El ex Rosario Central, llega procedente del Tottenham, a pr\u00e9stamo por seis meses y sin opci\u00f3n de compra.<\/p>\n<p>Luego de superar la revisi\u00f3n m\u00e9dica y tras su respectiva firma, hoy V\u00e9liz cumpli\u00f3 con su primera pr\u00e1ctica como jugador del conjunto andaluz, aunque trabaj\u00f3 de manera diferenciada porque se encuentra en el tramo final de la recuperaci\u00f3n de una lesi\u00f3n en el ligamento externo de la pierna derecha, que sufri\u00f3 en diciembre pasado.<\/p>\n<p>Si bien inicialmente se esperaba un tiempo de inactividad mayor, finalmente el grado de la lesi\u00f3n era menor del informado inicialmente, por lo que el futbolista ya estar\u00eda en condiciones de volver. Y, tal como comunic\u00f3 hoy Sevilla, la pr\u00f3xima semana se incorporar\u00e1 a las pr\u00e1cticas junto al resto del plantel.<\/p>\n<p>\u00abEstoy encantado con la instituci\u00f3n, con el presidente y con los que confiaron en m\u00ed. Vengo a aportar lo mejor de mi desde donde me toque y dar lo mejor por el club. Hace dos semanas que vengo entrenando bien con la pelota y la pr\u00f3xima semana me incorporar\u00eda con el grupo para estar a disposici\u00f3n del entrenador\u00bb, asegur\u00f3 V\u00e9liz en su presentaci\u00f3n ante la prensa.<\/p>\n<p>Sobre su llegada al conjunto andaluz, el futbolista que viene de disputar ocho partidos oficiales en Tottenham y de marcar un gol, detall\u00f3: \u00abCuando mi representante me comunic\u00f3 la opci\u00f3n del Sevilla le dije que se hiciera todo para que se haga, porque es un club enorme y creo que lo voy a disfrutar al m\u00e1ximo\u00bb. \u00abHabl\u00e9 con el entrenador y estoy muy contento. Luego depender\u00e1 de m\u00ed para, con una competencia sana, dar lo mejor y tratar de ganarme el lugar y demostrarlo en la cancha\u00bb, agreg\u00f3.<\/p>\n<p>V\u00e9liz se suma a un Sevilla que no est\u00e1 pasando por un buen momento en la Liga espa\u00f1ola. El equipo dirigido por Quique S\u00e1nchez Flores, que tiene a los argentinos Marcos Acu\u00f1a, Erik Lamela y Lucas Ocampos en el plantel, marcha 16to. en el campeonato, a s\u00f3lo una unidad de C\u00e1diz, el \u00faltimo y que hoy estar\u00eda perdiendo la categor\u00eda.<\/p><\/div>\n<div><\/div>\n<h4><\/h4>\n<h4>Foto de Alejo Veliz, presentado como nuevo jugador del Sevilla de Espa\u00f1a<\/h4>\n","protected":false},"excerpt":{"rendered":"<p>El delantero argentino Alejo V\u00e9liz fue presentado hoy como nuevo jugador del Sevilla de Espa\u00f1a, donde firm\u00f3 contrato hasta el final de la temporada. El ex Rosario Central, llega procedente del Tottenham, a pr\u00e9stamo por seis meses y sin opci\u00f3n de compra. Luego de superar la revisi\u00f3n m\u00e9dica y tras su respectiva firma, hoy V\u00e9liz &hellip;<\/p>\n","protected":false},"author":2,"featured_media":5372,"comment_status":"open","ping_status":"open","sticky":false,"template":"","format":"standard","meta":{"footnotes":""},"categories":[6],"tags":[],"class_list":["post-5371","post","type-post","status-publish","format-standard","has-post-thumbnail","hentry","category-internacionales"],"_links":{"self":[{"href":"https:\/\/www.sportchaco.com.ar\/index.php?rest_route=\/wp\/v2\/posts\/5371","targetHints":{"allow":["GET"]}}],"collection":[{"href":"https:\/\/www.sportchaco.com.ar\/index.php?rest_route=\/wp\/v2\/posts"}],"about":[{"href":"https:\/\/www.sportchaco.com.ar\/index.php?rest_route=\/wp\/v2\/types\/post"}],"author":[{"embeddable":true,"href":"https:\/\/www.sportchaco.com.ar\/index.php?rest_route=\/wp\/v2\/users\/2"}],"replies":[{"embeddable":true,"href":"https:\/\/www.sportchaco.com.ar\/index.php?rest_route=%2Fwp%2Fv2%2Fcomments&post=5371"}],"version-history":[{"count":1,"href":"https:\/\/www.sportchaco.com.ar\/index.php?rest_route=\/wp\/v2\/posts\/5371\/revisions"}],"predecessor-version":[{"id":5373,"href":"https:\/\/www.sportchaco.com.ar\/index.php?rest_route=\/wp\/v2\/posts\/5371\/revisions\/5373"}],"wp:featuredmedia":[{"embeddable":true,"href":"https:\/\/www.sportchaco.com.ar\/index.php?rest_route=\/wp\/v2\/media\/5372"}],"wp:attachment":[{"href":"https:\/\/www.sportchaco.com.ar\/index.php?rest_route=%2Fwp%2Fv2%2Fmedia&parent=5371"}],"wp:term":[{"taxonomy":"category","embeddable":true,"href":"https:\/\/www.sportchaco.com.ar\/index.php?rest_route=%2Fwp%2Fv2%2Fcategories&post=5371"},{"taxonomy":"post_tag","embeddable":true,"href":"https:\/\/www.sportchaco.com.ar\/index.php?rest_route=%2Fwp%2Fv2%2Ftags&post=5371"}],"curies":[{"name":"wp","href":"https:\/\/api.w.org\/{rel}","templated":true}]}}