{"id":5382,"date":"2024-02-03T08:32:09","date_gmt":"2024-02-03T11:32:09","guid":{"rendered":"https:\/\/www.sportchaco.com.ar\/?p=5382"},"modified":"2024-03-11T10:48:01","modified_gmt":"2024-03-11T13:48:01","slug":"joselo-fernandez-dejo-de-ser-el-dt-de-resistencia-central","status":"publish","type":"post","link":"https:\/\/www.sportchaco.com.ar\/?p=5382","title":{"rendered":"\u00abJoselo\u00bb Fern\u00e1ndez dej\u00f3 de ser el DT de Resistencia Central"},"content":{"rendered":"<p>03-02-2024<\/p>\n<p>La dirigencia de Resistencia Central se reuni\u00f3 con Jos\u00e9 Manuel Fern\u00e1ndez luego de lo que fue la temporada 2024, la cual finaliz\u00f3 con un t\u00edtulo y una buena campa\u00f1a en el Regional Amateur, y decidieron ponerle fin al ciclo.<\/p>\n<p>Dicha reuni\u00f3n de dio en buenos t\u00e9rminos e incluso qued\u00f3 buena relaci\u00f3n entre las partes por si en un futuro se vuelven a cruzar.<\/p>\n<p>De esta manera se cerr\u00f3 la cuarta etapa de Fern\u00e1ndez como DT del \u00abalbo\u00bb con el cual supo ser campe\u00f3n en reiteradas ocasiones y consigui\u00f3 un ascenso.<\/p>\n<p>\u00abJoselo\u00bb lleg\u00f3 al \u00abResi\u00bb Central por primera vez en 2012 donde consigui\u00f3 el torneo Apertura y Oficial de la Liga Chaque\u00f1a. Al a\u00f1o siguiente, en Corrientes y ante Curupay, consigui\u00f3 el ascenso al viejo Argentino \u201cB\u201d.<\/p>\n<p>En octubre de 2014, en su segundo ciclo en Resistencia Central lo llev\u00f3 a las semifinales del Federal \u201cB\u201d (2014\/15) y a los cuartos de final (2015) y, adem\u00e1s, logr\u00f3 que el \u201calbo\u201d se consagre campe\u00f3n del torneo Oficial 2015 de la Liga Chaque\u00f1a de F\u00fatbol.<\/p>\n<p><img loading=\"lazy\" decoding=\"async\" class=\"alignnone size-medium wp-image-6745 aligncenter\" src=\"https:\/\/www.sportchaco.com.ar\/wp-content\/uploads\/2024\/02\/aVISO-4-1-240x300.jpeg\" alt=\"\" width=\"240\" height=\"300\" srcset=\"https:\/\/www.sportchaco.com.ar\/wp-content\/uploads\/2024\/02\/aVISO-4-1-240x300.jpeg 240w, https:\/\/www.sportchaco.com.ar\/wp-content\/uploads\/2024\/02\/aVISO-4-1-819x1024.jpeg 819w, https:\/\/www.sportchaco.com.ar\/wp-content\/uploads\/2024\/02\/aVISO-4-1-768x960.jpeg 768w, https:\/\/www.sportchaco.com.ar\/wp-content\/uploads\/2024\/02\/aVISO-4-1.jpeg 1080w\" sizes=\"auto, (max-width: 240px) 100vw, 240px\" \/><\/p>\n<p>En su tercer periodo como DT en Villa Mar\u00edn en el a\u00f1o 2017 solo estuvo al frente de \u201cResi\u201d en el torneo Federal \u00abB\u00bb, ya que en la Liga Chaque\u00f1a el entrenador era Christian Talabera.<\/p>\n<p>Ahora se va dejando su cuarta etapa en \u00abResi\u00bb donde obtuvo el torneo Federativo 2023 y lleg\u00f3 a las semifinales del Regional Amateur, cayendo por penales en la definici\u00f3n ante Defensores de Formosa.<\/p>\n","protected":false},"excerpt":{"rendered":"<p>03-02-2024 La dirigencia de Resistencia Central se reuni\u00f3 con Jos\u00e9 Manuel Fern\u00e1ndez luego de lo que fue la temporada 2024, la cual finaliz\u00f3 con un t\u00edtulo y una buena campa\u00f1a en el Regional Amateur, y decidieron ponerle fin al ciclo. Dicha reuni\u00f3n de dio en buenos t\u00e9rminos e incluso qued\u00f3 buena relaci\u00f3n entre las partes &hellip;<\/p>\n","protected":false},"author":3,"featured_media":5383,"comment_status":"open","ping_status":"open","sticky":false,"template":"","format":"standard","meta":{"footnotes":""},"categories":[5],"tags":[],"class_list":["post-5382","post","type-post","status-publish","format-standard","has-post-thumbnail","hentry","category-futbol"],"_links":{"self":[{"href":"https:\/\/www.sportchaco.com.ar\/index.php?rest_route=\/wp\/v2\/posts\/5382","targetHints":{"allow":["GET"]}}],"collection":[{"href":"https:\/\/www.sportchaco.com.ar\/index.php?rest_route=\/wp\/v2\/posts"}],"about":[{"href":"https:\/\/www.sportchaco.com.ar\/index.php?rest_route=\/wp\/v2\/types\/post"}],"author":[{"embeddable":true,"href":"https:\/\/www.sportchaco.com.ar\/index.php?rest_route=\/wp\/v2\/users\/3"}],"replies":[{"embeddable":true,"href":"https:\/\/www.sportchaco.com.ar\/index.php?rest_route=%2Fwp%2Fv2%2Fcomments&post=5382"}],"version-history":[{"count":3,"href":"https:\/\/www.sportchaco.com.ar\/index.php?rest_route=\/wp\/v2\/posts\/5382\/revisions"}],"predecessor-version":[{"id":6766,"href":"https:\/\/www.sportchaco.com.ar\/index.php?rest_route=\/wp\/v2\/posts\/5382\/revisions\/6766"}],"wp:featuredmedia":[{"embeddable":true,"href":"https:\/\/www.sportchaco.com.ar\/index.php?rest_route=\/wp\/v2\/media\/5383"}],"wp:attachment":[{"href":"https:\/\/www.sportchaco.com.ar\/index.php?rest_route=%2Fwp%2Fv2%2Fmedia&parent=5382"}],"wp:term":[{"taxonomy":"category","embeddable":true,"href":"https:\/\/www.sportchaco.com.ar\/index.php?rest_route=%2Fwp%2Fv2%2Fcategories&post=5382"},{"taxonomy":"post_tag","embeddable":true,"href":"https:\/\/www.sportchaco.com.ar\/index.php?rest_route=%2Fwp%2Fv2%2Ftags&post=5382"}],"curies":[{"name":"wp","href":"https:\/\/api.w.org\/{rel}","templated":true}]}}