{"id":5388,"date":"2024-02-03T07:59:08","date_gmt":"2024-02-03T10:59:08","guid":{"rendered":"https:\/\/www.sportchaco.com.ar\/?p=5388"},"modified":"2024-02-03T03:05:40","modified_gmt":"2024-02-03T06:05:40","slug":"cune-arranco-con-sus-trabajos-de-pretemporada-para-el-2024","status":"publish","type":"post","link":"https:\/\/www.sportchaco.com.ar\/?p=5388","title":{"rendered":"Cune arranc\u00f3 con sus trabajos de pretemporada para el 2024"},"content":{"rendered":"<p>En el marco del arranque de este 2024, el Club Universitario del Nordeste (Cune) vuelve a presentar un gran caudal de chicos, desde el minib\u00e1squet hasta las formativas y por supuesto con la Primera como frutilla del postre buscando continuar creciendo y posicion\u00e1ndose en el b\u00e1squet provincial. Asimismo, la instituci\u00f3n ofrece una gran infraestructura, con canchas auxiliares, siendo realmente una gran propuesta para el b\u00e1squet capitalino. El staff de entrenadores est\u00e1 conformado por: Marcos Greatti, Manuel R\u00edos, Walter Bravo y Sergio Almir\u00f3n en la parte f\u00edsica.<\/p>\n<p>En este marco, el coordinador del b\u00e1squet de Cune, Santiago Acu\u00f1a, analiz\u00f3 el comienzo de este 2024 y del proyecto que se lleva adelante en el club, donde obviamente \u201clas expectativas son las mejores, la idea es seguir haciendo b\u00e1squet, formar personas y jugadores y haciendo que cada chico llegue a una mejor preparaci\u00f3n f\u00edsica \u2013 t\u00e1ctica\u201d<\/p>\n<p>\u201cPudimos armar un staff nuevo de entrenadores, sum\u00e1ndose Marcos Greatti y Walter Bravo\u201d, remarcando a su vez que \u201ca nivel instituci\u00f3n, la dirigencia jamas exigieron resultados, pero siempre queremos lo mejor, ya que la idea fue siempre empezar a meternos como club de b\u00e1squet y estar entre los mejores; vamos por ese camino.<\/p>\n<p>En cuanto a la importancia de la categor\u00eda Primera, el \u201cPollo\u201d Acu\u00f1a fue muy claro sobre la forma o manera de trabajar y lo que se tiene en cuenta no solo para este a\u00f1o, sino en la l\u00ednea de trabajo. \u201cLa idea es mantener la base, un trabajo de mucha paciencia, donde el a\u00f1o pasado hubo chicos que por primera vez jugaron un Pre \u2013 Federal, pero tambi\u00e9n, por suerte, contamos con la experiencia de Osvaldo Ameri para guiar y ayudar al equipo\u201d, resaltando adem\u00e1s que \u201cme gusta trabajar mucho con los chicos, el a\u00f1o pasado se afianzaron Julio Flores y Lucas Alcar\u00e1z, donde todo esto a uno lo pone muy contento\u201d.<\/p>\n<p>\u201cLos objetivos son claros desde el inicio : llegar lo m\u00e1s alto posible, jugar las cuatro categor\u00edas en formativas y Primera y el Pre \u2013 Federal de Primera; sabemos que la situaci\u00f3n econ\u00f3mica est\u00e1 muy dif\u00edcil, pero trabajaremos para lograr los objetivos\u201d, finaliz\u00f3 Santiago Acu\u00f1a.<\/p>\n<p><strong>\u201cLo fundamental, es el desarrollo del chico\u201d<br \/>\n<\/strong>A su turno, el flamante entrenador de Cune, Marcos Greatti, quien este a\u00f1o tendr\u00e1 la responsabilidad de conducir las categor\u00edas U17, U21 y Primera, dio sus primeras sensaciones sobre este nuevo desaf\u00edo que asumi\u00f3 hace muy pocos d\u00edas. \u201cMe encontr\u00e9 con un club ordenado y la verdad muchas ganas de seguir mejorando, creciendo y formando jugadores\u201d, fueron sus primeras palabras.<\/p>\n<p>\u201cEn formativas todos queremos ganar. Me traen para seguir formando chicos, jugadores y personas. Despu\u00e9s iremos posicion\u00e1ndonos y veremos para que estamos\u201d, aclarando Greatti a su vez que \u201cbuscaremos entre todos los entrenadores, desde el minib\u00e1squet hasta la Primera, tener una misma linea de trabajo entre todos los que trabajamos en el club; lo fundamental es el desarrollo del chico\u201d, finaliz\u00f3.<\/p>\n<p><strong>\u201cTenemos mucho para dar este a\u00f1o\u201d<br \/>\n<\/strong>Por su parte, otro de los entrenadores que vuelve a tener la confianza de Cune es Manuel R\u00edos, quien est\u00e1 al frente del minib\u00e1squet (junto a Walter Bravo) y del U13 y U15, tambi\u00e9n celebr\u00f3 el arranque de este 2024. \u201cLas expectativas siempre son las mejores. Cune es un club muy lindo, que viene trabajando muy bien estos \u00faltimos a\u00f1os con Santiago Acu\u00f1a a la cabeza, apostando nuevamente este a\u00f1o a un gran staff de entrenadores para la formaci\u00f3n de los chicos y el profesor Sergio Almir\u00f3n en la parte f\u00edsica; pienso que tenemos mucho por dar este a\u00f1o\u201d.<\/p>\n<p><strong>\u201cAcrecentar el n\u00famero de chicos\u201d<br \/>\n<\/strong>Adem\u00e1s, una de las apuestas de Cune este a\u00f1o, en el minib\u00e1squet, es la incorporaci\u00f3n de Walter Bravo, quien por supuesto es amplio conocedor y formador de los m\u00e1s peque\u00f1os y en este 2024 asumir\u00e1 el desaf\u00edo de conducir a los m\u00e1s peque\u00f1os. \u201cLa idea con la cual llego a Cune es la de acrecentar el n\u00famero de chicos, es decir aumentar la cantidad de minibasquistas, lo cual nos va a favorecer a futuro en categor\u00edas formativas\u201d.<\/p>\n<p>\u201cPor otra parte, la idea tambi\u00e9n es crear un sentido de pertenencia de los chicos con la instituci\u00f3n y que no suceda, como viene sucediendo, que a una determinada edad en formativas, los chicos abandonan la pr\u00e1ctica del deporte o se van a otros clubes, entonces tenemos como objetivos del grupo de entrenadores crear las condiciones y los incentivos para que los chicos se desarrollen y permanezcan en la instituci\u00f3n desde el minib\u00e1squet hasta Primera\u201d.<\/p>\n<p><strong>\u201cEstamos muy predispuestos y confiados\u201d<br \/>\n<\/strong>Por \u00faltimo, uno de los puntos altos y jugadores experimentados de la Primera de Cune es Juan Ignacio Godeas, quien vuelve a decir presente en la instituci\u00f3n capitalina, en el cual afirm\u00f3 que \u201carranco este a\u00f1o con las expectativas de entrenarme para sacar lo mejor de m\u00ed y ayudar a mis compa\u00f1eros; nuestras metas son no solo mantener, sino mejorar nuestra performance\u201d.<\/p>\n<p>\u201cCon el un nuevo entrenador, Marcos Greatti, quien va a buscar sacar lo mejor de nosotros, estamos muy predispuestos y confiados que con entrenamiento y trabajo vamos a ser m\u00e1s competitivos que el a\u00f1o pasado\u201d, finaliz\u00f3 Godeas.<\/p>\n<p>&nbsp;<\/p>\n","protected":false},"excerpt":{"rendered":"<p>En el marco del arranque de este 2024, el Club Universitario del Nordeste (Cune) vuelve a presentar un gran caudal de chicos, desde el minib\u00e1squet hasta las formativas y por supuesto con la Primera como frutilla del postre buscando continuar creciendo y posicion\u00e1ndose en el b\u00e1squet provincial. Asimismo, la instituci\u00f3n ofrece una gran infraestructura, con &hellip;<\/p>\n","protected":false},"author":3,"featured_media":5389,"comment_status":"open","ping_status":"open","sticky":false,"template":"","format":"standard","meta":{"footnotes":""},"categories":[3],"tags":[],"class_list":["post-5388","post","type-post","status-publish","format-standard","has-post-thumbnail","hentry","category-basquetbol"],"_links":{"self":[{"href":"https:\/\/www.sportchaco.com.ar\/index.php?rest_route=\/wp\/v2\/posts\/5388","targetHints":{"allow":["GET"]}}],"collection":[{"href":"https:\/\/www.sportchaco.com.ar\/index.php?rest_route=\/wp\/v2\/posts"}],"about":[{"href":"https:\/\/www.sportchaco.com.ar\/index.php?rest_route=\/wp\/v2\/types\/post"}],"author":[{"embeddable":true,"href":"https:\/\/www.sportchaco.com.ar\/index.php?rest_route=\/wp\/v2\/users\/3"}],"replies":[{"embeddable":true,"href":"https:\/\/www.sportchaco.com.ar\/index.php?rest_route=%2Fwp%2Fv2%2Fcomments&post=5388"}],"version-history":[{"count":1,"href":"https:\/\/www.sportchaco.com.ar\/index.php?rest_route=\/wp\/v2\/posts\/5388\/revisions"}],"predecessor-version":[{"id":5390,"href":"https:\/\/www.sportchaco.com.ar\/index.php?rest_route=\/wp\/v2\/posts\/5388\/revisions\/5390"}],"wp:featuredmedia":[{"embeddable":true,"href":"https:\/\/www.sportchaco.com.ar\/index.php?rest_route=\/wp\/v2\/media\/5389"}],"wp:attachment":[{"href":"https:\/\/www.sportchaco.com.ar\/index.php?rest_route=%2Fwp%2Fv2%2Fmedia&parent=5388"}],"wp:term":[{"taxonomy":"category","embeddable":true,"href":"https:\/\/www.sportchaco.com.ar\/index.php?rest_route=%2Fwp%2Fv2%2Fcategories&post=5388"},{"taxonomy":"post_tag","embeddable":true,"href":"https:\/\/www.sportchaco.com.ar\/index.php?rest_route=%2Fwp%2Fv2%2Ftags&post=5388"}],"curies":[{"name":"wp","href":"https:\/\/api.w.org\/{rel}","templated":true}]}}