{"id":5406,"date":"2024-02-04T07:43:49","date_gmt":"2024-02-04T10:43:49","guid":{"rendered":"https:\/\/www.sportchaco.com.ar\/?p=5406"},"modified":"2024-03-11T10:51:36","modified_gmt":"2024-03-11T13:51:36","slug":"villa-libertad-comenzo-a-trabajar-en-minibasquet-y-formativas","status":"publish","type":"post","link":"https:\/\/www.sportchaco.com.ar\/?p=5406","title":{"rendered":"Villa Libertad comenz\u00f3 a trabajar en minib\u00e1squet y formativas"},"content":{"rendered":"<p>04-02-2024<\/p>\n<p>Villa Libertad inici\u00f3 el pasado 1 de febrero todo el b\u00e1squet con el que cuenta la instituci\u00f3n, desde el minib\u00e1squet hasta las formativas, teniendo grandes expectativas y muchas ganas de seguir con el \u00e9xito de a\u00f1os anteriores.<\/p>\n<p>El staff de entrenadores estar\u00e1 a cargo, desde minib\u00e1squet hasta formativas con los profesores Jos\u00e9 Antonio Valant , Bel\u00e9n Ojeda y Jos\u00e9 Daniel Valant.<\/p>\n<p>Cabe se\u00f1alar que este club barrial que tiene como presidente a Manuel Gomez, no es un club solamente deportivo, sino tambi\u00e9n que es social y que viene creciendo a pasos agigantados en la disciplina del b\u00e1squet.<\/p>\n<p>\u201cEl objetivo principal es tener nuestro techo para que nuestros chicos, que son muchos, tengan un lugar m\u00e1s confortable.para entrenar, ya que con las temperaturas que tenemos se acortan los tiempos de entrenamientos\u201d, expres\u00f3 el entrenador e impulsor principal de que el b\u00e1squet est\u00e9 en Villa Libertad, Jos\u00e9 Valant.<\/p>\n<p><img loading=\"lazy\" decoding=\"async\" class=\"alignnone  wp-image-6573 aligncenter\" src=\"https:\/\/www.sportchaco.com.ar\/wp-content\/uploads\/2024\/03\/AVISO1-1-300x50.jpeg\" alt=\"\" width=\"480\" height=\"80\" srcset=\"https:\/\/www.sportchaco.com.ar\/wp-content\/uploads\/2024\/03\/AVISO1-1-300x50.jpeg 300w, https:\/\/www.sportchaco.com.ar\/wp-content\/uploads\/2024\/03\/AVISO1-1-1024x171.jpeg 1024w, https:\/\/www.sportchaco.com.ar\/wp-content\/uploads\/2024\/03\/AVISO1-1-768x129.jpeg 768w, https:\/\/www.sportchaco.com.ar\/wp-content\/uploads\/2024\/03\/AVISO1-1.jpeg 1201w\" sizes=\"auto, (max-width: 480px) 100vw, 480px\" \/><\/p>\n<p>\u201cLo m\u00e1s importante es la pasi\u00f3n que le ponemos los profesores , dirigentes y padres para poner a Villa Libertad en lo m\u00e1s alto del b\u00e1squet capitalino y con mucho apoyo de la Asociaci\u00f3n de B\u00e1squet de Resistencia (ABR), a quien agradecemos a su presidente Rodrigo Ocampo y a todos sus integrantes\u201d, finaliz\u00f3 Valant.<\/p>\n","protected":false},"excerpt":{"rendered":"<p>04-02-2024 Villa Libertad inici\u00f3 el pasado 1 de febrero todo el b\u00e1squet con el que cuenta la instituci\u00f3n, desde el minib\u00e1squet hasta las formativas, teniendo grandes expectativas y muchas ganas de seguir con el \u00e9xito de a\u00f1os anteriores. El staff de entrenadores estar\u00e1 a cargo, desde minib\u00e1squet hasta formativas con los profesores Jos\u00e9 Antonio Valant &hellip;<\/p>\n","protected":false},"author":3,"featured_media":5407,"comment_status":"open","ping_status":"open","sticky":false,"template":"","format":"standard","meta":{"footnotes":""},"categories":[3],"tags":[],"class_list":["post-5406","post","type-post","status-publish","format-standard","has-post-thumbnail","hentry","category-basquetbol"],"_links":{"self":[{"href":"https:\/\/www.sportchaco.com.ar\/index.php?rest_route=\/wp\/v2\/posts\/5406","targetHints":{"allow":["GET"]}}],"collection":[{"href":"https:\/\/www.sportchaco.com.ar\/index.php?rest_route=\/wp\/v2\/posts"}],"about":[{"href":"https:\/\/www.sportchaco.com.ar\/index.php?rest_route=\/wp\/v2\/types\/post"}],"author":[{"embeddable":true,"href":"https:\/\/www.sportchaco.com.ar\/index.php?rest_route=\/wp\/v2\/users\/3"}],"replies":[{"embeddable":true,"href":"https:\/\/www.sportchaco.com.ar\/index.php?rest_route=%2Fwp%2Fv2%2Fcomments&post=5406"}],"version-history":[{"count":2,"href":"https:\/\/www.sportchaco.com.ar\/index.php?rest_route=\/wp\/v2\/posts\/5406\/revisions"}],"predecessor-version":[{"id":6768,"href":"https:\/\/www.sportchaco.com.ar\/index.php?rest_route=\/wp\/v2\/posts\/5406\/revisions\/6768"}],"wp:featuredmedia":[{"embeddable":true,"href":"https:\/\/www.sportchaco.com.ar\/index.php?rest_route=\/wp\/v2\/media\/5407"}],"wp:attachment":[{"href":"https:\/\/www.sportchaco.com.ar\/index.php?rest_route=%2Fwp%2Fv2%2Fmedia&parent=5406"}],"wp:term":[{"taxonomy":"category","embeddable":true,"href":"https:\/\/www.sportchaco.com.ar\/index.php?rest_route=%2Fwp%2Fv2%2Fcategories&post=5406"},{"taxonomy":"post_tag","embeddable":true,"href":"https:\/\/www.sportchaco.com.ar\/index.php?rest_route=%2Fwp%2Fv2%2Ftags&post=5406"}],"curies":[{"name":"wp","href":"https:\/\/api.w.org\/{rel}","templated":true}]}}