{"id":5439,"date":"2024-02-05T10:29:48","date_gmt":"2024-02-05T13:29:48","guid":{"rendered":"https:\/\/www.sportchaco.com.ar\/?p=5439"},"modified":"2024-02-05T10:29:48","modified_gmt":"2024-02-05T13:29:48","slug":"la-final-de-la-copa-mundial-de-la-fifa-2026-se-disputara-en-nueva-york-nueva-jersey","status":"publish","type":"post","link":"https:\/\/www.sportchaco.com.ar\/?p=5439","title":{"rendered":"La final de la Copa Mundial de la FIFA 2026\u2122 se disputar\u00e1 en Nueva York Nueva Jersey"},"content":{"rendered":"<table class=\"m_3198312168835083585email__container--main\" border=\"0\" width=\"600px\" cellspacing=\"0\" cellpadding=\"0\" align=\"center\">\n<tbody>\n<tr>\n<td bgcolor=\"#ffffff\">\n<div align=\"left\">\n<div>\n<p align=\"center\"><strong>La final de la Copa Mundial de la FIFA 2026\u2122 se disputar\u00e1 en Nueva York Nueva Jersey y Ciudad de M\u00e9xico albergar\u00e1 un hist\u00f3rico partido inaugural<\/strong><\/p>\n<ul>\n<li><i>La final de la Copa Mundial de la FIFA 2026\u2122 tendr\u00e1 lugar el domingo, 19 de julio de 2026 en Nueva York Nueva Jersey, y el torneo dar\u00e1 comienzo en el emblem\u00e1tico Estadio Azteca de Ciudad de M\u00e9xico el jueves, 11 de junio de 2026<\/i><i><\/i><\/li>\n<li><i>Toronto (Canad\u00e1), Ciudad de M\u00e9xico (M\u00e9xico) y Los \u00c1ngeles (Estados Unidos) albergar\u00e1n el debut de sus respectivas selecciones nacionales<\/i><\/li>\n<li><i>El innovador calendario se ha dise\u00f1ado para minimizar los desplazamientos de los equipos y aficionados, y para dar prioridad al descanso y la recuperaci\u00f3n de los jugadores a lo largo de la competici\u00f3n<\/i><i><\/i><\/li>\n<\/ul>\n<p><i>\u00a0<\/i>La FIFA ha presentado el calendario de la Copa Mundial de la FIFA 2026\u2122, cuya final se disputar\u00e1 en Nueva York Nueva Jersey el domingo, 19 de julio de 2026 y que comenzar\u00e1 en el emblem\u00e1tico Estadio Azteca de Ciudad de M\u00e9xico el jueves, 11 de junio de 2026 con un partido en el que participar\u00e1 la selecci\u00f3n mexicana.<\/p>\n<p>Igual que M\u00e9xico, las selecciones de Canad\u00e1 y Estados Unidos disputar\u00e1n en casa sus tres partidos de la fase de grupos. Canad\u00e1 iniciar\u00e1 su andadura mundialista en Toronto, el viernes, 12 de junio de 2026, y Estados Unidos har\u00e1 lo propio ese mismo d\u00eda, en Los \u00c1ngeles.<\/p>\n<p>El calendario de partidos se anunci\u00f3 en directo el domingo, y puede consultarse en\u00a0<a href=\"https:\/\/extranets.fifa.com\/Public\/MailClickTrackingHandler.ashx?id=2252657_es&amp;name=mOCBhvApfTTRpIhOWrK0bH1A3%2bG1%2fpeN&amp;target=f%2baONvpNyUdzIOUUMQ3%2bDzf7ygS%2bL7eufjmCYEgLgxcjJ4IFZZGBtVfs5QUWzlEvX86AM%2baudgXwu8Vm4ca5WGxM4jeGVqohA2HsxfbhrCY%3d\" target=\"_blank\" rel=\"noopener\" data-saferedirecturl=\"https:\/\/www.google.com\/url?q=https:\/\/extranets.fifa.com\/Public\/MailClickTrackingHandler.ashx?id%3D2252657_es%26name%3DmOCBhvApfTTRpIhOWrK0bH1A3%252bG1%252fpeN%26target%3Df%252baONvpNyUdzIOUUMQ3%252bDzf7ygS%252bL7eufjmCYEgLgxcjJ4IFZZGBtVfs5QUWzlEvX86AM%252baudgXwu8Vm4ca5WGxM4jeGVqohA2HsxfbhrCY%253d&amp;source=gmail&amp;ust=1707225614792000&amp;usg=AOvVaw3euNjLQMSsIIDz5WRrCWvF\"><u><\/u>FIFA.com y FIFA+<u><\/u><\/a>, adem\u00e1s de en este\u00a0<a title=\"Match Schedule\" href=\"https:\/\/extranets.fifa.com\/Public\/MailClickTrackingHandler.ashx?id=2252657_es&amp;name=qREZoDKAQ48%3d&amp;target=f%2baONvpNyUcZLRsDoHyaLVZURT41xA%2bIxPEF8fVsOdo%2fo0fy%2b66M7iT%2fVOqkmH99kq3iH4CM1l%2bC9ZCuLyK%2bpvTPspTjHq%2b%2fU2Dr9VN3m7FWGDfxhwejc7XmJb%2b6RyD5uzt6m5K%2fiOy27paelwOMxAOBxEoC3ZTC0XAJGivZPH6ZCPxFa84IVmaD5JfWTfO%2bt6c5pCjd36TlwVN08tq9jl7KiLDWTprl1bbeUZO9bi7StUEtBJU2vOhnNKttzHuV9yhTQuLzviwECCI5CGtGLnQcfp8ngoJE8scy3M80fEDYR8geZFBDUSS5o4WWbz730W5mXL4IhYlze%2bp7YzzgAGdz9SXcNq75II9QFEqpIzlnx%2bMyRPM7FB5h565Hc9669r2wDVM7pizgUsoYA%2bVwVpzr%2fd2f8Qs6OqXgNoKyCWO0%2bMLDetknAHh9p%2feG%2bkUQKnJZgm2TW8S%2fBD1M2CdIDWMsmKsdaY%2b9eDmS9YYfZfoeGDt3D%2fzmZrU3e8Ha3AP1uBWNiKlMaHweXJ2noZPstbxOnNcI7n%2bIo0xA8HsKJOjm9XOsKBbVRcjgMrMGZT8lkTXL%2b%2bWdWgwoe1ThYNcOfcb0fXYn7GFk5QkRpdBgQNQNtDYKIQzrZg%3d%3d\" target=\"_blank\" rel=\"noopener\" data-saferedirecturl=\"https:\/\/www.google.com\/url?q=https:\/\/extranets.fifa.com\/Public\/MailClickTrackingHandler.ashx?id%3D2252657_es%26name%3DqREZoDKAQ48%253d%26target%3Df%252baONvpNyUcZLRsDoHyaLVZURT41xA%252bIxPEF8fVsOdo%252fo0fy%252b66M7iT%252fVOqkmH99kq3iH4CM1l%252bC9ZCuLyK%252bpvTPspTjHq%252b%252fU2Dr9VN3m7FWGDfxhwejc7XmJb%252b6RyD5uzt6m5K%252fiOy27paelwOMxAOBxEoC3ZTC0XAJGivZPH6ZCPxFa84IVmaD5JfWTfO%252bt6c5pCjd36TlwVN08tq9jl7KiLDWTprl1bbeUZO9bi7StUEtBJU2vOhnNKttzHuV9yhTQuLzviwECCI5CGtGLnQcfp8ngoJE8scy3M80fEDYR8geZFBDUSS5o4WWbz730W5mXL4IhYlze%252bp7YzzgAGdz9SXcNq75II9QFEqpIzlnx%252bMyRPM7FB5h565Hc9669r2wDVM7pizgUsoYA%252bVwVpzr%252fd2f8Qs6OqXgNoKyCWO0%252bMLDetknAHh9p%252feG%252bkUQKnJZgm2TW8S%252fBD1M2CdIDWMsmKsdaY%252b9eDmS9YYfZfoeGDt3D%252fzmZrU3e8Ha3AP1uBWNiKlMaHweXJ2noZPstbxOnNcI7n%252bIo0xA8HsKJOjm9XOsKBbVRcjgMrMGZT8lkTXL%252b%252bWdWgwoe1ThYNcOfcb0fXYn7GFk5QkRpdBgQNQNtDYKIQzrZg%253d%253d&amp;source=gmail&amp;ust=1707225614792000&amp;usg=AOvVaw17-_b-e8d6FJnuwsMgQrBQ\"><u><\/u>enlace<u><\/u><\/a>.<\/p>\n<p>Gianni Infantino, presidente de la FIFA, ha declarado lo siguiente: \u00abLa edici\u00f3n m\u00e1s inclusiva y con mayor repercusi\u00f3n de la Copa Mundial de la FIFA ha dejado de ser un sue\u00f1o para convertirse en una realidad que posibilitar\u00e1 la disputa de 104\u00a0partidos en 16\u00a0modernos estadios de Canad\u00e1, M\u00e9xico y Estados Unidos. Desde el encuentro inaugural en el emblem\u00e1tico Estadio Azteca hasta la espectacular final en Nueva York Nueva Jersey, se ha tenido muy presentes a los jugadores y aficionados a la hora de planificar de forma minuciosa este revolucionario torneo\u00bb.<\/p>\n<p>\u00abMe gustar\u00eda dar las gracias a nuestros tres pa\u00edses anfitriones y a nuestras 16\u00a0sedes por su compromiso inquebrantable en la organizaci\u00f3n de una Copa Mundial de la FIFA que no solo est\u00e1 llamada a batir numerosos r\u00e9cords, sino que tambi\u00e9n dejar\u00e1 un legado imborrable\u00bb, ha a\u00f1adido.<\/p>\n<p>Por su parte, Victor Montagliani, vicepresidente de la FIFA y presidente de la Concacaf, ha declarado lo siguiente: \u00abLa Copa Mundial de la FIFA 2026\u2122 marcar\u00e1 un antes y un despu\u00e9s en la historia del f\u00fatbol y supondr\u00e1 un tremendo impulso para su desarrollo en nuestra regi\u00f3n y en el resto del planeta. Aunque cada una de las ciudades anfitrionas es \u00fanica, todas tienen algo en com\u00fan: su pasi\u00f3n por el f\u00fatbol y su deseo de recibir al mundo entero en junio y julio de 2026\u00bb.<\/p>\n<p>El innovador calendario del torneo contribuir\u00e1 a minimizar los desplazamientos de los equipos y aficionados, y a aumentar al m\u00e1ximo el n\u00famero de d\u00edas de descanso entre partidos. Elaborado en consultas con grupos de inter\u00e9s clave, incluidos seleccionadores y directores t\u00e9cnicos, aumentar\u00e1, adem\u00e1s, las posibilidades de que se juegue al f\u00fatbol en las mejores condiciones posibles y propiciar\u00e1 que los aficionados cubran menores distancias para seguir a su selecci\u00f3n.<\/p>\n<p>Los emparejamientos y el horario de los partidos se confirmar\u00e1n una vez realizado el sorteo final, previsto para finales de 2025.<\/p>\n<p><img decoding=\"async\" class=\"CToWUd\" src=\"https:\/\/ci3.googleusercontent.com\/meips\/ADKq_NapuPLuJm3liA1KW7tiVDMMQZap_v4tyktYEpy9JjNDqs3dKPK82aLeHN_5KSaz4pUC6YNvsulQbXz4PdUEftaWctUtqLe2qEKdl5qNa8U5ZK-6ged9XQDY_Wew7wwfzYhL0RQqwXu-w_EDlVdpHP8rm_ENt3cqcGnEN0oxfvCHoHJt9BrWIwMoedg5xVhMyF4O5bu-mlBzewAJWEjO0nrv26pgKafDGhp6RoNSNrhjgvv2xunC-JttVgbJnZolrHq1qWjzWcmQPfAL9tPTPZyVLePUtBAQKvUqLKrRbW37E8KVztfSixpUBI3K8QH0y5Wqs_gm33LCI3nwl925WjU=s0-d-e1-ft#https:\/\/extranets.fifa.com\/Public\/MailContentHandler.ashx?key=HCx5q8avyz4dn9Fv9T_ZPuiOTI1AZz2ThUiK5dxbZT6kCbzCj_RKzTGzY8OI3THU6FLgeomjEu5Jp-tk8CPQM9DG7Od2EP_KfyB46RqGhZLOMi67AQ9Yf4AMTHlq_lJ0gDZ4R7w1v4pUII2Sm13r1LkaILapU5Vf63C1QnLE8iI\" alt=\"Schedule Graphic\" width=\"560\" height=\"auto\" data-bit=\"iit\" \/><\/p>\n<p><strong>Resumen del calendario de la Copa Mundial de la FIFA 2026\u2122:\u00a0<\/strong><\/p>\n<ul>\n<li>La Copa Mundial de la FIFA 2026\u2122 dar\u00e1 comienzo en el emblem\u00e1tico Estadio Azteca de Ciudad de M\u00e9xico, el jueves, 11 de junio de 2026. Por su parte, la final se disputar\u00e1 el domingo, 19 de julio en \u00a0Nueva York Nueva Jersey.<\/li>\n<li>Toronto (Canad\u00e1), Ciudad de M\u00e9xico (M\u00e9xico) y Los \u00c1ngeles (Estados Unidos) albergar\u00e1n el debut de sus respectivas selecciones nacionales.<\/li>\n<li>Canad\u00e1, M\u00e9xico y Estados Unidos tienen garantizado disputar sus tres partidos de la fase de grupos ante su p\u00fablico. Guadalajara, Vancouver y Seattle tambi\u00e9n han sido seleccionadas para acoger partidos de los pa\u00edses anfitriones durante dicha fase.<\/li>\n<li>Miami acoger\u00e1 la final de bronce, mientras que Dallas y Atlanta ser\u00e1n las sedes de las esperadas semifinales. Por su parte, Dallas albergar\u00e1 9\u00a0partidos, m\u00e1s que cualquier otra ciudad anfitriona.<\/li>\n<li>El innovador dise\u00f1o del calendario garantiza que los equipos tengan tres d\u00edas de descanso de cara a 103 de los 104 partidos del torneo. La mayor\u00eda de los encuentros se concentrar\u00e1n en las regiones este, centro y oeste, para ahorrar desplazamientos tanto a las selecciones como a los aficionados.<\/li>\n<li><strong>Fase de grupos:<\/strong>\n<ul>\n<li>Durante la primera jornada del torneo se disputar\u00e1n dos encuentros: el partido inaugural de la competici\u00f3n en Ciudad de M\u00e9xico y un partido en Guadalajara.<\/li>\n<li>En la segunda jornada se jugar\u00e1n dos partidos: uno de la selecci\u00f3n de Canad\u00e1 y otro del combinado estadounidense.<\/li>\n<li>Cada una de las cuatro \u00faltimas jornadas de la fase de grupos constar\u00e1 de seis partidos. Los encuentros pertenecientes a un mismo grupo se disputar\u00e1n de forma simult\u00e1nea, a fin de velar por la integridad de la competici\u00f3n.<\/li>\n<li>Todas las dem\u00e1s jornadas de la fase de grupos constar\u00e1n de cuatro partidos diarios en otras tantas franjas horarias.<\/li>\n<li>El Estadio Azteca de Ciudad de M\u00e9xico pasar\u00e1 a la historia de la Copa Mundial de la FIFA\u2122 al ser el primero en albergar el partido inaugural en tres ocasiones.<\/li>\n<li>Canad\u00e1 acoger\u00e1 su primer Mundial, con lo que complementar\u00e1 su amplia experiencia como organizadora de importantes torneos femeninos y juveniles de la FIFA, incluida la exitosa Copa Mundial Femenina de la FIFA 2015\u2122.<\/li>\n<li>Estados Unidos albergar\u00e1 la Copa Mundial de la FIFA\u2122 por segunda vez, despu\u00e9s de la hist\u00f3rica edici\u00f3n de 1994.<\/li>\n<li>Los seguidores ya pueden inscribirse en\u00a0<a href=\"https:\/\/extranets.fifa.com\/Public\/MailClickTrackingHandler.ashx?id=2252657_es&amp;name=KzQcDwhaWc0O6IuuqctkIn1A3%2bG1%2fpeN&amp;target=f%2baONvpNyUd6Q4r8MEyh6ZWb50wh0ZDk%2fJgToSMD5H4O6IuuqctkIn1A3%2bG1%2fpeN\" target=\"_blank\" rel=\"noopener\" data-saferedirecturl=\"https:\/\/www.google.com\/url?q=https:\/\/extranets.fifa.com\/Public\/MailClickTrackingHandler.ashx?id%3D2252657_es%26name%3DKzQcDwhaWc0O6IuuqctkIn1A3%252bG1%252fpeN%26target%3Df%252baONvpNyUd6Q4r8MEyh6ZWb50wh0ZDk%252fJgToSMD5H4O6IuuqctkIn1A3%252bG1%252fpeN&amp;source=gmail&amp;ust=1707225614792000&amp;usg=AOvVaw0U7TEiG8CTHiVlnj1HB39v\"><u><\/u>fifa.com\/tickets<u><\/u><\/a>\u00a0para obtener m\u00e1s informaci\u00f3n sobre las entradas del Mundial. Adem\u00e1s, tambi\u00e9n es posible registrarse para recibir informaci\u00f3n sobre los paquetes de servicios preferentes en\u00a0<a href=\"https:\/\/extranets.fifa.com\/Public\/MailClickTrackingHandler.ashx?id=2252657_es&amp;name=KzQcDwhaWc1jc3Sl0tCckts6ElIR929V&amp;target=f%2baONvpNyUd6Q4r8MEyh6ZWb50wh0ZDk%2fJgToSMD5H5FWppbR8UuJvoOqom%2f7fEj67ZVREqp36JcFce3FD3RZgexMS2SRO0UyotmssttJS%2fImU%2b8VJ31ghZ4itvZ%2bJ5w0PBVdD1YAVcew7aBFqXPmQ%3d%3d\" target=\"_blank\" rel=\"noopener\" data-saferedirecturl=\"https:\/\/www.google.com\/url?q=https:\/\/extranets.fifa.com\/Public\/MailClickTrackingHandler.ashx?id%3D2252657_es%26name%3DKzQcDwhaWc1jc3Sl0tCckts6ElIR929V%26target%3Df%252baONvpNyUd6Q4r8MEyh6ZWb50wh0ZDk%252fJgToSMD5H5FWppbR8UuJvoOqom%252f7fEj67ZVREqp36JcFce3FD3RZgexMS2SRO0UyotmssttJS%252fImU%252b8VJ31ghZ4itvZ%252bJ5w0PBVdD1YAVcew7aBFqXPmQ%253d%253d&amp;source=gmail&amp;ust=1707225614792000&amp;usg=AOvVaw0H0S8ue7MoIZ4xD1lVjiyS\"><u><\/u>fifa.com\/hospitality<u><\/u><\/a>.<\/li>\n<\/ul>\n<\/li>\n<\/ul>\n<p>Para obtener m\u00e1s informaci\u00f3n sobre el calendario de partidos, consulten el siguiente documento.\u00a0<a href=\"https:\/\/extranets.fifa.com\/Public\/MailClickTrackingHandler.ashx?id=2252657_es&amp;name=UgzZsJ8vl98%3d&amp;target=f%2baONvpNyUe87uYRU66maQqUZSxw9saE7JmGaqehLUpZNTT0An3Y3J2wQX69XQi9NWSyZ2T3vs4E71XaMy6O9H2dqXqfpOr6\" target=\"_blank\" rel=\"noopener\" data-saferedirecturl=\"https:\/\/www.google.com\/url?q=https:\/\/extranets.fifa.com\/Public\/MailClickTrackingHandler.ashx?id%3D2252657_es%26name%3DUgzZsJ8vl98%253d%26target%3Df%252baONvpNyUe87uYRU66maQqUZSxw9saE7JmGaqehLUpZNTT0An3Y3J2wQX69XQi9NWSyZ2T3vs4E71XaMy6O9H2dqXqfpOr6&amp;source=gmail&amp;ust=1707225614792000&amp;usg=AOvVaw1WXZfzXxyJKXY4RJooboOE\"><u><\/u>Aqu\u00ed<u><\/u><\/a>\u00a0tambi\u00e9n puede encontrar material adicional para uso editorial.<\/p>\n<\/div>\n<\/div>\n<\/td>\n<\/tr>\n<tr>\n<td bgcolor=\"#ffffff\"><\/td>\n<\/tr>\n<\/tbody>\n<\/table>\n","protected":false},"excerpt":{"rendered":"<p>La final de la Copa Mundial de la FIFA 2026\u2122 se disputar\u00e1 en Nueva York Nueva Jersey y Ciudad de M\u00e9xico albergar\u00e1 un hist\u00f3rico partido inaugural La final de la Copa Mundial de la FIFA 2026\u2122 tendr\u00e1 lugar el domingo, 19 de julio de 2026 en Nueva York Nueva Jersey, y el torneo dar\u00e1 comienzo &hellip;<\/p>\n","protected":false},"author":2,"featured_media":5440,"comment_status":"open","ping_status":"open","sticky":false,"template":"","format":"standard","meta":{"footnotes":""},"categories":[6],"tags":[],"class_list":["post-5439","post","type-post","status-publish","format-standard","has-post-thumbnail","hentry","category-internacionales"],"_links":{"self":[{"href":"https:\/\/www.sportchaco.com.ar\/index.php?rest_route=\/wp\/v2\/posts\/5439","targetHints":{"allow":["GET"]}}],"collection":[{"href":"https:\/\/www.sportchaco.com.ar\/index.php?rest_route=\/wp\/v2\/posts"}],"about":[{"href":"https:\/\/www.sportchaco.com.ar\/index.php?rest_route=\/wp\/v2\/types\/post"}],"author":[{"embeddable":true,"href":"https:\/\/www.sportchaco.com.ar\/index.php?rest_route=\/wp\/v2\/users\/2"}],"replies":[{"embeddable":true,"href":"https:\/\/www.sportchaco.com.ar\/index.php?rest_route=%2Fwp%2Fv2%2Fcomments&post=5439"}],"version-history":[{"count":1,"href":"https:\/\/www.sportchaco.com.ar\/index.php?rest_route=\/wp\/v2\/posts\/5439\/revisions"}],"predecessor-version":[{"id":5441,"href":"https:\/\/www.sportchaco.com.ar\/index.php?rest_route=\/wp\/v2\/posts\/5439\/revisions\/5441"}],"wp:featuredmedia":[{"embeddable":true,"href":"https:\/\/www.sportchaco.com.ar\/index.php?rest_route=\/wp\/v2\/media\/5440"}],"wp:attachment":[{"href":"https:\/\/www.sportchaco.com.ar\/index.php?rest_route=%2Fwp%2Fv2%2Fmedia&parent=5439"}],"wp:term":[{"taxonomy":"category","embeddable":true,"href":"https:\/\/www.sportchaco.com.ar\/index.php?rest_route=%2Fwp%2Fv2%2Fcategories&post=5439"},{"taxonomy":"post_tag","embeddable":true,"href":"https:\/\/www.sportchaco.com.ar\/index.php?rest_route=%2Fwp%2Fv2%2Ftags&post=5439"}],"curies":[{"name":"wp","href":"https:\/\/api.w.org\/{rel}","templated":true}]}}