{"id":5488,"date":"2024-02-06T19:01:11","date_gmt":"2024-02-06T22:01:11","guid":{"rendered":"https:\/\/www.sportchaco.com.ar\/?p=5488"},"modified":"2024-02-06T19:01:11","modified_gmt":"2024-02-06T22:01:11","slug":"quedo-suspendida-la-reunion-del-automovilismo-con-el-gobernador-zdero","status":"publish","type":"post","link":"https:\/\/www.sportchaco.com.ar\/?p=5488","title":{"rendered":"Qued\u00f3 suspendida la reuni\u00f3n del automovilismo con el gobernador Zdero"},"content":{"rendered":"<p>La reuni\u00f3n que este martes deb\u00edan mantener directivos de la Federaci\u00f3n Chaque\u00f1a de Automovilismo Deportivo con el gobernador Leandro Zdero y con el intendente de S\u00e1enz Pe\u00f1a, Bruno Cipolini, debi\u00f3 ser suspendida por imprevistos surgidos en la agenda oficial del mandatario chaque\u00f1o.<\/p>\n<p>La intenci\u00f3n era analizar la situaci\u00f3n de esta disciplina en la provincia y definir c\u00f3mo encarar la nueva temporada. El c\u00f3nclave iba a tener lugar en las instalaciones del Club Social, donde el mandatario chaque\u00f1o y el de la Termal iban a escuchar\u00a0a los referentes del automovilismo encabezados por An\u00edbal \u00c1lvarez, presidente de la FChAD, acompa\u00f1ado por otros dirigentes de clubes tuercas.<\/p>\n<p>Cabe recordar que el campeonato de la temporada 2023 debi\u00f3 interrumpirse abruptamente, luego de cinco fechas, por no contar con circuitos d\u00f3nde poder continuar con el calendario de competencias. La falta de agua para acondicionar los trazados de tierra y la destrucci\u00f3n del aut\u00f3dromo de Resistencia por parte del entonces intendente Gustavo Mart\u00ednez, dejaron al Chaco sin escenario posible.<\/p>\n<p>Seg\u00fan inform\u00f3 desde el \u00e1rea de comunicaciones, el gobernador Leandro Zdero debi\u00f3 interrumpir la agenda que ten\u00eda prevista cumplir en S\u00e1enz Pe\u00f1a entre hoy y ma\u00f1ana por un viaje urgente que debe realizar a Buenos Aires. Se estima que la nueva fecha de la reuni\u00f3n podr\u00eda ser el jueves o viernes.<\/p>\n<p><em><strong>Fuente:<\/strong> Eco Deportivo<\/em><\/p>\n","protected":false},"excerpt":{"rendered":"<p>La reuni\u00f3n que este martes deb\u00edan mantener directivos de la Federaci\u00f3n Chaque\u00f1a de Automovilismo Deportivo con el gobernador Leandro Zdero y con el intendente de S\u00e1enz Pe\u00f1a, Bruno Cipolini, debi\u00f3 ser suspendida por imprevistos surgidos en la agenda oficial del mandatario chaque\u00f1o. La intenci\u00f3n era analizar la situaci\u00f3n de esta disciplina en la provincia y &hellip;<\/p>\n","protected":false},"author":3,"featured_media":5489,"comment_status":"open","ping_status":"open","sticky":false,"template":"","format":"standard","meta":{"footnotes":""},"categories":[2],"tags":[],"class_list":["post-5488","post","type-post","status-publish","format-standard","has-post-thumbnail","hentry","category-automovilismo"],"_links":{"self":[{"href":"https:\/\/www.sportchaco.com.ar\/index.php?rest_route=\/wp\/v2\/posts\/5488","targetHints":{"allow":["GET"]}}],"collection":[{"href":"https:\/\/www.sportchaco.com.ar\/index.php?rest_route=\/wp\/v2\/posts"}],"about":[{"href":"https:\/\/www.sportchaco.com.ar\/index.php?rest_route=\/wp\/v2\/types\/post"}],"author":[{"embeddable":true,"href":"https:\/\/www.sportchaco.com.ar\/index.php?rest_route=\/wp\/v2\/users\/3"}],"replies":[{"embeddable":true,"href":"https:\/\/www.sportchaco.com.ar\/index.php?rest_route=%2Fwp%2Fv2%2Fcomments&post=5488"}],"version-history":[{"count":1,"href":"https:\/\/www.sportchaco.com.ar\/index.php?rest_route=\/wp\/v2\/posts\/5488\/revisions"}],"predecessor-version":[{"id":5490,"href":"https:\/\/www.sportchaco.com.ar\/index.php?rest_route=\/wp\/v2\/posts\/5488\/revisions\/5490"}],"wp:featuredmedia":[{"embeddable":true,"href":"https:\/\/www.sportchaco.com.ar\/index.php?rest_route=\/wp\/v2\/media\/5489"}],"wp:attachment":[{"href":"https:\/\/www.sportchaco.com.ar\/index.php?rest_route=%2Fwp%2Fv2%2Fmedia&parent=5488"}],"wp:term":[{"taxonomy":"category","embeddable":true,"href":"https:\/\/www.sportchaco.com.ar\/index.php?rest_route=%2Fwp%2Fv2%2Fcategories&post=5488"},{"taxonomy":"post_tag","embeddable":true,"href":"https:\/\/www.sportchaco.com.ar\/index.php?rest_route=%2Fwp%2Fv2%2Ftags&post=5488"}],"curies":[{"name":"wp","href":"https:\/\/api.w.org\/{rel}","templated":true}]}}