{"id":5544,"date":"2024-02-07T19:30:00","date_gmt":"2024-02-07T22:30:00","guid":{"rendered":"https:\/\/www.sportchaco.com.ar\/?p=5544"},"modified":"2024-03-05T23:01:01","modified_gmt":"2024-03-06T02:01:01","slug":"santiago-ojeda-es-el-nuevo-coordinador-de-divisiones-inferiores-de-for-ever","status":"publish","type":"post","link":"https:\/\/www.sportchaco.com.ar\/?p=5544","title":{"rendered":"Santiago Ojeda es el nuevo coordinador de divisiones inferiores de For Ever"},"content":{"rendered":"<p>07-02-2024<\/p>\n<p>&nbsp;<\/p>\n<p>Chaco For Ever confirm\u00f3 la llegada de un viejo conocido de la casa. Santiago Ojeda ser\u00e1 el nuevo coordinador de las divisiones inferiores del f\u00fatbol forevista, abarcando desde la sexta hasta la primera divisi\u00f3n.<\/p>\n<p>&nbsp;<\/p>\n<p><img loading=\"lazy\" decoding=\"async\" class=\"alignnone size-medium wp-image-6472\" src=\"https:\/\/www.sportchaco.com.ar\/wp-content\/uploads\/2024\/03\/Feb-5-300x29.jpeg\" alt=\"\" width=\"300\" height=\"29\" srcset=\"https:\/\/www.sportchaco.com.ar\/wp-content\/uploads\/2024\/03\/Feb-5-300x29.jpeg 300w, https:\/\/www.sportchaco.com.ar\/wp-content\/uploads\/2024\/03\/Feb-5-1024x98.jpeg 1024w, https:\/\/www.sportchaco.com.ar\/wp-content\/uploads\/2024\/03\/Feb-5-768x73.jpeg 768w, https:\/\/www.sportchaco.com.ar\/wp-content\/uploads\/2024\/03\/Feb-5-1536x147.jpeg 1536w, https:\/\/www.sportchaco.com.ar\/wp-content\/uploads\/2024\/03\/Feb-5.jpeg 1600w\" sizes=\"auto, (max-width: 300px) 100vw, 300px\" \/><\/p>\n<p>\u00abTengo muchas expectativas con este nuevo proyecto\u201d comenz\u00f3 diciendo Ojeda, quien explic\u00f3 que las divisiones formativas estar\u00e1n dividas bajo la comandancia de dos coordinadores, siendo Carlos Su\u00e1rez el encargado de las categor\u00edas menores, desde escuelita hasta la s\u00e9ptima divisi\u00f3n.<\/p>\n<p>En este contexto, el \u00abpela\u00bb detall\u00f3 que \u00abEl primer objetivo de este trabajo es la organizaci\u00f3n y el trabajo en conjunto con los profes, para arrancar una buena pretemporada el 15 de febrero e ir logrando el funcionamiento de las divisiones inferiores\u00bb<\/p>\n<p>La nueva apuesta de la Comisi\u00f3n Directiva, tiene como prioridad el surgimiento de jugadores formados en el club, motivo por el cual se espera que los chicos, a partir de la quinta divisi\u00f3n, puedan sumar minutos de juego en las categor\u00edas mayores del torneo local para lograr el crecimiento necesario.<\/p>\n<p>Adem\u00e1s, el DT y profesor de educaci\u00f3n f\u00edsica, explic\u00f3 que se trabajar\u00e1 fuertemente en el sentido de pertenencia de los j\u00f3venes, de manera que exista un compromiso real y respetuoso de cara a lo que se viene. \u201cEl principal objetivo es lograr el sentido de pertenencia de cada chico, que se sientan identificados con la instituci\u00f3n\u00bb confes\u00f3.<\/p>\n<p>Asimismo, aclar\u00f3 que el grupo de profesores cumplir\u00e1 con un trabajo de contenci\u00f3n y acompa\u00f1amiento, entendiendo que, m\u00e1s all\u00e1 de lo futbol\u00edstico, se deber\u00e1 cumplir con un rol social dentro y fuera de las canchas.<\/p>\n<p><img loading=\"lazy\" decoding=\"async\" class=\"alignnone size-medium wp-image-6459\" src=\"https:\/\/www.sportchaco.com.ar\/wp-content\/uploads\/2024\/03\/Feb-1-300x250.jpeg\" alt=\"\" width=\"300\" height=\"250\" srcset=\"https:\/\/www.sportchaco.com.ar\/wp-content\/uploads\/2024\/03\/Feb-1-300x250.jpeg 300w, https:\/\/www.sportchaco.com.ar\/wp-content\/uploads\/2024\/03\/Feb-1-1024x854.jpeg 1024w, https:\/\/www.sportchaco.com.ar\/wp-content\/uploads\/2024\/03\/Feb-1-768x640.jpeg 768w, https:\/\/www.sportchaco.com.ar\/wp-content\/uploads\/2024\/03\/Feb-1.jpeg 1250w\" sizes=\"auto, (max-width: 300px) 100vw, 300px\" \/><\/p>\n","protected":false},"excerpt":{"rendered":"<p>07-02-2024 &nbsp; Chaco For Ever confirm\u00f3 la llegada de un viejo conocido de la casa. Santiago Ojeda ser\u00e1 el nuevo coordinador de las divisiones inferiores del f\u00fatbol forevista, abarcando desde la sexta hasta la primera divisi\u00f3n. &nbsp; \u00abTengo muchas expectativas con este nuevo proyecto\u201d comenz\u00f3 diciendo Ojeda, quien explic\u00f3 que las divisiones formativas estar\u00e1n dividas &hellip;<\/p>\n","protected":false},"author":3,"featured_media":5545,"comment_status":"open","ping_status":"open","sticky":false,"template":"","format":"standard","meta":{"footnotes":""},"categories":[5],"tags":[],"class_list":["post-5544","post","type-post","status-publish","format-standard","has-post-thumbnail","hentry","category-futbol"],"_links":{"self":[{"href":"https:\/\/www.sportchaco.com.ar\/index.php?rest_route=\/wp\/v2\/posts\/5544","targetHints":{"allow":["GET"]}}],"collection":[{"href":"https:\/\/www.sportchaco.com.ar\/index.php?rest_route=\/wp\/v2\/posts"}],"about":[{"href":"https:\/\/www.sportchaco.com.ar\/index.php?rest_route=\/wp\/v2\/types\/post"}],"author":[{"embeddable":true,"href":"https:\/\/www.sportchaco.com.ar\/index.php?rest_route=\/wp\/v2\/users\/3"}],"replies":[{"embeddable":true,"href":"https:\/\/www.sportchaco.com.ar\/index.php?rest_route=%2Fwp%2Fv2%2Fcomments&post=5544"}],"version-history":[{"count":2,"href":"https:\/\/www.sportchaco.com.ar\/index.php?rest_route=\/wp\/v2\/posts\/5544\/revisions"}],"predecessor-version":[{"id":6491,"href":"https:\/\/www.sportchaco.com.ar\/index.php?rest_route=\/wp\/v2\/posts\/5544\/revisions\/6491"}],"wp:featuredmedia":[{"embeddable":true,"href":"https:\/\/www.sportchaco.com.ar\/index.php?rest_route=\/wp\/v2\/media\/5545"}],"wp:attachment":[{"href":"https:\/\/www.sportchaco.com.ar\/index.php?rest_route=%2Fwp%2Fv2%2Fmedia&parent=5544"}],"wp:term":[{"taxonomy":"category","embeddable":true,"href":"https:\/\/www.sportchaco.com.ar\/index.php?rest_route=%2Fwp%2Fv2%2Fcategories&post=5544"},{"taxonomy":"post_tag","embeddable":true,"href":"https:\/\/www.sportchaco.com.ar\/index.php?rest_route=%2Fwp%2Fv2%2Ftags&post=5544"}],"curies":[{"name":"wp","href":"https:\/\/api.w.org\/{rel}","templated":true}]}}