{"id":5562,"date":"2024-02-08T18:34:42","date_gmt":"2024-02-08T21:34:42","guid":{"rendered":"https:\/\/www.sportchaco.com.ar\/?p=5562"},"modified":"2024-02-08T18:34:42","modified_gmt":"2024-02-08T21:34:42","slug":"osella-prueba-para-el-debut-de-local-de-for-ever","status":"publish","type":"post","link":"https:\/\/www.sportchaco.com.ar\/?p=5562","title":{"rendered":"Osella prueba para el debut de local de For Ever"},"content":{"rendered":"<p>For Ever entren\u00f3 por la ma\u00f1ana y Diego Osella ensay\u00f3 una pr\u00e1ctica de f\u00fatbol para empezar a definir el equipo que este domingo recibir\u00e1 a Gimnasia de Mendoza en el \u00abJuan Alberto Garc\u00eda\u00bb.<\/p>\n<p>Dicho encuentro, que ir\u00e1 desde las 19 horas, marcar\u00e1 el debut del \u00abalbinegro\u00bb de local en la zona B de la Primera Nacional.<\/p>\n<p>En cuanto a lo deportivo el DT prob\u00f3 con un nuevo sistema, dejando atr\u00e1s el 4-1-4-1 del debut en Salta, y eligi\u00f3 uno m\u00e1s tradicional como el 4-4-2.<\/p>\n<p>Para dicho dibujo t\u00e1ctico hubo tres modificaciones; Milton Leyendeker (con un golpe en el tobillo) fue reemplazado por el uruguayo Mathias Silvera, con lo cual Maximiliano Romero fue de primer marcador central.<\/p>\n<p>De mitad de cancha para adelante Gonzalo Lucero se meter\u00eda de titular en reemplazo de Alan Sombra y Genaro Rossi (quien se sum\u00f3 al plantel en los \u00faltimos d\u00edas) acompa\u00f1ar\u00eda a Jonathan Dellarossa y quien saldr\u00eda del 11 ser\u00eda Franco Perinciolo.<\/p>\n<p>De esta manera el equipo quedar\u00eda con Kevin Larrea; Agust\u00edn Bellone, Maximiliano Romero, Mathias Silvera y Lucas Kruspzky; Javier Iritier, Brian Nievas, Daniel Gonz\u00e1lez y Gonzalo Lucero; Jonathan Dellarossa y Genaro Rossi.<\/p>\n","protected":false},"excerpt":{"rendered":"<p>For Ever entren\u00f3 por la ma\u00f1ana y Diego Osella ensay\u00f3 una pr\u00e1ctica de f\u00fatbol para empezar a definir el equipo que este domingo recibir\u00e1 a Gimnasia de Mendoza en el \u00abJuan Alberto Garc\u00eda\u00bb. Dicho encuentro, que ir\u00e1 desde las 19 horas, marcar\u00e1 el debut del \u00abalbinegro\u00bb de local en la zona B de la Primera &hellip;<\/p>\n","protected":false},"author":3,"featured_media":5563,"comment_status":"open","ping_status":"open","sticky":false,"template":"","format":"standard","meta":{"footnotes":""},"categories":[5],"tags":[],"class_list":["post-5562","post","type-post","status-publish","format-standard","has-post-thumbnail","hentry","category-futbol"],"_links":{"self":[{"href":"https:\/\/www.sportchaco.com.ar\/index.php?rest_route=\/wp\/v2\/posts\/5562","targetHints":{"allow":["GET"]}}],"collection":[{"href":"https:\/\/www.sportchaco.com.ar\/index.php?rest_route=\/wp\/v2\/posts"}],"about":[{"href":"https:\/\/www.sportchaco.com.ar\/index.php?rest_route=\/wp\/v2\/types\/post"}],"author":[{"embeddable":true,"href":"https:\/\/www.sportchaco.com.ar\/index.php?rest_route=\/wp\/v2\/users\/3"}],"replies":[{"embeddable":true,"href":"https:\/\/www.sportchaco.com.ar\/index.php?rest_route=%2Fwp%2Fv2%2Fcomments&post=5562"}],"version-history":[{"count":1,"href":"https:\/\/www.sportchaco.com.ar\/index.php?rest_route=\/wp\/v2\/posts\/5562\/revisions"}],"predecessor-version":[{"id":5564,"href":"https:\/\/www.sportchaco.com.ar\/index.php?rest_route=\/wp\/v2\/posts\/5562\/revisions\/5564"}],"wp:featuredmedia":[{"embeddable":true,"href":"https:\/\/www.sportchaco.com.ar\/index.php?rest_route=\/wp\/v2\/media\/5563"}],"wp:attachment":[{"href":"https:\/\/www.sportchaco.com.ar\/index.php?rest_route=%2Fwp%2Fv2%2Fmedia&parent=5562"}],"wp:term":[{"taxonomy":"category","embeddable":true,"href":"https:\/\/www.sportchaco.com.ar\/index.php?rest_route=%2Fwp%2Fv2%2Fcategories&post=5562"},{"taxonomy":"post_tag","embeddable":true,"href":"https:\/\/www.sportchaco.com.ar\/index.php?rest_route=%2Fwp%2Fv2%2Ftags&post=5562"}],"curies":[{"name":"wp","href":"https:\/\/api.w.org\/{rel}","templated":true}]}}