{"id":5584,"date":"2024-02-09T18:30:55","date_gmt":"2024-02-09T21:30:55","guid":{"rendered":"https:\/\/www.sportchaco.com.ar\/?p=5584"},"modified":"2024-02-09T18:30:55","modified_gmt":"2024-02-09T21:30:55","slug":"finalmente-el-automovilismo-chaqueno-contara-con-el-apoyo-del-gobierno-chaqueno","status":"publish","type":"post","link":"https:\/\/www.sportchaco.com.ar\/?p=5584","title":{"rendered":"Finalmente el automovilismo chaque\u00f1o contar\u00e1 con el apoyo del gobierno chaque\u00f1o"},"content":{"rendered":"<p>El anuncio lo realiz\u00f3 ante los propios directivos y pilotos, que asistieron a la reuni\u00f3n concretada en el Club Social de S\u00e1enz Pe\u00f1a.<\/p>\n<p>El c\u00f3nclave fue encabezado por el mandatario provincial, junto con el presidente del Instituto del Deporte Chaque\u00f1o, Fabio V\u00e1zquez, y el director de Vialidad Provincial, Omar Canela. De anfitri\u00f3n ofici\u00f3 el intendente Bruno Cipolini, acompa\u00f1ado por el Secretario de Deportes Germ\u00e1n Rearte, y la diputada Silvina Canteros Reiser.<\/p>\n<p>Por la Federaci\u00f3n Chaque\u00f1a de Automovilismo Deportivo hubo varios directivos, con el presidente An\u00edbal \u00c1lvarez como referente, y dirigentes de distintos clubes que componen esta entidad, entre quienes estuvieron Edgardo Reguera de APICH y Felipe Cavalaro del Charata Auto Club. Tambi\u00e9n asistieron los integrantes de la Asociaci\u00f3n Chaque\u00f1a de Karting en Tierra.<\/p>\n<p>Los referentes del automovilismo y el karting coincidieron en remarcar el movimiento econ\u00f3mico en distintos rubros que generan los campeonatos en cada poblaci\u00f3n, y anunciaron que en marzo comenzar\u00edan las actividades. De hecho, el 2 y 3 de ese mes se correr\u00e1 la primera fecha del karting en Santa Sylvina.<\/p>\n<p>Teniendo en cuenta los costos y las dificultades que representa preparar un circuito en el interior, fue un\u00e1nime el pedido de acompa\u00f1amiento de Vialidad Provincial, cuesti\u00f3n que fue aceptada por el gobernador. A la par, Zdero se comprometi\u00f3 a mantener contacto con Loter\u00eda Chaque\u00f1a para definir un apoyo adicional.<\/p>\n<p>El balance ha sido muy satisfactorio y sirvi\u00f3 como puntapi\u00e9 inicial para trabajar de manera coordinada y cumplir con una temporada medianamente previsible, aunque l\u00f3gicamente supeditada al factor clim\u00e1tico y a la existencia de reservorios con agua para poder iniciar.<\/p>\n<p><strong>El \u201cYaco\u201d Guarnieri, por ahora sin avances<\/strong><\/p>\n<p>Al ser consultado sobre la posibilidad de reiniciar las obras en el aut\u00f3dromo Santiago \u201cYaco\u201d Guarnieri de Resistencia, el gobernador Leandro Zdero fue realista al sostener que \u201ces muy dif\u00edcil poder activarlo en las actuales condiciones del municipio\u201d.<\/p>\n<p>Expuso en tal sentido que la cuesti\u00f3n financiera y administrativa de la comuna capitalina es \u201cdesastrosa\u201d y que tiene serias dificultades para abonar los sueldos y solicitar cr\u00e9ditos, por una inhibici\u00f3n que pesa por incumplimiento de la intendencia de Gustavo Mart\u00ednez.<\/p>\n<p>De todas maneras, aunque no fue a modo de anuncio ni con certezas, sostuvo que podr\u00edan analizarse algunas alternativas para que el aut\u00f3dromo vuelva a manos de la provincia, y desde ah\u00ed poder encarar algunas mejoras b\u00e1sicas, fundamentalmente en la pista.<\/p>\n<p><em><strong>Fuente:<\/strong> Eco Deportivo<\/em><\/p>\n","protected":false},"excerpt":{"rendered":"<p>El anuncio lo realiz\u00f3 ante los propios directivos y pilotos, que asistieron a la reuni\u00f3n concretada en el Club Social de S\u00e1enz Pe\u00f1a. El c\u00f3nclave fue encabezado por el mandatario provincial, junto con el presidente del Instituto del Deporte Chaque\u00f1o, Fabio V\u00e1zquez, y el director de Vialidad Provincial, Omar Canela. De anfitri\u00f3n ofici\u00f3 el intendente &hellip;<\/p>\n","protected":false},"author":3,"featured_media":5585,"comment_status":"open","ping_status":"open","sticky":false,"template":"","format":"standard","meta":{"footnotes":""},"categories":[2],"tags":[],"class_list":["post-5584","post","type-post","status-publish","format-standard","has-post-thumbnail","hentry","category-automovilismo"],"_links":{"self":[{"href":"https:\/\/www.sportchaco.com.ar\/index.php?rest_route=\/wp\/v2\/posts\/5584","targetHints":{"allow":["GET"]}}],"collection":[{"href":"https:\/\/www.sportchaco.com.ar\/index.php?rest_route=\/wp\/v2\/posts"}],"about":[{"href":"https:\/\/www.sportchaco.com.ar\/index.php?rest_route=\/wp\/v2\/types\/post"}],"author":[{"embeddable":true,"href":"https:\/\/www.sportchaco.com.ar\/index.php?rest_route=\/wp\/v2\/users\/3"}],"replies":[{"embeddable":true,"href":"https:\/\/www.sportchaco.com.ar\/index.php?rest_route=%2Fwp%2Fv2%2Fcomments&post=5584"}],"version-history":[{"count":1,"href":"https:\/\/www.sportchaco.com.ar\/index.php?rest_route=\/wp\/v2\/posts\/5584\/revisions"}],"predecessor-version":[{"id":5586,"href":"https:\/\/www.sportchaco.com.ar\/index.php?rest_route=\/wp\/v2\/posts\/5584\/revisions\/5586"}],"wp:featuredmedia":[{"embeddable":true,"href":"https:\/\/www.sportchaco.com.ar\/index.php?rest_route=\/wp\/v2\/media\/5585"}],"wp:attachment":[{"href":"https:\/\/www.sportchaco.com.ar\/index.php?rest_route=%2Fwp%2Fv2%2Fmedia&parent=5584"}],"wp:term":[{"taxonomy":"category","embeddable":true,"href":"https:\/\/www.sportchaco.com.ar\/index.php?rest_route=%2Fwp%2Fv2%2Fcategories&post=5584"},{"taxonomy":"post_tag","embeddable":true,"href":"https:\/\/www.sportchaco.com.ar\/index.php?rest_route=%2Fwp%2Fv2%2Ftags&post=5584"}],"curies":[{"name":"wp","href":"https:\/\/api.w.org\/{rel}","templated":true}]}}