{"id":5587,"date":"2024-02-09T21:17:29","date_gmt":"2024-02-10T00:17:29","guid":{"rendered":"https:\/\/www.sportchaco.com.ar\/?p=5587"},"modified":"2024-02-09T21:17:29","modified_gmt":"2024-02-10T00:17:29","slug":"el-dt-joselo-fernandez-regreso-a-regional","status":"publish","type":"post","link":"https:\/\/www.sportchaco.com.ar\/?p=5587","title":{"rendered":"El DT \u00abJoselo\u00bb Fern\u00e1ndez regres\u00f3 a Regional"},"content":{"rendered":"<p>Regional acaba de confirmar el regreso de Jos\u00e9 Manuel Fern\u00e1ndez a la direcci\u00f3n t\u00e9cnica del equipo de Villa Libertad.<\/p>\n<p>\u00abJoselo\u00bb tendr\u00e1 un ciclo m\u00e1s en el \u00abexpreso\u00bb en el cual, en su \u00faltimo paso le dio el t\u00edtulo de campe\u00f3n 2022. Adem\u00e1s, fue el t\u00e9cnico que logr\u00f3 devolverlo a Primera tras su a\u00f1o por la segunda divisi\u00f3n de la Liga Chaque\u00f1a de F\u00fatbol.<\/p>\n<p>El experimentado DT viene de dirigir en Resistencia Central donde tambi\u00e9n dio una vuelta ol\u00edmpica tras conseguir el torneo Federativo.<\/p>\n<p>En est\u00e1 nueva incursi\u00f3n por Regional, Fern\u00e1ndez estar\u00e1 acompa\u00f1ado por Rodolfo Ben\u00edtez como ayudante de campo, y en la Tercera Divisi\u00f3n estar\u00e1 Edgardo Arce como DT.<\/p>\n<p>La presentaci\u00f3n del cuerpo t\u00e9cnico completo se dar\u00e1 junto al inicio de la pretemporada el pr\u00f3ximo 19 de febrero.<\/p>\n","protected":false},"excerpt":{"rendered":"<p>Regional acaba de confirmar el regreso de Jos\u00e9 Manuel Fern\u00e1ndez a la direcci\u00f3n t\u00e9cnica del equipo de Villa Libertad. \u00abJoselo\u00bb tendr\u00e1 un ciclo m\u00e1s en el \u00abexpreso\u00bb en el cual, en su \u00faltimo paso le dio el t\u00edtulo de campe\u00f3n 2022. Adem\u00e1s, fue el t\u00e9cnico que logr\u00f3 devolverlo a Primera tras su a\u00f1o por la &hellip;<\/p>\n","protected":false},"author":3,"featured_media":5588,"comment_status":"open","ping_status":"open","sticky":false,"template":"","format":"standard","meta":{"footnotes":""},"categories":[5],"tags":[],"class_list":["post-5587","post","type-post","status-publish","format-standard","has-post-thumbnail","hentry","category-futbol"],"_links":{"self":[{"href":"https:\/\/www.sportchaco.com.ar\/index.php?rest_route=\/wp\/v2\/posts\/5587","targetHints":{"allow":["GET"]}}],"collection":[{"href":"https:\/\/www.sportchaco.com.ar\/index.php?rest_route=\/wp\/v2\/posts"}],"about":[{"href":"https:\/\/www.sportchaco.com.ar\/index.php?rest_route=\/wp\/v2\/types\/post"}],"author":[{"embeddable":true,"href":"https:\/\/www.sportchaco.com.ar\/index.php?rest_route=\/wp\/v2\/users\/3"}],"replies":[{"embeddable":true,"href":"https:\/\/www.sportchaco.com.ar\/index.php?rest_route=%2Fwp%2Fv2%2Fcomments&post=5587"}],"version-history":[{"count":1,"href":"https:\/\/www.sportchaco.com.ar\/index.php?rest_route=\/wp\/v2\/posts\/5587\/revisions"}],"predecessor-version":[{"id":5589,"href":"https:\/\/www.sportchaco.com.ar\/index.php?rest_route=\/wp\/v2\/posts\/5587\/revisions\/5589"}],"wp:featuredmedia":[{"embeddable":true,"href":"https:\/\/www.sportchaco.com.ar\/index.php?rest_route=\/wp\/v2\/media\/5588"}],"wp:attachment":[{"href":"https:\/\/www.sportchaco.com.ar\/index.php?rest_route=%2Fwp%2Fv2%2Fmedia&parent=5587"}],"wp:term":[{"taxonomy":"category","embeddable":true,"href":"https:\/\/www.sportchaco.com.ar\/index.php?rest_route=%2Fwp%2Fv2%2Fcategories&post=5587"},{"taxonomy":"post_tag","embeddable":true,"href":"https:\/\/www.sportchaco.com.ar\/index.php?rest_route=%2Fwp%2Fv2%2Ftags&post=5587"}],"curies":[{"name":"wp","href":"https:\/\/api.w.org\/{rel}","templated":true}]}}