{"id":5590,"date":"2024-02-11T00:09:55","date_gmt":"2024-02-11T03:09:55","guid":{"rendered":"https:\/\/www.sportchaco.com.ar\/?p=5590"},"modified":"2024-02-09T23:17:29","modified_gmt":"2024-02-10T02:17:29","slug":"efemerides-del-11de-febrero","status":"publish","type":"post","link":"https:\/\/www.sportchaco.com.ar\/?p=5590","title":{"rendered":"Efem\u00e9rides del 11de febrero"},"content":{"rendered":"<p><strong>Esta es la Efem\u00e9rides del Deporte en el Chaco de un 11 de febrero del periodista Luis Dar\u00edo Molodezky.<\/strong><\/p>\n<p><img loading=\"lazy\" decoding=\"async\" class=\"alignnone size-medium wp-image-5497\" src=\"https:\/\/www.sportchaco.com.ar\/wp-content\/uploads\/2024\/02\/Molodezky-luis-sin-anteojos-249x300.jpg\" alt=\"\" width=\"249\" height=\"300\" srcset=\"https:\/\/www.sportchaco.com.ar\/wp-content\/uploads\/2024\/02\/Molodezky-luis-sin-anteojos-249x300.jpg 249w, https:\/\/www.sportchaco.com.ar\/wp-content\/uploads\/2024\/02\/Molodezky-luis-sin-anteojos.jpg 417w\" sizes=\"auto, (max-width: 249px) 100vw, 249px\" \/><\/p>\n<p><strong>1962 <\/strong>\/ Fecha de fundaci\u00f3n del Club Atl\u00e9tico Tucum\u00e1n, que por muchos a\u00f1os anim\u00f3 los torneos de la Liga Chaque\u00f1a de F\u00fatbol.<\/p>\n<p>&nbsp;<\/p>\n<p>1973 \/ Primera transmisi\u00f3n Internacional de LT 5 \u00abRadio Chaco\u00bb con elEquipo Acelerando de Automovilismo desde Interlagos Brasil. Encabezado por Eduardo Rub\u00e9n Ferreyra (Pirulo), con la participaci\u00f3n de Ricardo C\u00e1rdenas, Adolfo \u00abChichin\u00bb Carrara, Alfredo Flores y comerciales de \u00a0Eduardo Barrios Duran,\u00a0 En estudios Miguel Omar Retamoso y operador Jos\u00e9 Salvador\u00a0 Di Giussepe.<\/p>\n<p>&nbsp;<\/p>\n<p><strong>1980 <\/strong>\/ Los atletas chaque\u00f1os Guillermo Varas y Sebasti\u00e1n L\u00f3pez, son convocados para integrar el equipo juvenil argentino con miras al torneo sudamericano en Chile.<\/p>\n<p>&nbsp;<\/p>\n<p><strong>1983 <\/strong>\/ El joven Jos\u00e9 Podskoc es presentado por N\u00e9stor Lobera, Ram\u00f3n Gudi\u00f1o y Juan Kusmak, como nuevo entrenador de las divisiones inferiores de Uni\u00f3n Progresista.<\/p>\n<p>&nbsp;<\/p>\n<p><strong>2005 <\/strong>\/ Javier Osvaldo \u00c1lvarez se consagra campe\u00f3n Mundial s\u00faper Pluma de la Uni\u00f3n Mundial de Boxeo (UMB), al vencer por KO en el sexto asalto al cubano Michael G\u00f3mez, combate realizado en Manchester, Inglaterra.<\/p>\n<p>&nbsp;<\/p>\n<p>&nbsp;<\/p>\n<h3>Foto de la dur\u00edsima pelea en la que Javier Alvarez se consagra campe\u00f3n mundial de la UMB en Manchester. Foto Alamy.<\/h3>\n","protected":false},"excerpt":{"rendered":"<p>Esta es la Efem\u00e9rides del Deporte en el Chaco de un 11 de febrero del periodista Luis Dar\u00edo Molodezky. 1962 \/ Fecha de fundaci\u00f3n del Club Atl\u00e9tico Tucum\u00e1n, que por muchos a\u00f1os anim\u00f3 los torneos de la Liga Chaque\u00f1a de F\u00fatbol. &nbsp; 1973 \/ Primera transmisi\u00f3n Internacional de LT 5 \u00abRadio Chaco\u00bb con elEquipo Acelerando &hellip;<\/p>\n","protected":false},"author":2,"featured_media":5591,"comment_status":"open","ping_status":"open","sticky":false,"template":"","format":"standard","meta":{"footnotes":""},"categories":[45,32],"tags":[],"class_list":["post-5590","post","type-post","status-publish","format-standard","has-post-thumbnail","hentry","category-efemerides-dia-por-dia","category-febrero"],"_links":{"self":[{"href":"https:\/\/www.sportchaco.com.ar\/index.php?rest_route=\/wp\/v2\/posts\/5590","targetHints":{"allow":["GET"]}}],"collection":[{"href":"https:\/\/www.sportchaco.com.ar\/index.php?rest_route=\/wp\/v2\/posts"}],"about":[{"href":"https:\/\/www.sportchaco.com.ar\/index.php?rest_route=\/wp\/v2\/types\/post"}],"author":[{"embeddable":true,"href":"https:\/\/www.sportchaco.com.ar\/index.php?rest_route=\/wp\/v2\/users\/2"}],"replies":[{"embeddable":true,"href":"https:\/\/www.sportchaco.com.ar\/index.php?rest_route=%2Fwp%2Fv2%2Fcomments&post=5590"}],"version-history":[{"count":1,"href":"https:\/\/www.sportchaco.com.ar\/index.php?rest_route=\/wp\/v2\/posts\/5590\/revisions"}],"predecessor-version":[{"id":5592,"href":"https:\/\/www.sportchaco.com.ar\/index.php?rest_route=\/wp\/v2\/posts\/5590\/revisions\/5592"}],"wp:featuredmedia":[{"embeddable":true,"href":"https:\/\/www.sportchaco.com.ar\/index.php?rest_route=\/wp\/v2\/media\/5591"}],"wp:attachment":[{"href":"https:\/\/www.sportchaco.com.ar\/index.php?rest_route=%2Fwp%2Fv2%2Fmedia&parent=5590"}],"wp:term":[{"taxonomy":"category","embeddable":true,"href":"https:\/\/www.sportchaco.com.ar\/index.php?rest_route=%2Fwp%2Fv2%2Fcategories&post=5590"},{"taxonomy":"post_tag","embeddable":true,"href":"https:\/\/www.sportchaco.com.ar\/index.php?rest_route=%2Fwp%2Fv2%2Ftags&post=5590"}],"curies":[{"name":"wp","href":"https:\/\/api.w.org\/{rel}","templated":true}]}}