{"id":5612,"date":"2024-02-12T00:01:05","date_gmt":"2024-02-12T03:01:05","guid":{"rendered":"https:\/\/www.sportchaco.com.ar\/?p=5612"},"modified":"2024-02-10T22:58:47","modified_gmt":"2024-02-11T01:58:47","slug":"efemerides-del-12-de-febrero","status":"publish","type":"post","link":"https:\/\/www.sportchaco.com.ar\/?p=5612","title":{"rendered":"Efem\u00e9rides del 12 de febrero"},"content":{"rendered":"<p><strong>Esta es la Efem\u00e9rides del Deporte en el Chaco de un 12 de febrero del periodista Luis Dar\u00edo Molodezky.<\/strong><\/p>\n<p><img loading=\"lazy\" decoding=\"async\" class=\"alignnone size-medium wp-image-5497\" src=\"https:\/\/www.sportchaco.com.ar\/wp-content\/uploads\/2024\/02\/Molodezky-luis-sin-anteojos-249x300.jpg\" alt=\"\" width=\"249\" height=\"300\" srcset=\"https:\/\/www.sportchaco.com.ar\/wp-content\/uploads\/2024\/02\/Molodezky-luis-sin-anteojos-249x300.jpg 249w, https:\/\/www.sportchaco.com.ar\/wp-content\/uploads\/2024\/02\/Molodezky-luis-sin-anteojos.jpg 417w\" sizes=\"auto, (max-width: 249px) 100vw, 249px\" \/><\/p>\n<p><strong>1971 <\/strong>\/ Visita S\u00e1enz Pe\u00f1a el campe\u00f3n del mundo Carlos Monz\u00f3n, a pocos meses de lograr la corona ante Nino Benvenutti en Roma. Realiza una exhibici\u00f3n frente al rosarino Rub\u00e9n Gonz\u00e1lez y cen\u00f3 en el restaurant del hotel Asturias junto a Am\u00edlcar Brusa y rodeado del afecto de los aficionados.<\/p>\n<p><strong>1980 <\/strong>\/ Se conoce la sentencia de remate del club Central Norte Argentino, de su predio de Ameghino, Col\u00f3n, Franklin y avenida San Mart\u00edn, por una demanda de la Municipalidad de Resistencia y con fecha de ejecuci\u00f3n el 1 de marzo. La confirmaci\u00f3n fue realizada por el titular de la entidad ferroviaria Tom\u00e1s Norberto Soria<\/p>\n<p><strong>1982 \/<\/strong> El joven nadador chaque\u00f1o Santiago Gal\u00edndez (foto), se consagra campe\u00f3n del Torneo de Aguas Abiertas organizado por el club Regatas Corrientes, tras arribar segundo en el cruce entre la capital correntina y el puerto de Barranqueras. La competencia fue ganada por Marcos Ca\u00f1ete, que lo recibi\u00f3 en la l\u00ednea de sentencia con un abrazo, en el saludo al nuevo campe\u00f3n.<\/p>\n<p><img loading=\"lazy\" decoding=\"async\" class=\"alignnone size-medium wp-image-5614\" src=\"https:\/\/www.sportchaco.com.ar\/wp-content\/uploads\/2024\/02\/santiago-galindez-natacion-82-246x300.jpg\" alt=\"\" width=\"246\" height=\"300\" srcset=\"https:\/\/www.sportchaco.com.ar\/wp-content\/uploads\/2024\/02\/santiago-galindez-natacion-82-246x300.jpg 246w, https:\/\/www.sportchaco.com.ar\/wp-content\/uploads\/2024\/02\/santiago-galindez-natacion-82.jpg 463w\" sizes=\"auto, (max-width: 246px) 100vw, 246px\" \/><\/p>\n<p><strong>1986 <\/strong>\/ Fallece Hugo Arece, m\u00e9dico de profesi\u00f3n pero basquetbolista de alma, como jugador o dirigente de su querido Uni\u00f3n Progresista, de la Selecci\u00f3n de Villa \u00c1ngela y tambi\u00e9n de Chaco. La muerte lo sorprendi\u00f3 sirviendo a la comunidad, como intendente de su ciudad natal. Cuando estudiaba en C\u00f3rdoba fue dos veces campe\u00f3n con Universidad.<\/p>\n<h4>Colagge de Hugo Arece realizado por Julio Carauni<\/h4>\n<p>&nbsp;<\/p>\n<p>&nbsp;<\/p>\n","protected":false},"excerpt":{"rendered":"<p>Esta es la Efem\u00e9rides del Deporte en el Chaco de un 12 de febrero del periodista Luis Dar\u00edo Molodezky. 1971 \/ Visita S\u00e1enz Pe\u00f1a el campe\u00f3n del mundo Carlos Monz\u00f3n, a pocos meses de lograr la corona ante Nino Benvenutti en Roma. Realiza una exhibici\u00f3n frente al rosarino Rub\u00e9n Gonz\u00e1lez y cen\u00f3 en el restaurant &hellip;<\/p>\n","protected":false},"author":2,"featured_media":5613,"comment_status":"open","ping_status":"open","sticky":false,"template":"","format":"standard","meta":{"footnotes":""},"categories":[45,32],"tags":[],"class_list":["post-5612","post","type-post","status-publish","format-standard","has-post-thumbnail","hentry","category-efemerides-dia-por-dia","category-febrero"],"_links":{"self":[{"href":"https:\/\/www.sportchaco.com.ar\/index.php?rest_route=\/wp\/v2\/posts\/5612","targetHints":{"allow":["GET"]}}],"collection":[{"href":"https:\/\/www.sportchaco.com.ar\/index.php?rest_route=\/wp\/v2\/posts"}],"about":[{"href":"https:\/\/www.sportchaco.com.ar\/index.php?rest_route=\/wp\/v2\/types\/post"}],"author":[{"embeddable":true,"href":"https:\/\/www.sportchaco.com.ar\/index.php?rest_route=\/wp\/v2\/users\/2"}],"replies":[{"embeddable":true,"href":"https:\/\/www.sportchaco.com.ar\/index.php?rest_route=%2Fwp%2Fv2%2Fcomments&post=5612"}],"version-history":[{"count":1,"href":"https:\/\/www.sportchaco.com.ar\/index.php?rest_route=\/wp\/v2\/posts\/5612\/revisions"}],"predecessor-version":[{"id":5615,"href":"https:\/\/www.sportchaco.com.ar\/index.php?rest_route=\/wp\/v2\/posts\/5612\/revisions\/5615"}],"wp:featuredmedia":[{"embeddable":true,"href":"https:\/\/www.sportchaco.com.ar\/index.php?rest_route=\/wp\/v2\/media\/5613"}],"wp:attachment":[{"href":"https:\/\/www.sportchaco.com.ar\/index.php?rest_route=%2Fwp%2Fv2%2Fmedia&parent=5612"}],"wp:term":[{"taxonomy":"category","embeddable":true,"href":"https:\/\/www.sportchaco.com.ar\/index.php?rest_route=%2Fwp%2Fv2%2Fcategories&post=5612"},{"taxonomy":"post_tag","embeddable":true,"href":"https:\/\/www.sportchaco.com.ar\/index.php?rest_route=%2Fwp%2Fv2%2Ftags&post=5612"}],"curies":[{"name":"wp","href":"https:\/\/api.w.org\/{rel}","templated":true}]}}