{"id":5646,"date":"2024-02-11T22:39:13","date_gmt":"2024-02-12T01:39:13","guid":{"rendered":"https:\/\/www.sportchaco.com.ar\/?p=5646"},"modified":"2024-03-07T11:00:37","modified_gmt":"2024-03-07T14:00:37","slug":"murio-el-plusmarquista-mundial-de-maraton-kelvin-kiptum","status":"publish","type":"post","link":"https:\/\/www.sportchaco.com.ar\/?p=5646","title":{"rendered":"Muri\u00f3 el plusmarquista mundial de marat\u00f3n, Kelvin Kiptum"},"content":{"rendered":"<header>\n<div>\n<h1>11-02-2024<\/h1>\n<div>\n<p>El keniano de 24 a\u00f1os falleci\u00f3 en un accidente de tr\u00e1nsito, donde tambi\u00e9n perdi\u00f3 la vida su entrenador Gervais Hakizimana.<\/p>\n<\/div>\n<div class=\"meta\"><img loading=\"lazy\" decoding=\"async\" class=\"alignnone size-medium wp-image-6533\" src=\"https:\/\/www.sportchaco.com.ar\/wp-content\/uploads\/2024\/03\/aviso-clausula-gatilllo-acostado-300x50.jpg\" alt=\"\" width=\"300\" height=\"50\" srcset=\"https:\/\/www.sportchaco.com.ar\/wp-content\/uploads\/2024\/03\/aviso-clausula-gatilllo-acostado-300x50.jpg 300w, https:\/\/www.sportchaco.com.ar\/wp-content\/uploads\/2024\/03\/aviso-clausula-gatilllo-acostado-1024x171.jpg 1024w, https:\/\/www.sportchaco.com.ar\/wp-content\/uploads\/2024\/03\/aviso-clausula-gatilllo-acostado-768x128.jpg 768w, https:\/\/www.sportchaco.com.ar\/wp-content\/uploads\/2024\/03\/aviso-clausula-gatilllo-acostado.jpg 1200w\" sizes=\"auto, (max-width: 300px) 100vw, 300px\" \/><\/div>\n<\/div>\n<\/header>\n<section class=\"body\">\n<section class=\"content\">\n<div class=\"main-text\">\n<div class=\"social\">\n<div class=\"share\"><\/div>\n<\/div>\n<p>El mundo del atletismo se ti\u00f1e de luto tras la muerte del plusmarquista mundial de marat\u00f3n, Kelvin Kiptum, de 24 a\u00f1os, en un accidente de tr\u00e1nsito ocurrido en la ruta que une las ciudades de Eldortet y Kaptagat, ubicadas en el Valle del Rift, emblem\u00e1ticas por ser la zona en la que viven y entrenan la mayor\u00eda de los fondistas kenianos.<\/p>\n<div class=\" large m_image\">\n<figure><figcaption><strong>Foto: Kelvin Kiptum, el pasado 8 de octubre, cuando bati\u00f3 el r\u00e9cord mundial en el marat\u00f3n de Chicago.<\/strong><\/figcaption><\/figure>\n<\/div>\n<p>&nbsp;<\/p>\n<p>Los hechos, en los que tambi\u00e9n muri\u00f3 el entrenador del atleta, Gervais Hakizimana, se produjeron alrededor de las 23, seg\u00fan la polic\u00eda local, que tambi\u00e9n inform\u00f3 que el autom\u00f3vil, un Toyota Premio, lo conduc\u00eda el atleta.<\/p>\n<p>&nbsp;<\/p>\n<p>Un duro golpe para el mundo del deporte que, en octubre pasado, vibraba con Kiptum cuando consigui\u00f3 batir el r\u00e9cord mundial de Eliud Kipchoge en el marat\u00f3n de Chicago, donde consigui\u00f3 parar el cron\u00f3metro en 2:00:35 horas.<\/p>\n<p>&nbsp;<\/p>\n<p>Kiptum se encaminaba a bajar el umbral de las dos horas en los 42,195 kil\u00f3metros o, al menos, era el pron\u00f3stico en torno al fondista.<\/p>\n<p>&nbsp;<\/p>\n<p>Con 24 a\u00f1os, el atleta hab\u00eda corrido tres maratones, habiendo debutado en la de Valencia, en diciembre de 2022, siendo el debutante m\u00e1s r\u00e1pido de la historia con un tiempo de 2:01:53 horas.<\/p>\n<p>&nbsp;<\/p>\n<p>Ya en 2023 se llev\u00f3 la victoria en la marat\u00f3n de Londres donde consigui\u00f3 una marca de 2:01:25 horas, y finalmente en Chicago, donde realiz\u00f3 la mejor marca de la historia.<\/p>\n<div class=\" large m_image\">\n<figure><picture><source srcset=\"https:\/\/www.diarionorte.com\/content\/bucket\/1\/352441w750h500c.jpg.webp\" type=\"image\/webp\" media=\"(min-width: 640px)\" \/><source srcset=\"https:\/\/www.diarionorte.com\/content\/bucket\/1\/352441w440h293c.jpg.webp\" type=\"image\/webp\" media=\"(min-width: 300px)\" \/><source srcset=\"https:\/\/www.diarionorte.com\/content\/bucket\/1\/352441w750h500c.jpg\" media=\"(min-width: 300px)\" \/><img loading=\"lazy\" decoding=\"async\" class=\"pic\" src=\"https:\/\/www.diarionorte.com\/content\/bucket\/1\/352441w750h500c.jpg.webp\" alt=\"\" width=\"750\" height=\"500\" \/><\/picture><figcaption>El atleta keniano celebrando su marca de 2.00.35 con la cual bati\u00f3 el r\u00e9cord que ostentaba Eliud Kipchoge.<\/figcaption><\/figure>\n<\/div>\n<p>&nbsp;<\/p>\n<p>Estos datos evidencian su proyecci\u00f3n en la distancia y generaban altas expectativas para el verano europeo, cuando se deb\u00eda producir su debut representando a su pa\u00eds en las Olimp\u00edadas de Par\u00eds, donde hubiese participado junto a Eliud Kipchoge.<\/p>\n<p>&nbsp;<\/p>\n<p>\u00c9l mismo lo hab\u00eda anunciado al manifestar que era su sue\u00f1o: \u00abMi mente est\u00e1 en Par\u00eds 2024. Es mi sue\u00f1o, siempre tuve como gran aspiraci\u00f3n competir en los Juegos y espero tener la oportunidad de representar a mi pa\u00eds\u00bb. Esas fueron las palabras el keniano tras la gesta de Chicago. Fuente: Infobae<\/p>\n<p><img loading=\"lazy\" decoding=\"async\" class=\"alignnone size-medium wp-image-6482\" src=\"https:\/\/www.sportchaco.com.ar\/wp-content\/uploads\/2024\/03\/Feb-10-1-300x250.jpeg\" alt=\"\" width=\"300\" height=\"250\" srcset=\"https:\/\/www.sportchaco.com.ar\/wp-content\/uploads\/2024\/03\/Feb-10-1-300x250.jpeg 300w, https:\/\/www.sportchaco.com.ar\/wp-content\/uploads\/2024\/03\/Feb-10-1.jpeg 626w\" sizes=\"auto, (max-width: 300px) 100vw, 300px\" \/><\/p>\n<\/div>\n<\/section>\n<\/section>\n","protected":false},"excerpt":{"rendered":"<p>11-02-2024 El keniano de 24 a\u00f1os falleci\u00f3 en un accidente de tr\u00e1nsito, donde tambi\u00e9n perdi\u00f3 la vida su entrenador Gervais Hakizimana. El mundo del atletismo se ti\u00f1e de luto tras la muerte del plusmarquista mundial de marat\u00f3n, Kelvin Kiptum, de 24 a\u00f1os, en un accidente de tr\u00e1nsito ocurrido en la ruta que une las ciudades &hellip;<\/p>\n","protected":false},"author":2,"featured_media":5647,"comment_status":"open","ping_status":"open","sticky":false,"template":"","format":"standard","meta":{"footnotes":""},"categories":[63,6],"tags":[],"class_list":["post-5646","post","type-post","status-publish","format-standard","has-post-thumbnail","hentry","category-atletismo","category-internacionales"],"_links":{"self":[{"href":"https:\/\/www.sportchaco.com.ar\/index.php?rest_route=\/wp\/v2\/posts\/5646","targetHints":{"allow":["GET"]}}],"collection":[{"href":"https:\/\/www.sportchaco.com.ar\/index.php?rest_route=\/wp\/v2\/posts"}],"about":[{"href":"https:\/\/www.sportchaco.com.ar\/index.php?rest_route=\/wp\/v2\/types\/post"}],"author":[{"embeddable":true,"href":"https:\/\/www.sportchaco.com.ar\/index.php?rest_route=\/wp\/v2\/users\/2"}],"replies":[{"embeddable":true,"href":"https:\/\/www.sportchaco.com.ar\/index.php?rest_route=%2Fwp%2Fv2%2Fcomments&post=5646"}],"version-history":[{"count":3,"href":"https:\/\/www.sportchaco.com.ar\/index.php?rest_route=\/wp\/v2\/posts\/5646\/revisions"}],"predecessor-version":[{"id":6559,"href":"https:\/\/www.sportchaco.com.ar\/index.php?rest_route=\/wp\/v2\/posts\/5646\/revisions\/6559"}],"wp:featuredmedia":[{"embeddable":true,"href":"https:\/\/www.sportchaco.com.ar\/index.php?rest_route=\/wp\/v2\/media\/5647"}],"wp:attachment":[{"href":"https:\/\/www.sportchaco.com.ar\/index.php?rest_route=%2Fwp%2Fv2%2Fmedia&parent=5646"}],"wp:term":[{"taxonomy":"category","embeddable":true,"href":"https:\/\/www.sportchaco.com.ar\/index.php?rest_route=%2Fwp%2Fv2%2Fcategories&post=5646"},{"taxonomy":"post_tag","embeddable":true,"href":"https:\/\/www.sportchaco.com.ar\/index.php?rest_route=%2Fwp%2Fv2%2Ftags&post=5646"}],"curies":[{"name":"wp","href":"https:\/\/api.w.org\/{rel}","templated":true}]}}